{"id":94127,"date":"2025-01-21T10:22:13","date_gmt":"2025-01-21T10:22:13","guid":{"rendered":"https:\/\/tvbrazilusa.com\/2025\/01\/21\/%f0%9f%8c%b1-ouca-a-inspiradora-jornada-de-lucy-garcia-em-fort-myers\/"},"modified":"2025-01-21T10:36:23","modified_gmt":"2025-01-21T10:36:23","slug":"%f0%9f%8c%b1-ouca-a-inspiradora-jornada-de-lucy-garcia-em-fort-myers","status":"publish","type":"post","link":"https:\/\/tvbrazilusa.com\/pt\/2025\/01\/21\/%f0%9f%8c%b1-ouca-a-inspiradora-jornada-de-lucy-garcia-em-fort-myers\/","title":{"rendered":"\ud83c\udf31 Ou\u00e7a a inspiradora jornada de Lucy Garcia em Fort Myers"},"content":{"rendered":"<p> <script async src=\"https:\/\/pagead2.googlesyndication.com\/pagead\/js\/adsbygoogle.js?client=ca-pub-8864793242727901\"\r\n     crossorigin=\"anonymous\"><\/script><br \/>\n<\/p>\n<div>\n<p>Ol\u00e1, Fort Myers! Preparamos sua leitura matinal! Continue lendo para ficar conectado. \u2600\ufe0f <strong>No boletim informativo de hoje:<\/strong><\/p>\n<\/div>\n<div>\n<ul>\n<li>Ou\u00e7a a inspiradora jornada de Lucy Garcia em Fort Myers<\/li>\n<li>Conhe\u00e7a autores mais vendidos em Fort Myers<\/li>\n<li>Adolescente de Fort Myers supera doen\u00e7a cerebral rara<\/li>\n<\/ul>\n<p>Tamb\u00e9m no calend\u00e1rio de hoje: <strong>Discuss\u00e3o digital: a hist\u00f3ria do treinamento de primavera do Minnesota Twins <\/strong> e 12 outros eventos.<\/p>\n<p><em>Enigma de hoje:<\/em> O que a padeira disse quando encontrou a massa? \ud83e\udd14 Continue lendo para descobrir.<\/p>\n<\/div>\n<div>\n<hr\/>\n<p> <a href=\"https:\/\/patch.com\/florida\/fort-myers\/weather\"><strong>Previs\u00e3o do tempo:<\/strong><\/a> <\/p>\n<ul>\n<li class=\"sans\"><strong>Ter\u00e7a-feira:<\/strong> Fresco com chuva e tempestade, com m\u00e1xima de 60 e m\u00ednima de 46 graus. <\/li>\n<li class=\"sans\"><strong>Quarta-feira:<\/strong> Chuva matinal; arejado, temperatura: alta: 58, baixa: 50. <\/li>\n<li class=\"sans\"><strong>Quinta-feira:<\/strong> Fresco com chuva e garoa, com m\u00e1xima de 59 e m\u00ednima de 46 graus. <\/li>\n<\/ul>\n<hr\/>\n<h4>\ud83d\udcf0 <strong>Not\u00edcias que estamos lendo<\/strong><\/h4>\n<p><b>1. StoryCorps Fort Myers Encore: Uma m\u00e3e conta a hist\u00f3ria de como veio para os EUA, construiu uma vida e ajudou outras pessoas<\/b> (<a href=\"https:\/\/news.wgcu.org\/top-story\/2025-01-20\/storycorps-fort-myers-encore-a-mother-tells-story-of-coming-to-u-s-building-a-life-and-helping-others\" target=\"_blank\" rel=\"nofollow\">wgcu.org<\/a>) \u2014 Samantha Garcia entrevista sua m\u00e3e, Lucy Garcia, sobre sua viagem do M\u00e9xico aos EUA e seu trabalho impactante em Fort Myers. A hist\u00f3ria de Lucy, registrada atrav\u00e9s do StoryCorps Mobile Tour, destaca sua dedica\u00e7\u00e3o em ajudar imigrantes e mulheres por meio de sua organiza\u00e7\u00e3o sem fins lucrativos. <br \/><a href=\"https:\/\/fort-myers-fl.patch.am\/rate-item?d=u&#038;h=eyJsb2MiOiI3NjkyIiwic291cmNlIjoid2djdS5vcmciLCJ0aXRsZSI6IlN0b3J5Q29ycHMgRm9ydCBNeWVycyBFbmNvcmU6IEEgbW90aGVyIHRlbGxzIHN0b3J5IG9mIGNvbWluZyB0byBVLlMuLCBidWlsZGluZyBhIGxpZmUgYW5kIGhlbHBpbmcgb3RoZXJzIiwidXJsIjoiaHR0cHM6XC9cL25ld3Mud2djdS5vcmdcL3RvcC1zdG9yeVwvMjAyNS0wMS0yMFwvc3Rvcnljb3Jwcy1mb3J0LW15ZXJzLWVuY29yZS1hLW1vdGhlci10ZWxscy1zdG9yeS1vZi1jb21pbmctdG8tdS1zLWJ1aWxkaW5nLWEtbGlmZS1hbmQtaGVscGluZy1vdGhlcnMiLCJhcnRpZCI6IjM4OTNhOWUwMDkwMDVjM2JkMTAwNmQxZDE5NDQyYWM3In0=\" target=\"_blank\" rel=\"nofollow\"><\/a>   <a href=\"https:\/\/fort-myers-fl.patch.am\/rate-item?d=d&#038;h=eyJsb2MiOiI3NjkyIiwic291cmNlIjoid2djdS5vcmciLCJ0aXRsZSI6IlN0b3J5Q29ycHMgRm9ydCBNeWVycyBFbmNvcmU6IEEgbW90aGVyIHRlbGxzIHN0b3J5IG9mIGNvbWluZyB0byBVLlMuLCBidWlsZGluZyBhIGxpZmUgYW5kIGhlbHBpbmcgb3RoZXJzIiwidXJsIjoiaHR0cHM6XC9cL25ld3Mud2djdS5vcmdcL3RvcC1zdG9yeVwvMjAyNS0wMS0yMFwvc3Rvcnljb3Jwcy1mb3J0LW15ZXJzLWVuY29yZS1hLW1vdGhlci10ZWxscy1zdG9yeS1vZi1jb21pbmctdG8tdS1zLWJ1aWxkaW5nLWEtbGlmZS1hbmQtaGVscGluZy1vdGhlcnMiLCJhcnRpZCI6IjM4OTNhOWUwMDkwMDVjM2JkMTAwNmQxZDE5NDQyYWM3In0=\" target=\"_blank\" rel=\"nofollow\"><img decoding=\"async\" class=\"thumbs\" width=\"16\" height=\"16\" src=\"https:\/\/patch.com\/img\/cdn\/assets\/layout\/thumb_down_16x16.png\" data-sizes=\"(min-width: 780px) 726px, 100vw\" srcset=\"https:\/\/patch.com\/img\/cdn\/assets\/layout\/thumb_down_16x16.png?width=640 640w, https:\/\/patch.com\/img\/cdn\/assets\/layout\/thumb_down_16x16.png?width=726 726w\"\/><\/a><\/p>\n<\/div>\n<div>\n<p><b>2. Autores de best-sellers convergir\u00e3o para Lee County para o Southwest Florida Reading Festival<\/b> (<a href=\"https:\/\/www.news-press.com\/story\/news\/local\/2025\/01\/20\/bestselling-authors-will-return-to-lee-county-for-annual-reading-festival\/77079457007\" target=\"_blank\" rel=\"nofollow\">news-press.com<\/a>) \u2013 O Southwest Florida Reading Festival retorna a Fort Myers em 1\u00ba de mar\u00e7o, apresentando 25 autores de best-sellers na Biblioteca Regional de Fort Myers. Este evento anual promove a alfabetiza\u00e7\u00e3o e oferece livros gratuitos para crian\u00e7as e adolescentes, apoiado pela Suncoast Credit Union. <br \/><a href=\"https:\/\/fort-myers-fl.patch.am\/rate-item?d=u&#038;h=eyJsb2MiOiI3NjkyIiwic291cmNlIjoibmV3cy1wcmVzcy5jb20iLCJ0aXRsZSI6IkJlc3RzZWxsaW5nIGF1dGhvcnMgdG8gY29udmVyZ2Ugb24gTGVlIENvdW50eSBmb3IgU291dGh3ZXN0IEZsb3JpZGEgUmVhZGluZyBGZXN0aXZhbCIsInVybCI6Imh0dHBzOlwvXC93d3cubmV3cy1wcmVzcy5jb21cL3N0b3J5XC9uZXdzXC9sb2NhbFwvMjAyNVwvMDFcLzIwXC9iZXN0c2VsbGluZy1hdXRob3JzLXdpbGwtcmV0dXJuLXRvLWxlZS1jb3VudHktZm9yLWFubnVhbC1yZWFkaW5nLWZlc3RpdmFsXC83NzA3OTQ1NzAwNyIsImFydGlkIjoiNGRkN2EwMTI3ZTE0ZDBhZjM4YTRhNDAwN2QyNDkyN2YifQ==\" target=\"_blank\" rel=\"nofollow\"><img decoding=\"async\" class=\"thumbs\" width=\"16\" height=\"16\" src=\"https:\/\/patch.com\/img\/cdn\/assets\/layout\/thumb_up_16x16.png\" data-rel=\"penci-gallery-image-content\"  data-sizes=\"(min-width: 780px) 726px, 100vw\" srcset=\"https:\/\/patch.com\/img\/cdn\/assets\/layout\/thumb_up_16x16.png?width=640 640w, https:\/\/patch.com\/img\/cdn\/assets\/layout\/thumb_up_16x16.png?width=726 726w\"\/><\/a>   <a href=\"https:\/\/fort-myers-fl.patch.am\/rate-item?d=d&#038;h=eyJsb2MiOiI3NjkyIiwic291cmNlIjoibmV3cy1wcmVzcy5jb20iLCJ0aXRsZSI6IkJlc3RzZWxsaW5nIGF1dGhvcnMgdG8gY29udmVyZ2Ugb24gTGVlIENvdW50eSBmb3IgU291dGh3ZXN0IEZsb3JpZGEgUmVhZGluZyBGZXN0aXZhbCIsInVybCI6Imh0dHBzOlwvXC93d3cubmV3cy1wcmVzcy5jb21cL3N0b3J5XC9uZXdzXC9sb2NhbFwvMjAyNVwvMDFcLzIwXC9iZXN0c2VsbGluZy1hdXRob3JzLXdpbGwtcmV0dXJuLXRvLWxlZS1jb3VudHktZm9yLWFubnVhbC1yZWFkaW5nLWZlc3RpdmFsXC83NzA3OTQ1NzAwNyIsImFydGlkIjoiNGRkN2EwMTI3ZTE0ZDBhZjM4YTRhNDAwN2QyNDkyN2YifQ==\" target=\"_blank\" rel=\"nofollow\"><img decoding=\"async\" class=\"thumbs\" width=\"16\" height=\"16\" src=\"https:\/\/patch.com\/img\/cdn\/assets\/layout\/thumb_down_16x16.png\" data-sizes=\"(min-width: 780px) 726px, 100vw\" srcset=\"https:\/\/patch.com\/img\/cdn\/assets\/layout\/thumb_down_16x16.png?width=640 640w, https:\/\/patch.com\/img\/cdn\/assets\/layout\/thumb_down_16x16.png?width=726 726w\"\/><\/a><\/p>\n<p><b>3. Atleta adolescente de Fort Myers desafia todas as probabilidades ap\u00f3s problemas cerebrais<\/b> (<a href=\"https:\/\/winknews.com\/2025\/01\/20\/fort-myers-teen-athlete-defies-odds-after-brain-condition\" target=\"_blank\" rel=\"nofollow\">winknews. com<\/a>) &#8211; Saniya Freeman, uma estudante da Mariner High School em Fort Myers, superou um grave problema cerebral para retornar \u00e0s suas atividades atl\u00e9ticas. Sua recupera\u00e7\u00e3o inspiradora a fez almejar competi\u00e7\u00f5es estaduais de levantamento de peso. <br \/><a href=\"https:\/\/fort-myers-fl.patch.am\/rate-item?d=u&#038;h=eyJsb2MiOiI3NjkyIiwic291cmNlIjoid2lua25ld3MuY29tIiwidGl0bGUiOiJGb3J0IE15ZXJzIHRlZW4gYXRobGV0ZSBkZWZpZXMgb2RkcyBhZnRlciBicmFpbiBjb25kaXRpb24iLCJ1cmwiOiJodHRwczpcL1wvd2lua25ld3MuY29tXC8yMDI1XC8wMVwvMjBcL2ZvcnQtbXllcnMtdGVlbi1hdGhsZXRlLWRlZmllcy1vZGRzLWFmdGVyLWJyYWluLWNvbmRpdGlvbiIsImFydGlkIjoiZDMxM2M4NTc0OTA0ZmZkZjFjNDAyNjNiYmI0MjQyMDEifQ==\" target=\"_blank\" rel=\"nofollow\"><img decoding=\"async\" class=\"thumbs\" width=\"16\" height=\"16\" src=\"https:\/\/patch.com\/img\/cdn\/assets\/layout\/thumb_up_16x16.png\" data-rel=\"penci-gallery-image-content\"  data-sizes=\"(min-width: 780px) 726px, 100vw\" srcset=\"https:\/\/patch.com\/img\/cdn\/assets\/layout\/thumb_up_16x16.png?width=640 640w, https:\/\/patch.com\/img\/cdn\/assets\/layout\/thumb_up_16x16.png?width=726 726w\"\/><\/a>   <a href=\"https:\/\/fort-myers-fl.patch.am\/rate-item?d=d&#038;h=eyJsb2MiOiI3NjkyIiwic291cmNlIjoid2lua25ld3MuY29tIiwidGl0bGUiOiJGb3J0IE15ZXJzIHRlZW4gYXRobGV0ZSBkZWZpZXMgb2RkcyBhZnRlciBicmFpbiBjb25kaXRpb24iLCJ1cmwiOiJodHRwczpcL1wvd2lua25ld3MuY29tXC8yMDI1XC8wMVwvMjBcL2ZvcnQtbXllcnMtdGVlbi1hdGhsZXRlLWRlZmllcy1vZGRzLWFmdGVyLWJyYWluLWNvbmRpdGlvbiIsImFydGlkIjoiZDMxM2M4NTc0OTA0ZmZkZjFjNDAyNjNiYmI0MjQyMDEifQ==\" target=\"_blank\" rel=\"nofollow\"><img decoding=\"async\" class=\"thumbs\" width=\"16\" height=\"16\" src=\"https:\/\/patch.com\/img\/cdn\/assets\/layout\/thumb_down_16x16.png\" data-sizes=\"(min-width: 780px) 726px, 100vw\" srcset=\"https:\/\/patch.com\/img\/cdn\/assets\/layout\/thumb_down_16x16.png?width=640 640w, https:\/\/patch.com\/img\/cdn\/assets\/layout\/thumb_down_16x16.png?width=726 726w\"\/><\/a><\/p>\n<\/div>\n<div>\n<p><b>4. Barco ic\u00f4nico removido enquanto Bonita Bill se prepara para um novo come\u00e7o sob nova propriedade<\/b> (<a href=\"https:\/\/www.nbc-2.com\/article\/iconic-boat-removed-as-bonita-bills-prepares-for-fresh-start\/63375037\" target=\"_blank\" rel=\"nofollow\">nbc-2.com<\/a>) \u2014 O Bonita Bill&#8217;s em Fort Myers Beach est\u00e1 passando por mudan\u00e7as significativas \u00e0 medida que um novo propriet\u00e1rio assume o controle, come\u00e7ando com a remo\u00e7\u00e3o de um barco ic\u00f4nico. Esta medida faz parte de esfor\u00e7os mais amplos para revitalizar a \u00e1rea p\u00f3s-furac\u00e3o Ian. <br \/><a href=\"https:\/\/fort-myers-fl.patch.am\/rate-item?d=u&#038;h=eyJsb2MiOiI3NjkyIiwic291cmNlIjoibmJjLTIuY29tIiwidGl0bGUiOiJJY29uaWMgYm9hdCByZW1vdmVkIGFzIEJvbml0YSBCaWxsJ3MgcHJlcGFyZXMgZm9yIGEgZnJlc2ggc3RhcnQgdW5kZXIgbmV3IG93bmVyc2hpcCIsInVybCI6Imh0dHBzOlwvXC93d3cubmJjLTIuY29tXC9hcnRpY2xlXC9pY29uaWMtYm9hdC1yZW1vdmVkLWFzLWJvbml0YS1iaWxscy1wcmVwYXJlcy1mb3ItZnJlc2gtc3RhcnRcLzYzMzc1MDM3IiwiYXJ0aWQiOiIyODE0MjlmYTVkY2E5YzFiZDVkZDE0OWUzOTBkMmU3MiJ9\" target=\"_blank\" rel=\"nofollow\"><img decoding=\"async\" class=\"thumbs\" width=\"16\" height=\"16\" src=\"https:\/\/patch.com\/img\/cdn\/assets\/layout\/thumb_up_16x16.png\" data-rel=\"penci-gallery-image-content\"  data-sizes=\"(min-width: 780px) 726px, 100vw\" srcset=\"https:\/\/patch.com\/img\/cdn\/assets\/layout\/thumb_up_16x16.png?width=640 640w, https:\/\/patch.com\/img\/cdn\/assets\/layout\/thumb_up_16x16.png?width=726 726w\"\/><\/a>   <a href=\"https:\/\/fort-myers-fl.patch.am\/rate-item?d=d&#038;h=eyJsb2MiOiI3NjkyIiwic291cmNlIjoibmJjLTIuY29tIiwidGl0bGUiOiJJY29uaWMgYm9hdCByZW1vdmVkIGFzIEJvbml0YSBCaWxsJ3MgcHJlcGFyZXMgZm9yIGEgZnJlc2ggc3RhcnQgdW5kZXIgbmV3IG93bmVyc2hpcCIsInVybCI6Imh0dHBzOlwvXC93d3cubmJjLTIuY29tXC9hcnRpY2xlXC9pY29uaWMtYm9hdC1yZW1vdmVkLWFzLWJvbml0YS1iaWxscy1wcmVwYXJlcy1mb3ItZnJlc2gtc3RhcnRcLzYzMzc1MDM3IiwiYXJ0aWQiOiIyODE0MjlmYTVkY2E5YzFiZDVkZDE0OWUzOTBkMmU3MiJ9\" target=\"_blank\" rel=\"nofollow\"><img decoding=\"async\" class=\"thumbs\" width=\"16\" height=\"16\" src=\"https:\/\/patch.com\/img\/cdn\/assets\/layout\/thumb_down_16x16.png\" data-sizes=\"(min-width: 780px) 726px, 100vw\" srcset=\"https:\/\/patch.com\/img\/cdn\/assets\/layout\/thumb_down_16x16.png?width=640 640w, https:\/\/patch.com\/img\/cdn\/assets\/layout\/thumb_down_16x16.png?width=726 726w\"\/><\/a><\/p>\n<p><b>5. Sudoeste da Fl\u00f3rida reage \u00e0 segunda posse de Trump<\/b> (<a href=\"https:\/\/www.nbc-2.com\/article\/southwest-florida-react-trump-second-inauguration\/63486998\" target=\"_blank\" rel=\"nofollow\">nbc-2.com<\/a>) \u2013 Moradores do sudoeste da Fl\u00f3rida, incluindo os de Fort Myers, est\u00e3o reagindo \u00e0 segunda posse de Donald Trump como presidente. Enquanto alguns celebram, outros expressam preocupa\u00e7\u00e3o, mas concentram-se em avan\u00e7ar de forma positiva. <br \/><a href=\"https:\/\/fort-myers-fl.patch.am\/rate-item?d=u&#038;h=eyJsb2MiOiI3NjkyIiwic291cmNlIjoibmJjLTIuY29tIiwidGl0bGUiOiJTb3V0aHdlc3QgRmxvcmlkYSByZWFjdHMgdG8gVHJ1bXAncyBzZWNvbmQgaW5hdWd1cmF0aW9uIiwidXJsIjoiaHR0cHM6XC9cL3d3dy5uYmMtMi5jb21cL2FydGljbGVcL3NvdXRod2VzdC1mbG9yaWRhLXJlYWN0LXRydW1wLXNlY29uZC1pbmF1Z3VyYXRpb25cLzYzNDg2OTk4IiwiYXJ0aWQiOiI3MTFhMTUzYjZkNjhjMmI2OTRlZDFhN2FiYTFmNmQ2YiJ9\" target=\"_blank\" rel=\"nofollow\"><img decoding=\"async\" class=\"thumbs\" width=\"16\" height=\"16\" src=\"https:\/\/patch.com\/img\/cdn\/assets\/layout\/thumb_up_16x16.png\" data-rel=\"penci-gallery-image-content\"  data-sizes=\"(min-width: 780px) 726px, 100vw\" srcset=\"https:\/\/patch.com\/img\/cdn\/assets\/layout\/thumb_up_16x16.png?width=640 640w, https:\/\/patch.com\/img\/cdn\/assets\/layout\/thumb_up_16x16.png?width=726 726w\"\/><\/a>   <a href=\"https:\/\/fort-myers-fl.patch.am\/rate-item?d=d&#038;h=eyJsb2MiOiI3NjkyIiwic291cmNlIjoibmJjLTIuY29tIiwidGl0bGUiOiJTb3V0aHdlc3QgRmxvcmlkYSByZWFjdHMgdG8gVHJ1bXAncyBzZWNvbmQgaW5hdWd1cmF0aW9uIiwidXJsIjoiaHR0cHM6XC9cL3d3dy5uYmMtMi5jb21cL2FydGljbGVcL3NvdXRod2VzdC1mbG9yaWRhLXJlYWN0LXRydW1wLXNlY29uZC1pbmF1Z3VyYXRpb25cLzYzNDg2OTk4IiwiYXJ0aWQiOiI3MTFhMTUzYjZkNjhjMmI2OTRlZDFhN2FiYTFmNmQ2YiJ9\" target=\"_blank\" rel=\"nofollow\"><img decoding=\"async\" class=\"thumbs\" width=\"16\" height=\"16\" src=\"https:\/\/patch.com\/img\/cdn\/assets\/layout\/thumb_down_16x16.png\" data-sizes=\"(min-width: 780px) 726px, 100vw\" srcset=\"https:\/\/patch.com\/img\/cdn\/assets\/layout\/thumb_down_16x16.png?width=640 640w, https:\/\/patch.com\/img\/cdn\/assets\/layout\/thumb_down_16x16.png?width=726 726w\"\/><\/a><\/p>\n<\/div>\n<div>\n<hr\/>\n<h4>\ud83d\uddd3 <strong>Pr\u00f3ximos eventos em Fort Myers<\/strong><br \/><\/h4>\n<p><a href=\"https:\/\/patch.com\/florida\/fort-myers\/compose\/event\">  Adicione seu evento ao nosso calend\u00e1rio e newsletter! <\/a><\/p>\n<ul>\n<h5><span class=\"text-green-8\"><b>Ter\u00e7a-feira, 21 de janeiro<\/b><\/span><\/h5>\n<li> <span> <a href=\"https:\/\/patch.com\/florida\/fort-myers\/calendar\/event\/20250121\/7d435fd9-1a5b-482e-8f94-7465cccf228d\/digital-discussion-the-minnesota-twins-spring-training-history\" rel=\"ugc\"><b>Discuss\u00e3o digital: a hist\u00f3ria do treinamento de primavera do Minnesota Twins <\/b><\/a> <\/span> <br \/>Edison &#038; Ford Winter Estates, 2350 McGregor Blvd, Fort Myers <br \/>10h30 <\/li>\n<li> <span> <a href=\"https:\/\/patch.com\/florida\/fort-myers\/calendar\/event\/20250121\/4c225292-7086-4a89-a364-772b3e806aa1\/gardening-class-introduction-to-florida-gardening-part-i\" rel=\"ugc\"><b>Aula de jardinagem: introdu\u00e7\u00e3o \u00e0 jardinagem na Fl\u00f3rida &#8211; Parte I<\/b><\/a> <\/span> <br \/>Edison &#038; Ford Winter Estates, 2350 McGregor Blvd, Fort Myers <br \/>13h30 <\/li>\n<h5><span class=\"text-green-8\"><b>Quarta-feira, 22 de janeiro<\/b><\/span><\/h5>\n<li> <span> <a href=\"https:\/\/fareharbor.com\/embeds\/book\/captivacruises\/items\/439322\/booking\/1516132b-b334-4a9f-bd8d-b77042a73a8e\/\" target=\"_blank\" rel=\"nofollow\"><b>Tour Hist\u00f3rico do Porto: PARTE DE Pine Island com Captiva Cruises<\/b><\/a> <\/span> <br \/>Escrit\u00f3rio de extens\u00e3o do condado de Lee da Universidade da Fl\u00f3rida, Calusa Heritage Trail Visitors Center no Randell Research Center, 13810 Waterfront Drive, Pineland, FL, 33922, EUA <br \/>12h30 <\/li>\n<h5><span class=\"text-green-8\"><b>Quinta-feira, 23 de janeiro<\/b><\/span><\/h5>\n<li> <span> <a href=\"https:\/\/patch.com\/florida\/fort-myers\/calendar\/event\/20250123\/a5ca4b7e-baf9-45b8-bab1-c375d694ca78\/pre-k-class-enchanted-garden-explorers-cultivating-curiosity\" rel=\"ugc\"><b>Aula Pr\u00e9-K \u2013 Exploradores do Jardim Encantado: Cultivando a Curiosidade<\/b><\/a> <\/span> <br \/>Edison &#038; Ford Winter Estates, 2350 McGregor Blvd, Fort Myers <br \/>10h00 <\/li>\n<li> <span> <a href=\"https:\/\/patch.com\/florida\/fort-myers\/calendar\/event\/20250123\/8c3ba5f2-41da-432e-9879-c5084aadb740\/trio-bohmo\" rel=\"ugc\"><b>Trio Boh\u00e9mo<\/b><\/a> <\/span> <br \/>Artis\u2014N\u00e1poles, 5833 Pelican Bay Blvd, N\u00e1poles <br \/>15h00 <\/li>\n<h5><span class=\"text-green-8\"><b>Sexta-feira, 24 de janeiro<\/b><\/span><\/h5>\n<li> <span> <a href=\"https:\/\/patch.com\/florida\/fort-myers\/calendar\/event\/20250124\/d5043a62-4eba-4b98-995e-33dc19a6aa43\/grandmas-murder-club-red-carpet-night\" rel=\"ugc\"><b>Clube do Assassinato da Vov\u00f3 &#8211; Noite no Tapete Vermelho<\/b><\/a> <\/span> <br \/>Teatro do Parque Cultural, 528 Cultural Park Blvd, Cape Coral <br \/>19h00 <\/li>\n<li> <span> <a href=\"https:\/\/patch.com\/florida\/fort-myers\/calendar\/event\/20250124\/c132aa39-dd61-4f2b-bbae-64cb88d37a70\/trio-bohmo\" rel=\"ugc\"><b>Trio Boh\u00e9mo<\/b><\/a> <\/span> <br \/>Artis\u2014N\u00e1poles, 5833 Pelican Bay Blvd, N\u00e1poles <br \/>19h30 <\/li>\n<h5><span class=\"text-green-8\"><b>S\u00e1bado, 25 de janeiro<\/b><\/span><\/h5>\n<li> <span> <a href=\"https:\/\/www.petshotexpress.com\/event-details\/9-00am-10-00am-7-eleven-11891-palm-beach-blvd-fort-myers-fl-48\" target=\"_blank\" rel=\"nofollow\"><b>9h00-10h00 7-Eleven 11891 Palm Beach Blvd, Fort Myers, FL<\/b><\/a> <\/span> <br \/>7-Eleven, 11891 Palm Beach Blvd, Fort Myers <br \/>9h00 <\/li>\n<li> <span> <a href=\"https:\/\/inpulsecpr.com\/events\/cpr-training-at-ft-myers-on-saturday-january-25th-at-900-am\" target=\"_blank\" rel=\"nofollow\"><b>Treinamento em RCP em Fort. Myers no s\u00e1bado, 25 de janeiro \u00e0s 9h<\/b><\/a> <\/span> <br \/>Hyatt Place Fort Myers\/no F\u00f3rum, 2600 Champion Ring Rd, Fort Myers <br \/>9h00 <\/li>\n<li> <span> <a href=\"https:\/\/patch.com\/florida\/fort-myers\/calendar\/event\/20250125\/da541118-5d03-40b3-978e-32b30e74ccc3\/goodwill-community-appreciation-day-sale\" rel=\"ugc\"><b>Promo\u00e7\u00e3o do Dia de Aprecia\u00e7\u00e3o da Comunidade da Boa Vontade<\/b><\/a> <\/span> <br \/>2040 NE Pine Island Rd, Cape Coral <br \/>9h00 <\/li>\n<li> <span> <a href=\"https:\/\/cm.puntagordachamber.com\/events\/details\/16th-annual-arts-and-craft-holiday-bizarre-at-the-shops-of-bell-tower-ft-myers-december-4-5-6-2024-10-4-54631\" target=\"_blank\" rel=\"nofollow\"><b>Mercado de artes e artesanato de Fort Myers<\/b><\/a> <\/span> <br \/>Torre do Sino, 13499 S Cleveland Ave, Fort Myers <br \/>10h00 <\/li>\n<li> <span> <a href=\"https:\/\/patch.com\/florida\/fort-myers\/calendar\/event\/20250125\/fc02cbdf-e3a8-4119-a5c3-cad974cb15be\/gardening-class-introduction-to-florida-gardening-part-ii\" rel=\"ugc\"><b>Aula de jardinagem: introdu\u00e7\u00e3o \u00e0 jardinagem na Fl\u00f3rida &#8211; Parte II <\/b><\/a> <\/span> <br \/>Edison &#038; Ford Winter Estates, 2350 McGregor Blvd, Fort Myers <br \/>10h00 <\/li>\n<\/ul>\n<hr\/>\n<h4>\ud83d\uddd3 <strong>Eventos pr\u00f3ximos<\/strong><\/h4>\n<ul>\n<h5> <span class=\"text-green-8\"><b>Ter\u00e7a-feira, 21 de janeiro<\/b><\/span> <\/h5>\n<li><span> <b>Pintura acr\u00edlica com tema de inverno em bandejas de TV com Pat Smelkoff<\/b> (Whiskey Creek) Alliance for the Arts, 10091 McGregor Blvd., Fort Myers, FL, 33919, Estados Unidos <\/span><br \/>13h30 <\/li>\n<li><span> <a href=\"https:\/\/www.artinlee.org\/explore\/digitallab\/\" target=\"_blank\" rel=\"nofollow\"><b>Laborat\u00f3rio de artes digitais Bloom &#038; Wallace: est\u00fadio aberto<\/b><\/a>  (Whiskey Creek) Alliance for the Arts, 10091 McGregor Blvd., Fort Myers, FL, 33919, Estados Unidos <\/span><br \/>16h00 <\/li>\n<li><span> <b>Zentangle para as esta\u00e7\u00f5es (maiores de 16 anos)<\/b> (Whiskey Creek) Alliance for the Arts, 10091 McGregor Blvd., Fort Myers, FL, 33919, Estados Unidos <\/span><br \/>18h00 <\/li>\n<h5> <span class=\"text-green-8\"><b>Quinta-feira, 23 de janeiro<\/b><\/span> <\/h5>\n<li><span> <b>Repeti\u00e7\u00f5es do dia da foto<\/b> (Tice) Escola prim\u00e1ria de Orange River, Fort Myers, FL 33905 <\/span><br \/>12h00 <\/li>\n<\/ul>\n<p> <em>Perdemos alguma coisa em nosso calend\u00e1rio? <a href=\"https:\/\/patch.com\/florida\/fort-myers\/compose\/event\">Adicione voc\u00ea mesmo um evento<\/a>! <\/em> Como sempre, antes de participar, confirme os detalhes do evento para garantir a precis\u00e3o. <\/p>\n<hr\/>\n<p><em>Quer um link para sua empresa neste boletim informativo? <a href=\"https:\/\/patch.com\/florida\/fort-myers\/compose\/bizpost\">Clique aqui<\/a>.<\/em><\/p>\n<hr\/>\n<p>\ud83d\udd28 <strong>Precisa de ajuda com um projeto em casa?<\/strong> Patch fez parceria com Thumbtack para tornar a contrata\u00e7\u00e3o de um profissional local confi\u00e1vel r\u00e1pida e f\u00e1cil. <a href=\"https:\/\/patch.com\/florida\/fort-myers\/businesses\" target=\"_blank\">Clique aqui para come\u00e7ar.<\/a><\/p>\n<hr\/>\n<h4>\ud83d\udcac <strong>Conversa<\/strong><\/h4>\n<p>O que seus vizinhos est\u00e3o falando nas redes sociais<\/p>\n<\/div>\n<div>\n<ul>\n<li><b>EMERG\u00caNCIAS CARD\u00cdACAS ACONTECEM COM DEMASIADA FREQU\u00caNCIA!<\/b> <br \/>Voc\u00ea tem um ente querido&#8230;um filho ou neto&#8230;um vizinho que pode, um dia, sofrer uma parada card\u00edaca? Voc\u00ea estaria em posi\u00e7\u00e3o de proporcionar vida\u2026 (<a href=\"https:\/\/nextdoor.com\/p\/MqYYfD5DY67F\/?from_partner=patch&#038;share_id=MqYYfD5DY67F&#038;utm_medium=public_api&#038;utm_source=patch&#038;utm_content=MqYYfD5DY67F&#038;next_url=\/p\/MqYYfD5DY67F&#038;utm_medium=email&#038;utm_campaign=pilot\" target=\"_blank\" rel=\"nofollow\">Ao lado<\/a> ) <\/li>\n<li><b>Ol\u00e1.<\/b> <br \/>Estou postando novamente para tentar encontrar um lar para esse doce cachorrinho. Tenho mais alguns dias at\u00e9 n\u00e3o poder mais ficar com ela. Ningu\u00e9m a reivindicou e eu\u2026 (<a href=\"https:\/\/nextdoor.com\/p\/xL3rmDHxymtN\/?from_partner=patch&#038;share_id=xL3rmDHxymtN&#038;utm_medium=public_api&#038;utm_source=patch&#038;utm_content=xL3rmDHxymtN&#038;next_url=\/p\/xL3rmDHxymtN&#038;utm_medium=email&#038;utm_campaign=pilot\" target=\"_blank\" rel=\"nofollow\">Ao lado<\/a> Parque Ribeirinho) <\/li>\n<\/ul>\n<hr\/>\n<p> <b>Ok Fort Myers!<\/b> Ent\u00e3o agora voc\u00ea est\u00e1 por dentro do que est\u00e1 acontecendo hoje. Obrigado pela leitura e at\u00e9 a pr\u00f3xima vez na sua caixa de entrada! <\/p>\n<p> <b>&#8211; A equipe do Patch AM<\/b> <\/p>\n<p> <em>PS A resposta para o enigma de hoje:<\/em> Voc\u00ea \u00e9 exatamente o que eu amassei! <\/p>\n<hr\/>\n<h4>\ud83d\udc49 <strong>Ajude a melhorar o Patch AM<\/strong><\/h4>\n<hr\/>\n<p> <a href=\"https:\/\/nextdoor.com\/sharekit\/?source=Fort%20Myers%20Patch%20AM&#038;body=Catch+up+on+what+you+need+to+know+from+the+Fort+Myers+Patch+AM+daily+update%3A+https%3A%2F%2Fpatch.com%2Fflorida%2Ffort-myers&#038;utm_source=patch&#038;utm_medium=email&#038;utm_campaign=pilot\" target=\"_blank\" class=\"text-weight-bold text-green-8 sans\">Compartilhar no NextDoor<\/a>     <a href=\"https:\/\/www.facebook.com\/share.php?u=https:\/\/patch.com\/florida\/fort-myers&#038;title=Catch+up+on+what+you+need+to+know+from+the+Fort+Myers+Patch+AM+daily+update%3A+https%3A%2F%2Fpatch.com%2Fflorida%2Ffort-myers\" target=\"_blank\" class=\"text-weight-bold text-light-blue-10 sans\">Compartilhar no Facebook<\/a><\/p>\n<\/div>\n<p><br \/>\n<br \/><a href=\"http:\/\/patch.com\/florida\/fort-myers\/hear-lucy-garcias-inspiring-fort-myers-journey-nodx-20250121?utm_source=article-mostrecent&#038;utm_medium=rss&#038;utm_term=community%20corner&#038;utm_campaign=recirc&#038;utm_content=aol\">Source link <\/a><\/p>","protected":false},"excerpt":{"rendered":"<p>Ol\u00e1, Fort Myers! Preparamos sua leitura matinal! Continue lendo para ficar conectado. \u2600\ufe0f No boletim informativo de hoje: Ou\u00e7a a inspiradora jornada de Lucy Garcia em Fort Myers Conhe\u00e7a autores&hellip;<\/p>","protected":false},"author":1,"featured_media":71100,"comment_status":"closed","ping_status":"open","sticky":false,"template":"","format":"standard","meta":{"content-type":"","footnotes":""},"categories":[1],"tags":[],"class_list":["post-94127","post","type-post","status-publish","format-standard","has-post-thumbnail","hentry","category-uncategorized"],"_links":{"self":[{"href":"https:\/\/tvbrazilusa.com\/pt\/wp-json\/wp\/v2\/posts\/94127","targetHints":{"allow":["GET"]}}],"collection":[{"href":"https:\/\/tvbrazilusa.com\/pt\/wp-json\/wp\/v2\/posts"}],"about":[{"href":"https:\/\/tvbrazilusa.com\/pt\/wp-json\/wp\/v2\/types\/post"}],"author":[{"embeddable":true,"href":"https:\/\/tvbrazilusa.com\/pt\/wp-json\/wp\/v2\/users\/1"}],"replies":[{"embeddable":true,"href":"https:\/\/tvbrazilusa.com\/pt\/wp-json\/wp\/v2\/comments?post=94127"}],"version-history":[{"count":1,"href":"https:\/\/tvbrazilusa.com\/pt\/wp-json\/wp\/v2\/posts\/94127\/revisions"}],"predecessor-version":[{"id":94128,"href":"https:\/\/tvbrazilusa.com\/pt\/wp-json\/wp\/v2\/posts\/94127\/revisions\/94128"}],"wp:featuredmedia":[{"embeddable":true,"href":"https:\/\/tvbrazilusa.com\/pt\/wp-json\/wp\/v2\/media\/71100"}],"wp:attachment":[{"href":"https:\/\/tvbrazilusa.com\/pt\/wp-json\/wp\/v2\/media?parent=94127"}],"wp:term":[{"taxonomy":"category","embeddable":true,"href":"https:\/\/tvbrazilusa.com\/pt\/wp-json\/wp\/v2\/categories?post=94127"},{"taxonomy":"post_tag","embeddable":true,"href":"https:\/\/tvbrazilusa.com\/pt\/wp-json\/wp\/v2\/tags?post=94127"}],"curies":[{"name":"wp","href":"https:\/\/api.w.org\/{rel}","templated":true}]}}