{"id":94135,"date":"2025-01-21T10:48:27","date_gmt":"2025-01-21T10:48:27","guid":{"rendered":"https:\/\/tvbrazilusa.com\/2025\/01\/21\/trump-desfaz-a-medida-de-biden-que-retirava-cuba-da-lista-de-paises-patrocinadores-do-terrorismo\/"},"modified":"2025-01-21T10:48:28","modified_gmt":"2025-01-21T10:48:28","slug":"trump-desfaz-a-medida-de-biden-que-retirava-cuba-da-lista-de-paises-patrocinadores-do-terrorismo","status":"publish","type":"post","link":"https:\/\/tvbrazilusa.com\/pt\/2025\/01\/21\/trump-desfaz-a-medida-de-biden-que-retirava-cuba-da-lista-de-paises-patrocinadores-do-terrorismo\/","title":{"rendered":"Trump desfaz a medida de Biden que retirava Cuba da lista de pa\u00edses patrocinadores do terrorismo"},"content":{"rendered":"<p> <script async src=\"https:\/\/pagead2.googlesyndication.com\/pagead\/js\/adsbygoogle.js?client=ca-pub-8864793242727901\"\r\n     crossorigin=\"anonymous\"><\/script><br \/>\n<\/p>\n<div id=\"taboola-read-more\" style=\"display:block; width:100%\">\n<p>O presidente dos Estados Unidos, Donald Trump, revogou nesta segunda-feira a decis\u00e3o de seu antecessor, Joe Biden, de tirar Cuba de uma lista de pa\u00edses patrocinadores do terrorismo. O ato foi anunciado dias antes como parte de um acordo para libertar presos pol\u00edticos na ilha.\n<\/p>\n<p>Em um comunicado divulgado horas depois da cerim\u00f4nia de posse, a Casa Branca informou que Trump anulou a decis\u00e3o de Biden sobre Cuba, juntamente com uma longa s\u00e9rie de ordens executivas.<\/p>\n<p>O presidente cubano, Miguel D\u00edaz-Canel, qualificou de &#8216;ato de arrog\u00e2ncia e desprezo pela verdade&#8217; a reinser\u00e7\u00e3o da ilha na lista. &#8216;O Presidente Trump, em ato de arrog\u00e2ncia e desprezo pela verdade, acaba de restabelecer a designa\u00e7\u00e3o fraudulenta de Cuba como Estado patrocinador do terrorismo&#8217;, escreveu D\u00edaz-Canel em sua conta no X.\n<\/p>\n<p>Fonte: Correio do Povo              <\/p>\n<\/div>\n<p><br \/>\n<br \/><a href=\"https:\/\/diariodobrasilnoticias.com.br\/noticia\/trump-desfaz-a-medida-de-biden-que-retirava-cuba-da-lista-de-paises-patrocinadores-do-terrorismo-678f796f03b82\">Source link <\/a><\/p>","protected":false},"excerpt":{"rendered":"<p>O presidente dos Estados Unidos, Donald Trump, revogou nesta segunda-feira a decis\u00e3o de seu antecessor, Joe Biden, de tirar Cuba de uma lista de pa\u00edses patrocinadores do terrorismo. O ato&hellip;<\/p>","protected":false},"author":1,"featured_media":94136,"comment_status":"closed","ping_status":"open","sticky":false,"template":"","format":"standard","meta":{"content-type":"","footnotes":""},"categories":[16],"tags":[123,2448,5313,1267],"class_list":["post-94135","post","type-post","status-publish","format-standard","has-post-thumbnail","hentry","category-noticias","tag-brasil","tag-diario","tag-noticia","tag-noticias"],"_links":{"self":[{"href":"https:\/\/tvbrazilusa.com\/pt\/wp-json\/wp\/v2\/posts\/94135","targetHints":{"allow":["GET"]}}],"collection":[{"href":"https:\/\/tvbrazilusa.com\/pt\/wp-json\/wp\/v2\/posts"}],"about":[{"href":"https:\/\/tvbrazilusa.com\/pt\/wp-json\/wp\/v2\/types\/post"}],"author":[{"embeddable":true,"href":"https:\/\/tvbrazilusa.com\/pt\/wp-json\/wp\/v2\/users\/1"}],"replies":[{"embeddable":true,"href":"https:\/\/tvbrazilusa.com\/pt\/wp-json\/wp\/v2\/comments?post=94135"}],"version-history":[{"count":1,"href":"https:\/\/tvbrazilusa.com\/pt\/wp-json\/wp\/v2\/posts\/94135\/revisions"}],"predecessor-version":[{"id":94137,"href":"https:\/\/tvbrazilusa.com\/pt\/wp-json\/wp\/v2\/posts\/94135\/revisions\/94137"}],"wp:featuredmedia":[{"embeddable":true,"href":"https:\/\/tvbrazilusa.com\/pt\/wp-json\/wp\/v2\/media\/94136"}],"wp:attachment":[{"href":"https:\/\/tvbrazilusa.com\/pt\/wp-json\/wp\/v2\/media?parent=94135"}],"wp:term":[{"taxonomy":"category","embeddable":true,"href":"https:\/\/tvbrazilusa.com\/pt\/wp-json\/wp\/v2\/categories?post=94135"},{"taxonomy":"post_tag","embeddable":true,"href":"https:\/\/tvbrazilusa.com\/pt\/wp-json\/wp\/v2\/tags?post=94135"}],"curies":[{"name":"wp","href":"https:\/\/api.w.org\/{rel}","templated":true}]}}