{"id":94150,"date":"2025-01-21T11:32:10","date_gmt":"2025-01-21T11:32:10","guid":{"rendered":"https:\/\/tvbrazilusa.com\/2025\/01\/21\/visando-2026-lula-solicita-ao-seu-marqueteiro-que-descubra-as-marcas-de-seu-governo-e-o-pulso-da-populacao\/"},"modified":"2025-01-21T11:32:11","modified_gmt":"2025-01-21T11:32:11","slug":"visando-2026-lula-solicita-ao-seu-marqueteiro-que-descubra-as-marcas-de-seu-governo-e-o-pulso-da-populacao","status":"publish","type":"post","link":"https:\/\/tvbrazilusa.com\/pt\/2025\/01\/21\/visando-2026-lula-solicita-ao-seu-marqueteiro-que-descubra-as-marcas-de-seu-governo-e-o-pulso-da-populacao\/","title":{"rendered":"Visando 2026, Lula solicita ao seu marqueteiro que descubra as &#8216;marcas&#8217; de seu governo e o pulso da popula\u00e7\u00e3o."},"content":{"rendered":"<p> <script async src=\"https:\/\/pagead2.googlesyndication.com\/pagead\/js\/adsbygoogle.js?client=ca-pub-8864793242727901\"\r\n     crossorigin=\"anonymous\"><\/script><br \/>\n<\/p>\n<div id=\"taboola-read-more\" style=\"display:block; width:100%\">\n<p>O presidente quer que o marqueteiro fa\u00e7a decolar a gest\u00e3o de N\u00edsia Trindade \u00e0 frente da Sa\u00fade. Estar\u00edamos \u00e0s v\u00e9speras de uma reforma ministerial. Lula pretende mant\u00ea-la. Exige, por\u00e9m, \u201cmarcas\u201d para o minist\u00e9rio.\n<\/p>\n<p>Talvez a reforma ministerial seja s\u00f3 esta mesmo: a chegada do marqueteiro. Hip\u00f3tese em que o governo iria bem e comunicaria mal. Comunicando bem, as marcas circulariam e se imporiam. H\u00e1, no Planalto, quem viva nesse mundo.<\/p>\n<p>No mundo real: o governo, que n\u00e3o tem marcas, quer que a Sa\u00fade as tenha. A pasta estaria sob esp\u00e9cie de tutela. Deu neste Estad\u00e3o: \u201cA Casa Civil far\u00e1 agora um monitoramento mais efetivo das a\u00e7\u00f5es na Sa\u00fade e estabelecer\u00e1 metas, com prazos para resultados.\u201d\n<\/p>\n<p>A tutela seria produto da compreens\u00e3o de que haja o que apresentar: \u201cNo Planalto, a avalia\u00e7\u00e3o \u00e9 de que o minist\u00e9rio com o terceiro maior or\u00e7amento deveria ter mais entregas e mostrar iniciativas de peso da gest\u00e3o Lula 3\u2033.\n<\/p>\n<p>Repita-se: \u201ciniciativas de peso da gest\u00e3o Lula 3.\u201d Acredita-se nisso. O marqueteiro viria para mostr\u00e1-las. Para fabric\u00e1-las \u2013 no mundo real. Come\u00e7ou 2026.\n<\/p>\n<p>Vem tamb\u00e9m para cuidar da contraofensiva \u00e0 chamada crise do Pix. O governo se considera desgastado com os aut\u00f4nomos, especialmente com os pequenos empreendedores. Est\u00e1 preocupado com a popularidade. Quer botar campanha na rua, dedicada a esse p\u00fablico. Que ignora \u2013 nada tendo aprendido com o epis\u00f3dio da regulamenta\u00e7\u00e3o dos trabalhadores de aplicativo de transportes.\n<\/p>\n<p>A contraofensiva deveria partir do conhecimento sobre as raz\u00f5es do desgaste. J\u00e1 n\u00e3o \u00e9 desgaste. A contraofensiva deveria partir do conhecimento sobre seu objeto. As pessoas n\u00e3o acreditam no governo. E o governo acredita em chamar a pol\u00edcia para pegar aqueles, os opositores, que exploram politicamente essa descren\u00e7a. Mais uma conta que n\u00e3o fecha.\n<\/p>\n<p>A prop\u00f3sito de conta que n\u00e3o fecha, Fernando Haddad resumiu o sentimento oficial ante a crise de confian\u00e7a popular: \u201cQuando voc\u00ea desacredita um instrumento p\u00fablico, voc\u00ea est\u00e1 cometendo um crime\u201d. O cronista l\u00ea e traduz o sentimento oficial desta forma: \u201cQuando voc\u00ea desacredita o governo Lula, voc\u00ea est\u00e1 cometendo um crime.\u201d\n<\/p>\n<p>Os nossos salvadores est\u00e3o magoados. Em 2025, a salva\u00e7\u00e3o da democracia j\u00e1 n\u00e3o serve de marca. Para 26, n\u00e3o bastar\u00e1 pedir voto contra o fascismo. Os nossos salvadores est\u00e3o indignados. Cobram a nossa gratid\u00e3o. Desconfiar do governo, duvidar de suas iniciativas de peso, ser\u00e1 atacar a democracia; trabalhar pela reabilita\u00e7\u00e3o do capeta.\n<\/p>\n<p>No mundo real, Lula e seu governo n\u00e3o conhecem mais os homens. J\u00e1 n\u00e3o leem nem falam a linguagem das gentes. N\u00e3o lhes entendem os anseios. N\u00e3o conseguem ver \u2013 n\u00e3o reconhecem mais \u2013 a realidade diante de si. O presidente perdeu o pulso do povo. O marqueteiro vai reencontr\u00e1-lo.\n<\/p>\n<p><strong>Opini\u00e3o do Estad\u00e3o<\/strong>              <\/p>\n<\/div>\n<p><br \/>\n<br \/><a href=\"https:\/\/diariodobrasilnoticias.com.br\/noticia\/visando-2026-lula-solicita-ao-seu-marqueteiro-que-descubra-as-marcas-de-seu-governo-e-o-pulso-da-populacao-678f7c4eb5ae7\">Source link <\/a><\/p>","protected":false},"excerpt":{"rendered":"<p>O presidente quer que o marqueteiro fa\u00e7a decolar a gest\u00e3o de N\u00edsia Trindade \u00e0 frente da Sa\u00fade. Estar\u00edamos \u00e0s v\u00e9speras de uma reforma ministerial. Lula pretende mant\u00ea-la. Exige, por\u00e9m, \u201cmarcas\u201d&hellip;<\/p>","protected":false},"author":1,"featured_media":94151,"comment_status":"closed","ping_status":"open","sticky":false,"template":"","format":"standard","meta":{"content-type":"","footnotes":""},"categories":[16],"tags":[123,2448,5313,1267],"class_list":["post-94150","post","type-post","status-publish","format-standard","has-post-thumbnail","hentry","category-noticias","tag-brasil","tag-diario","tag-noticia","tag-noticias"],"_links":{"self":[{"href":"https:\/\/tvbrazilusa.com\/pt\/wp-json\/wp\/v2\/posts\/94150","targetHints":{"allow":["GET"]}}],"collection":[{"href":"https:\/\/tvbrazilusa.com\/pt\/wp-json\/wp\/v2\/posts"}],"about":[{"href":"https:\/\/tvbrazilusa.com\/pt\/wp-json\/wp\/v2\/types\/post"}],"author":[{"embeddable":true,"href":"https:\/\/tvbrazilusa.com\/pt\/wp-json\/wp\/v2\/users\/1"}],"replies":[{"embeddable":true,"href":"https:\/\/tvbrazilusa.com\/pt\/wp-json\/wp\/v2\/comments?post=94150"}],"version-history":[{"count":1,"href":"https:\/\/tvbrazilusa.com\/pt\/wp-json\/wp\/v2\/posts\/94150\/revisions"}],"predecessor-version":[{"id":94152,"href":"https:\/\/tvbrazilusa.com\/pt\/wp-json\/wp\/v2\/posts\/94150\/revisions\/94152"}],"wp:featuredmedia":[{"embeddable":true,"href":"https:\/\/tvbrazilusa.com\/pt\/wp-json\/wp\/v2\/media\/94151"}],"wp:attachment":[{"href":"https:\/\/tvbrazilusa.com\/pt\/wp-json\/wp\/v2\/media?parent=94150"}],"wp:term":[{"taxonomy":"category","embeddable":true,"href":"https:\/\/tvbrazilusa.com\/pt\/wp-json\/wp\/v2\/categories?post=94150"},{"taxonomy":"post_tag","embeddable":true,"href":"https:\/\/tvbrazilusa.com\/pt\/wp-json\/wp\/v2\/tags?post=94150"}],"curies":[{"name":"wp","href":"https:\/\/api.w.org\/{rel}","templated":true}]}}