{"id":94153,"date":"2025-01-21T11:45:19","date_gmt":"2025-01-21T11:45:19","guid":{"rendered":"https:\/\/tvbrazilusa.com\/2025\/01\/21\/trump-diz-a-jornalista-brasileira-que-nao-depende-do-brasil-eles-precisam-de-nos-veja-video\/"},"modified":"2025-01-21T11:45:21","modified_gmt":"2025-01-21T11:45:21","slug":"trump-diz-a-jornalista-brasileira-que-nao-depende-do-brasil-eles-precisam-de-nos-veja-video","status":"publish","type":"post","link":"https:\/\/tvbrazilusa.com\/pt\/2025\/01\/21\/trump-diz-a-jornalista-brasileira-que-nao-depende-do-brasil-eles-precisam-de-nos-veja-video\/","title":{"rendered":"Trump diz a jornalista brasileira que n\u00e3o depende do Brasil: &#8216;Eles precisam de n\u00f3s&#8217;; veja v\u00eddeo"},"content":{"rendered":"<p> <script async src=\"https:\/\/pagead2.googlesyndication.com\/pagead\/js\/adsbygoogle.js?client=ca-pub-8864793242727901\"\r\n     crossorigin=\"anonymous\"><\/script><br \/>\n<\/p>\n<div id=\"taboola-read-more\" style=\"display:block; width:100%\">\n<p>Durante a assinatura de decretos em evento da posse presidencial nos Estados Unidos, Donald Trump disse, em resposta \u00e0 jornalista brasileira Raquel Kr\u00e4henb\u00fchl, que o Brasil e a Am\u00e9rica Latina precisam mais dos EUA, e que os EUA n\u00e3o dependem deles. Ele reafirmou que espera que a rela\u00e7\u00e3o com o Brasil e com a Am\u00e9rica Latina seja \u00f3tima: \u201c\u00d3tima, deve ser \u00f3tima.\n<\/p>\n<p>Eles precisam de n\u00f3s muito mais do que precisamos deles. N\u00e3o precisamos deles, eles precisam de n\u00f3s. Todos precisam de n\u00f3s\u201d, disse o mandat\u00e1rio americano. Anteriormente, a jornalista mencionou que o Brasil e a China t\u00eam proposta conjunta para promover uma conversa entre a Ucr\u00e2nia e a R\u00fassia. \u201cIsso \u00e9 bom, estou pronto!\u201d, responde Trump.<\/p>\n<p>Em seguida, \u00e9 questionado sobre quando ir\u00e1 conversar com o presidente Lula. \u201cComo o Brasil foi envolvido? Isso \u00e9 novo\u201d, rebate Trump. Mais cedo, o presidente Luiz In\u00e1cio Lula da Silva (PT) afirmou que torce por uma \u201cgest\u00e3o prof\u00edcua\u201d do presidente dos Estados Unidos, Donald Trump, em seu segundo mandato.\n<\/p>\n<p>Em discurso na abertura da reuni\u00e3o ministerial, na manh\u00e3 desta segunda, Lula minimizou o impacto da elei\u00e7\u00e3o de Trump sobre a democracia mundial e afirmou que o Brasil \u201cn\u00e3o quer briga\u201d com ningu\u00e9m.\n<\/p>\n<p>ASSISTA:\n<\/p>\n<p>Fonte: Metr\u00f3poles              <\/p>\n<\/div>\n<p><br \/>\n<br \/><a href=\"https:\/\/diariodobrasilnoticias.com.br\/noticia\/trump-diz-a-jornalista-brasileira-que-nao-depende-do-brasil-eles-precisam-de-nos-veja-video-678f7543d4a2d\">Source link <\/a><\/p>","protected":false},"excerpt":{"rendered":"<p>Durante a assinatura de decretos em evento da posse presidencial nos Estados Unidos, Donald Trump disse, em resposta \u00e0 jornalista brasileira Raquel Kr\u00e4henb\u00fchl, que o Brasil e a Am\u00e9rica Latina&hellip;<\/p>","protected":false},"author":1,"featured_media":94154,"comment_status":"closed","ping_status":"open","sticky":false,"template":"","format":"standard","meta":{"content-type":"","footnotes":""},"categories":[16],"tags":[123,2448,5313,1267],"class_list":["post-94153","post","type-post","status-publish","format-standard","has-post-thumbnail","hentry","category-noticias","tag-brasil","tag-diario","tag-noticia","tag-noticias"],"_links":{"self":[{"href":"https:\/\/tvbrazilusa.com\/pt\/wp-json\/wp\/v2\/posts\/94153","targetHints":{"allow":["GET"]}}],"collection":[{"href":"https:\/\/tvbrazilusa.com\/pt\/wp-json\/wp\/v2\/posts"}],"about":[{"href":"https:\/\/tvbrazilusa.com\/pt\/wp-json\/wp\/v2\/types\/post"}],"author":[{"embeddable":true,"href":"https:\/\/tvbrazilusa.com\/pt\/wp-json\/wp\/v2\/users\/1"}],"replies":[{"embeddable":true,"href":"https:\/\/tvbrazilusa.com\/pt\/wp-json\/wp\/v2\/comments?post=94153"}],"version-history":[{"count":1,"href":"https:\/\/tvbrazilusa.com\/pt\/wp-json\/wp\/v2\/posts\/94153\/revisions"}],"predecessor-version":[{"id":94155,"href":"https:\/\/tvbrazilusa.com\/pt\/wp-json\/wp\/v2\/posts\/94153\/revisions\/94155"}],"wp:featuredmedia":[{"embeddable":true,"href":"https:\/\/tvbrazilusa.com\/pt\/wp-json\/wp\/v2\/media\/94154"}],"wp:attachment":[{"href":"https:\/\/tvbrazilusa.com\/pt\/wp-json\/wp\/v2\/media?parent=94153"}],"wp:term":[{"taxonomy":"category","embeddable":true,"href":"https:\/\/tvbrazilusa.com\/pt\/wp-json\/wp\/v2\/categories?post=94153"},{"taxonomy":"post_tag","embeddable":true,"href":"https:\/\/tvbrazilusa.com\/pt\/wp-json\/wp\/v2\/tags?post=94153"}],"curies":[{"name":"wp","href":"https:\/\/api.w.org\/{rel}","templated":true}]}}