{"id":9418,"date":"2024-07-26T20:27:46","date_gmt":"2024-07-26T20:27:46","guid":{"rendered":"https:\/\/tvbrazilusa.com\/2024\/07\/26\/as-olimpiadas-de-paris-comecam-com-uma-cerimonia-de-abertura-ambiciosa-mas-chuvosa-no-rio-sena\/"},"modified":"2024-07-26T21:16:27","modified_gmt":"2024-07-26T21:16:27","slug":"as-olimpiadas-de-paris-comecam-com-uma-cerimonia-de-abertura-ambiciosa-mas-chuvosa-no-rio-sena","status":"publish","type":"post","link":"https:\/\/tvbrazilusa.com\/pt\/2024\/07\/26\/as-olimpiadas-de-paris-comecam-com-uma-cerimonia-de-abertura-ambiciosa-mas-chuvosa-no-rio-sena\/","title":{"rendered":"As Olimp\u00edadas de Paris come\u00e7am com uma cerim\u00f4nia de abertura ambiciosa, mas chuvosa, no Rio Sena"},"content":{"rendered":"<p> <script async src=\"https:\/\/pagead2.googlesyndication.com\/pagead\/js\/adsbygoogle.js?client=ca-pub-8864793242727901\"\r\n     crossorigin=\"anonymous\"><\/script><br \/>\n<\/p>\n<div id=\"\">\n<header class=\"m-article-header m-article-header--standard\">\n\t\t\t\t\t\t\t\t\t\t\t\t<span id=\"article-header-primary-term\"><br \/>\n\t\t\t\t\t\t\t\t<a class=\"a-term a-term--primary\" href=\"https:\/\/www.boston.com\/tag\/sports\/\"><\/p>\n<p>\t\t\t\t\t\t\t\tEsportes\t\t\t\t\t\t\t\t<\/a><br \/>\n\t\t\t\t\t\t\t<\/span><\/p>\n<h2 class=\"m-article-header__sub-headline\"\/>\n<figure class=\"a-photo m-article-header__photo\"><figcaption class=\"a-photo__caption\">\n<p>\tEspectadores sentam-se na chuva em Paris, Fran\u00e7a, durante a cerim\u00f4nia de abertura dos Jogos Ol\u00edmpicos de Ver\u00e3o de 2024, sexta-feira, 26 de julho de 2024. (Foto AP\/Robert F. Bukaty)<em> <\/em>\t<\/figcaption><\/figure>\n<div class=\"m-article-header__meta\">\n<div class=\"m-article-header__byline\">\n<p class=\"m-article-header__author\">\n<p>\t\t\t\t\t\t\t\tPor JOHN LEICESTER, Associated Press\t\t\t\t\t\t\t<\/p>\n<p>\t\t\t\t\t\t    \t\t\t\t\t\t\t<time class=\"m-article-header__date\"><\/p>\n<p>        \t\t\t\t\t\t\tatualizado em 26 de julho de 2024 | 17h02    \t\t\t\t\t\t\t<\/time><\/p><\/div>\n<\/p><\/div>\n<\/header>\n<p>PARIS (AP) \u2014 Celebrando sua reputa\u00e7\u00e3o como ber\u00e7o da revolu\u00e7\u00e3o, Paris deu in\u00edcio \u00e0s suas primeiras Olimp\u00edadas de Ver\u00e3o em um s\u00e9culo na sexta-feira com uma cerim\u00f4nia encharcada de chuva e quebra de regras. <a href=\"https:\/\/apnews.com\/live\/olympics-opening-ceremony-2024-updates\">cerim\u00f4nia de abertura<\/a> repleta de estrelas e fantasia ao longo do Rio Sena.<\/p>\n<p>Chuvas intermitentes \u2014 a primeira chuva na cerim\u00f4nia de abertura das Olimp\u00edadas de Ver\u00e3o em mais de 70 anos \u2014 n\u00e3o pareceram prejudicar o entusiasmo dos atletas. Alguns seguravam guarda-chuvas enquanto desciam o rio de barco em uma demonstra\u00e7\u00e3o da resili\u00eancia da cidade enquanto as autoridades investigavam <a href=\"https:\/\/apnews.com\/article\/france-trains-olympics-74c9727d33ac86bfc126f98e45cb874f\">suspeitas de atos de sabotagem<\/a> visando a rede ferrovi\u00e1ria de alta velocidade da Fran\u00e7a.<\/p>\n<p><a href=\"https:\/\/apnews.com\/article\/olympics-2024-malicious-act-trains-opening-ceremony-40159c5b49c44088960b61e944597b07\">Interrup\u00e7\u00f5es generalizadas de viagens<\/a> desencadeada pelo que autoridades francesas chamaram de ataques incendi\u00e1rios coordenados em linhas ferrovi\u00e1rias de alta velocidade, al\u00e9m do clima ter prejudicado o clima antes da cerim\u00f4nia.<\/p>\n<p>Ainda assim, multid\u00f5es que lotavam as margens e pontes do Sena e assistiam das sacadas &#8220;oohed&#8221; e &#8220;aahed&#8221; enquanto as equipes ol\u00edmpicas desfilavam em barcos pelo canal. Sem se deixarem intimidar pelas festividades, muitas das centenas de milhares de espectadores se amontoavam sob guarda-chuvas e jaquetas enquanto a chuva se intensificava, embora alguns tenham sa\u00eddo correndo de seus assentos para buscar abrigo.<\/p>\n<p>\u201cA chuva n\u00e3o pode nos parar\u201d, disse o astro do basquete americano LeBron James. Ele e o outro porta-bandeira americano, a tenista Coco Gauff, vestiram ponchos de pl\u00e1stico transparente.<\/p>\n<p>A chuva criou algumas cenas bizarras: um pianista de l\u00e1bios r\u00edgidos tocava mesmo enquanto pequenas po\u00e7as se formavam em seu piano de cauda. Uma dan\u00e7arina de break dava cambalhotas em cima de uma plataforma encharcada de chuva. Alguns atletas em camisas coloridas estilo Bermuda pareciam vestidos para a praia, n\u00e3o para um dil\u00favio.<\/p>\n<p>\u00c0 medida que o p\u00fablico global se sintonizava, Paris deu o seu melhor \u2014 literalmente, com um <a href=\"https:\/\/apnews.com\/article\/olympics-2024-opening-ceremony-highlights-c87e1ebd06e27e6ed71764bc17293ab0\">lan\u00e7amento ol\u00edmpico espetacular que elevou o \u00e2nimo<\/a> e alegres dan\u00e7arinos de cancan franceses apareceram logo no in\u00edcio. Um curta-metragem humor\u00edstico apresentou o \u00edcone do futebol Zinedine Zidane. Plumas de fuma\u00e7a azul, branca e vermelha francesas seguiram. E <a href=\"https:\/\/apnews.com\/article\/olympics-2024-lady-gaga-opening-ceremony-900240493391dbac1fc0d3a3a6143b80\">Lady Gaga cantou<\/a>em franc\u00eas, com dan\u00e7arinos agitando pompons de plumas cor-de-rosa, acrescentando um toque de cabar\u00e9 ao que se espera ser um show de mais de tr\u00eas horas.<\/p>\n<figure class=\"wp-block-image size-full\"><img loading=\"lazy\" decoding=\"async\" width=\"1024\" height=\"683\" src=\"https:\/\/bdc2020.o0bc.com\/wp-content\/uploads\/2024\/07\/AP24208653986621-66a40e8864d40.jpg\" alt=\"\" class=\"wp-image-30930242\" srcset=\"https:\/\/bdc2020.o0bc.com\/wp-content\/uploads\/2024\/07\/AP24208653986621-66a40e8864d40.jpg?width=200 200w, https:\/\/bdc2020.o0bc.com\/wp-content\/uploads\/2024\/07\/AP24208653986621-66a40e8864d40.jpg?width=300 300w, https:\/\/bdc2020.o0bc.com\/wp-content\/uploads\/2024\/07\/AP24208653986621-66a40e8864d40.jpg?width=400 400w, https:\/\/bdc2020.o0bc.com\/wp-content\/uploads\/2024\/07\/AP24208653986621-66a40e8864d40.jpg?width=500 500w, https:\/\/bdc2020.o0bc.com\/wp-content\/uploads\/2024\/07\/AP24208653986621-66a40e8864d40.jpg?width=600 600w, https:\/\/bdc2020.o0bc.com\/wp-content\/uploads\/2024\/07\/AP24208653986621-66a40e8864d40.jpg?width=700 700w, https:\/\/bdc2020.o0bc.com\/wp-content\/uploads\/2024\/07\/AP24208653986621-66a40e8864d40.jpg?width=800 800w, https:\/\/bdc2020.o0bc.com\/wp-content\/uploads\/2024\/07\/AP24208653986621-66a40e8864d40.jpg?width=900 900w\" sizes=\"auto, (max-width: 1024px) 100vw, 1024px\"\/><figcaption class=\"wp-element-caption\">Lady Gaga se apresenta em Paris, Fran\u00e7a, antes da cerim\u00f4nia de abertura dos Jogos Ol\u00edmpicos de Ver\u00e3o de 2024, sexta-feira, 26 de julho de 2024. (Foto AP\/Kin Cheung)<\/figcaption><\/figure>\n<p>A estrela pop franco-maliana Aya Nakamura, a artista franc\u00f3fona mais ouvida do mundo, cantou seu hit \u201cDjadja\u201d acompanhada pela orquestra da Guarda Republicana Francesa. Ela surgiu de uma exibi\u00e7\u00e3o pirot\u00e9cnica, usando uma roupa toda dourada enquanto se apresentava com uma banda da guarda republicana do ex\u00e9rcito franc\u00eas.<\/p>\n<p>Unindo elementos de \u00f3pera e rock metal no cen\u00e1rio global, a banda Gojira trouxe seu estilo death metal progressivo e t\u00e9cnico, enquanto a cantora Marina Viotti inseriu seus vocais mezzo-soprano.<\/p>\n<p>Um cantor resplandecentemente vestido com as cores francesas azul, branco e vermelho cantou o hino nacional da Fran\u00e7a, La Marseillaise, do teto abobadado de ferro e vidro do Grand Palais, o local de esgrima e taekwondo. Na se\u00e7\u00e3o VIP mais adiante no rio, <a href=\"https:\/\/apnews.com\/article\/olympics-2024-paris-macron-politics-0b188022db15da870b3f52a3e33f401f\">Presidente franc\u00eas Emmanuel Macron<\/a> e outros ficaram de p\u00e9 enquanto ela cantava.<\/p>\n<p>A cerim\u00f4nia celebrou as mulheres, incluindo 10 est\u00e1tuas douradas de pioneiras que se erguiam de pedestais gigantes ao longo do rio. Entre elas estava Olympe de Gouges, que redigiu a Declara\u00e7\u00e3o dos Direitos das Mulheres e da Cidad\u00e3 em 1791 durante a Revolu\u00e7\u00e3o Francesa. Ela fez campanha pela aboli\u00e7\u00e3o da escravid\u00e3o e foi guilhotinada em 1793.<\/p>\n<p>As est\u00e1tuas ser\u00e3o oferecidas \u00e0 cidade ap\u00f3s a cerim\u00f4nia. Os Jogos de Paris pretendem ser os primeiros com n\u00fameros iguais de homens e mulheres competindo.<\/p>\n<p>Com a cerim\u00f4nia ambiciosa, as apostas para a Fran\u00e7a eram imensas. Dezenas de chefes de estado e governo estavam na cidade, e o mundo estava assistindo enquanto Paris se transformava em um gigantesco teatro a c\u00e9u aberto. Ao longo do Siene, monumentos ic\u00f4nicos se tornaram palcos para dan\u00e7arinos, cantores e outros artistas.<\/p>\n<p>A cerim\u00f4nia extensa deu aos organizadores <a href=\"https:\/\/apnews.com\/article\/olympics-2024-paris-security-opening-ceremony-86c1f55df2a55f2fc2112684f67d9e20\">multid\u00f5es maiores para transportar, organizar e proteger<\/a> do que teria acontecido se tivessem seguido o exemplo de cidades-sede ol\u00edmpicas anteriores que abriram com shows em est\u00e1dios.<\/p>\n<p>Ainda assim, conforme o show come\u00e7ou, o otimismo aumentou de que Paris \u2014 fiel ao seu lema que fala de ser inafund\u00e1vel \u2014 poderia ver suas apostas darem resultado. Isso apesar do tempo chuvoso \u2014 nenhuma outra cerim\u00f4nia de abertura das Olimp\u00edadas de Ver\u00e3o teve chuva desde Helsinque em 1952.<\/p>\n<p>Os organizadores de Paris disseram que 6.800 dos 10.500 atletas comparecer\u00e3o antes de embarcarem para os pr\u00f3ximos 16 dias de competi\u00e7\u00e3o.<\/p>\n<p>Os barcos que transportavam as equipes ol\u00edmpicas come\u00e7aram o desfile rompendo cortinas de \u00e1gua que ca\u00edam em cascata da Ponte Austerlitz, o in\u00edcio da rota do desfile de 6 quil\u00f4metros (quase 4 milhas). As \u00e1guas jorrando eram uma piscadela para as espl\u00eandidas fontes do Pal\u00e1cio de Versalhes, agora o local das competi\u00e7\u00f5es equestres ol\u00edmpicas.<\/p>\n<p>Pelo protocolo ol\u00edmpico, o primeiro barco transportou atletas da Gr\u00e9cia, ber\u00e7o dos Jogos antigos. Foi seguido pela equipe ol\u00edmpica de atletas refugiados e, ent\u00e3o, as outras na\u00e7\u00f5es em ordem alfab\u00e9tica francesa.<\/p>\n<p>Geralmente, durante as cerim\u00f4nias de abertura ol\u00edmpica, o desfile de atletas acontece durante uma pausa no razzmatazz. Mas Paris quebrou essa tradi\u00e7\u00e3o ao ter o desfile e a pompa ao mesmo tempo, misturando esportes e express\u00e3o art\u00edstica.<\/p>\n<p>Alguns espectadores que seguiram o conselho dos organizadores de chegar bem antes do hor\u00e1rio marcado para a cerim\u00f4nia reclamaram da longa espera para chegar aos seus assentos.<\/p>\n<p>\u201cParis foi \u00f3tima, mas qualquer coisa relacionada \u00e0s Olimp\u00edadas e \u00e0 dissemina\u00e7\u00e3o de informa\u00e7\u00f5es foi horr\u00edvel\u201d, disse Tony Gawne, um texano de 54 anos que apareceu seis horas antes com sua esposa.<\/p>\n<figure class=\"wp-block-image size-full\"><img loading=\"lazy\" decoding=\"async\" width=\"1024\" height=\"683\" src=\"https:\/\/bdc2020.o0bc.com\/wp-content\/uploads\/2024\/07\/AP24208673023986-66a40e9fecc1f.jpg\" alt=\"\" class=\"wp-image-30930247\" srcset=\"https:\/\/bdc2020.o0bc.com\/wp-content\/uploads\/2024\/07\/AP24208673023986-66a40e9fecc1f.jpg?width=200 200w, https:\/\/bdc2020.o0bc.com\/wp-content\/uploads\/2024\/07\/AP24208673023986-66a40e9fecc1f.jpg?width=300 300w, https:\/\/bdc2020.o0bc.com\/wp-content\/uploads\/2024\/07\/AP24208673023986-66a40e9fecc1f.jpg?width=400 400w, https:\/\/bdc2020.o0bc.com\/wp-content\/uploads\/2024\/07\/AP24208673023986-66a40e9fecc1f.jpg?width=500 500w, https:\/\/bdc2020.o0bc.com\/wp-content\/uploads\/2024\/07\/AP24208673023986-66a40e9fecc1f.jpg?width=600 600w, https:\/\/bdc2020.o0bc.com\/wp-content\/uploads\/2024\/07\/AP24208673023986-66a40e9fecc1f.jpg?width=700 700w, https:\/\/bdc2020.o0bc.com\/wp-content\/uploads\/2024\/07\/AP24208673023986-66a40e9fecc1f.jpg?width=800 800w, https:\/\/bdc2020.o0bc.com\/wp-content\/uploads\/2024\/07\/AP24208673023986-66a40e9fecc1f.jpg?width=900 900w\" sizes=\"auto, (max-width: 1024px) 100vw, 1024px\"\/><figcaption class=\"wp-element-caption\">Um equilibrista se apresenta em Paris, Fran\u00e7a, durante a cerim\u00f4nia de abertura dos Jogos Ol\u00edmpicos de Ver\u00e3o de 2024, sexta-feira, 26 de julho de 2024. (AP Photo\/Aaron Favila)<\/figcaption><\/figure>\n<p>\u201cQuando voc\u00ea gasta US$ 6.000 em dois ingressos, bem, isso \u00e9 um pouco frustrante\u201d, disse ele.<\/p>\n<p>Mas Paris tinha muitos ases na manga. A Torre Eiffel, com a cabe\u00e7a ainda vis\u00edvel abaixo das nuvens, a Catedral de Notre Dame \u2014 restaurada das cinzas de <a href=\"https:\/\/apnews.com\/article\/notre-dame-fire-timeline-paris-f6859b8ad959b35e35defa56dd582317\">seu inc\u00eandio de 2019<\/a> \u2014 o Museu do Louvre e outros monumentos ic\u00f4nicos estrelaram a cerim\u00f4nia de abertura. Diretor de teatro premiado <a href=\"https:\/\/apnews.com\/article\/olympics-2024-opening-ceremony-thomas-jolly-165c4ed071be5e65fd854dedef693a0f\">Thomas Alegre<\/a>a mente criativa do programa, estava usando a paisagem urbana de Paris, com telhados cinza-zinco, como playground para sua imagina\u00e7\u00e3o.<\/p>\n<p>Sua tarefa: Contar a hist\u00f3ria de <a href=\"https:\/\/apnews.com\/article\/france-french-olympics-paris-wine-food-race-religion-9968182f8e98f58fb11cd214555618d8\">Fran\u00e7a, seu povo, sua hist\u00f3ria<\/a> e ess\u00eancia de uma forma que deixa uma marca indel\u00e9vel no p\u00fablico ol\u00edmpico. Refresque a imagem e a autoconfian\u00e7a da capital francesa que foi <a href=\"https:\/\/apnews.com\/article\/olympics-paris-france-one-year-to-go-b1082a0ec16747bec10bd8a9dfab544e\">repetidamente atingido por ataques extremistas mortais<\/a> em 2015. Veja como Paris tamb\u00e9m pretende reiniciar as Olimp\u00edadas, com os Jogos de Ver\u00e3o que trabalhou para tornar mais atraentes e <a href=\"https:\/\/apnews.com\/article\/paris-olympics-sustainability-climate-carbon-emissions-tahiti-85a237ea50cc2f1e5c60b907e06b7299\">sustent\u00e1vel<\/a>.<\/p>\n<figure class=\"wp-block-image size-full\"><img loading=\"lazy\" decoding=\"async\" width=\"1024\" height=\"683\" src=\"https:\/\/bdc2020.o0bc.com\/wp-content\/uploads\/2024\/07\/AP24208669690801-66a40ec1de59b.jpg\" alt=\"\" class=\"wp-image-30930261\" srcset=\"https:\/\/bdc2020.o0bc.com\/wp-content\/uploads\/2024\/07\/AP24208669690801-66a40ec1de59b.jpg?width=200 200w, https:\/\/bdc2020.o0bc.com\/wp-content\/uploads\/2024\/07\/AP24208669690801-66a40ec1de59b.jpg?width=300 300w, https:\/\/bdc2020.o0bc.com\/wp-content\/uploads\/2024\/07\/AP24208669690801-66a40ec1de59b.jpg?width=400 400w, https:\/\/bdc2020.o0bc.com\/wp-content\/uploads\/2024\/07\/AP24208669690801-66a40ec1de59b.jpg?width=500 500w, https:\/\/bdc2020.o0bc.com\/wp-content\/uploads\/2024\/07\/AP24208669690801-66a40ec1de59b.jpg?width=600 600w, https:\/\/bdc2020.o0bc.com\/wp-content\/uploads\/2024\/07\/AP24208669690801-66a40ec1de59b.jpg?width=700 700w, https:\/\/bdc2020.o0bc.com\/wp-content\/uploads\/2024\/07\/AP24208669690801-66a40ec1de59b.jpg?width=800 800w, https:\/\/bdc2020.o0bc.com\/wp-content\/uploads\/2024\/07\/AP24208669690801-66a40ec1de59b.jpg?width=900 900w\" sizes=\"auto, (max-width: 1024px) 100vw, 1024px\"\/><figcaption class=\"wp-element-caption\">Atletas da Espanha viajam de barco pelo Rio Sena em Paris, Fran\u00e7a, durante a cerim\u00f4nia de abertura dos Jogos Ol\u00edmpicos de Ver\u00e3o de 2024, sexta-feira, 26 de julho de 2024. (Foto AP\/Matthias Schrader)<\/figcaption><\/figure>\n<p>\u00c9 um grande pedido. Ent\u00e3o Paris foi grande, muito grande. <a href=\"https:\/\/apnews.com\/article\/paris-olympics-security-police-military-terrorism-34b168e7a511e22ce7119a91932d2759\">Isso tamb\u00e9m vale para a seguran\u00e7a<\/a>. Grandes \u00e1reas cercadas do centro de Paris foram bloqueadas para aqueles sem passes e os c\u00e9us durante a cerim\u00f4nia eram uma zona de exclus\u00e3o a\u00e9rea por 150 quil\u00f4metros (93 milhas) ao redor.<\/p>\n<p>Muitos detalhes do espet\u00e1culo que se estendeu pela noite parisiense eram segredos bem guardados para preservar o fator surpresa, incluindo quem acenderia a pira ol\u00edmpica.<\/p>\n<p>Durante a aventura aqu\u00e1tica dos atletas, eles passaram por marcos hist\u00f3ricos que foram temporariamente transformados em arenas para esportes ol\u00edmpicos.<\/p>\n<p>Concorde Plaza, onde os revolucion\u00e1rios franceses guilhotinaram o Rei Lu\u00eds XVI e outros membros da realeza, agora sediando skate e outros esportes. O local de descanso de Napole\u00e3o Bonaparte com c\u00fapula dourada, o cen\u00e1rio para o arco e flecha ol\u00edmpico, e a Torre Eiffel, que doou peda\u00e7os de ferro que foram <a href=\"https:\/\/apnews.com\/article\/paris-olympic-medals-eiffel-tower-333c751b65c7a2a70520b2d23f85692e\">incrustado nas medalhas ol\u00edmpicas de ouro, prata e bronze.<\/a> Elas ser\u00e3o conquistadas em 329 eventos de medalhas dos 32 esportes.<\/p>\n<p>O objetivo de Paris, disse Estanguet, \u00e9 \u201cmostrar ao mundo inteiro e a todos os franceses que, neste pa\u00eds, somos capazes de coisas excepcionais\u201d.<\/p>\n<p><em>Os jornalistas da AP Megan Janetsky e Jerome Pugmire contribu\u00edram para esta reportagem.<\/em><\/p>\n<\/p><\/div>\n<p><script>\n\t\tvar consent=\"grant\";\n\t\t\/* The above code is parsing the JSON data from the local storage and storing it in a variable. *\/\n\t\t\t\t\tconst onetrustStorageConsent = JSON.parse(localStorage.getItem( 'consent_one_trust_bdc' ) );\n\t\t\tif ( ( onetrustStorageConsent !== null ) ) {\n\t\t\t\t\/* Checking to see if the user has consented to the use of cookies.\n\t\t\t\t* If they have not, it is deleting the cookie.\n\t\t\t\t* This will comment for now, until further notice.\n\t\t\t\t*\/\n\t\t\t\t\/\/if ( onetrustStorageConsent.C0002 === false ) {\n\t\t\t\t\/\/\tdocument.cookie=\"_fbp=;expires=Thu, 01 Jan 2010 00:00:00 UTC; path=\/; domain=.boston.com\";\n\t\t\t\t\/\/}\n\t\t\t\t\/* Checking if the user has given consent for the cookie C0002.\n\t\t\t\t* If the user has given consent, the variable consent will be set to 'grant'.\n\t\t\t\t* If the user has not given consent,the variable consent will be set to 'revoke'.\n\t\t\t\t* Documentation https:\/\/developers.facebook.com\/docs\/meta-pixel\/implementation\/gdpr\n\t\t\t\t*\/\n\t\t\t\tif ( onetrustStorageConsent.C0002 !== true ) {\n\t\t\t\t\tconsent=\"revoke\";\n\t\t\t\t}\n\t\t\t}\n\t\t\t\t!function(f,b,e,v,n,t,s)\n\t\t{if(f.fbq)return;n=f.fbq=function(){n.callMethod?\n\t\tn.callMethod.apply(n,arguments):n.queue.push(arguments)};\n\t\tif(!f._fbq)f._fbq=n;n.push=n;n.loaded=!0;n.version='2.0';\n\t\tn.queue=[];t=b.createElement(e);t.async=!0;\n\t\tt.src=v;s=b.getElementsByTagName(e)[0];\n\t\ts.parentNode.insertBefore(t,s)}(window, document,'script',\n\t\t'https:\/\/connect.facebook.net\/en_US\/fbevents.js');\n\t\tfbq('consent', consent);\n\t\tfbq('init', '989222871864976');\n\t\tfbq('track', 'PageView');\n\t<\/script><script type=\"module\">\n\t\tvar consent=\"grant\";\n\t\t\/* The above code is parsing the JSON data from the local storage and storing it in a variable. *\/\n\t\t\tconst onetrustStorageConsent = JSON.parse(localStorage.getItem( 'consent_one_trust_bdc' ) );\n\t\t\t\/* Checking to see if the user has consented to the use of cookies.\n\t\t\t* If they have not, it is deleting the cookie.\n\t\t\t* This will comment for now, until further notice.\n\t\t\t*\/\n\t\t\t\/\/if ( onetrustStorageConsent.C0002 === false ) {\n\t\t\t\/\/\tdocument.cookie=\"_fbp=;expires=Thu, 01 Jan 2010 00:00:00 UTC; path=\/; domain=.boston.com\";\n\t\t\t\/\/}\n\t\t\t\/* Checking if the user has given consent for the cookie C0002.\n\t\t\t* If the user has given consent, the variable consent will be set to 'grant'.\n\t\t\t* If the user has not given consent,the variable consent will be set to 'revoke'.\n\t\t\t* Documentation https:\/\/developers.facebook.com\/docs\/meta-pixel\/implementation\/gdpr\n\t\t\t*\/\n\t\t\tif ( ( onetrustStorageConsent !== null ) && (onetrustStorageConsent.C0002 !== true ) ) {\n\t\t\t\tconsent=\"revoke\";\n\t\t\t}\n\t\t\t\t!function(f,b,e,v,n,t,s){if(f.fbq)return;n=f.fbq=function()\n\t\t{n.callMethod? n.callMethod.apply(n,arguments):n.queue.push(arguments)}\n\t\t;if(!f._fbq)f._fbq=n;\n\t\tn.push=n;n.loaded=!0;n.version='2.0';n.queue=[];t=b.createElement(e);t.async=!0;\n\t\tt.src=v;s=b.getElementsByTagName(e)[0];s.parentNode.insertBefore(t,s)}(window,\n\t\tdocument,'script','https:\/\/connect.facebook.net\/en_US\/fbevents.js');\n\t\tfbq('consent', consent);\n\t\tfbq('init', '813236348753005');\n\t\tfbq('track', \"PageView\");\n\t<\/script><br \/>\n<br \/><br \/>\n<br \/><a href=\"https:\/\/www.boston.com\/sports\/sports\/2024\/07\/26\/paris-olympics-kicks-off-with-ambitious-but-rainy-opening-ceremony-on-the-seine-river\/\">Source link <\/a><\/p>","protected":false},"excerpt":{"rendered":"<p>Esportes Espectadores sentam-se na chuva em Paris, Fran\u00e7a, durante a cerim\u00f4nia de abertura dos Jogos Ol\u00edmpicos de Ver\u00e3o de 2024, sexta-feira, 26 de julho de 2024. (Foto AP\/Robert F. Bukaty)&hellip;<\/p>","protected":false},"author":1,"featured_media":9419,"comment_status":"closed","ping_status":"open","sticky":false,"template":"","format":"standard","meta":{"content-type":"","footnotes":""},"categories":[1],"tags":[],"class_list":["post-9418","post","type-post","status-publish","format-standard","has-post-thumbnail","hentry","category-uncategorized"],"_links":{"self":[{"href":"https:\/\/tvbrazilusa.com\/pt\/wp-json\/wp\/v2\/posts\/9418","targetHints":{"allow":["GET"]}}],"collection":[{"href":"https:\/\/tvbrazilusa.com\/pt\/wp-json\/wp\/v2\/posts"}],"about":[{"href":"https:\/\/tvbrazilusa.com\/pt\/wp-json\/wp\/v2\/types\/post"}],"author":[{"embeddable":true,"href":"https:\/\/tvbrazilusa.com\/pt\/wp-json\/wp\/v2\/users\/1"}],"replies":[{"embeddable":true,"href":"https:\/\/tvbrazilusa.com\/pt\/wp-json\/wp\/v2\/comments?post=9418"}],"version-history":[{"count":1,"href":"https:\/\/tvbrazilusa.com\/pt\/wp-json\/wp\/v2\/posts\/9418\/revisions"}],"predecessor-version":[{"id":9420,"href":"https:\/\/tvbrazilusa.com\/pt\/wp-json\/wp\/v2\/posts\/9418\/revisions\/9420"}],"wp:featuredmedia":[{"embeddable":true,"href":"https:\/\/tvbrazilusa.com\/pt\/wp-json\/wp\/v2\/media\/9419"}],"wp:attachment":[{"href":"https:\/\/tvbrazilusa.com\/pt\/wp-json\/wp\/v2\/media?parent=9418"}],"wp:term":[{"taxonomy":"category","embeddable":true,"href":"https:\/\/tvbrazilusa.com\/pt\/wp-json\/wp\/v2\/categories?post=9418"},{"taxonomy":"post_tag","embeddable":true,"href":"https:\/\/tvbrazilusa.com\/pt\/wp-json\/wp\/v2\/tags?post=9418"}],"curies":[{"name":"wp","href":"https:\/\/api.w.org\/{rel}","templated":true}]}}