{"id":94186,"date":"2025-01-21T13:46:31","date_gmt":"2025-01-21T13:46:31","guid":{"rendered":"https:\/\/tvbrazilusa.com\/2025\/01\/21\/lula-pretende-retirar-o-armamento-dos-agentes-penitenciarios-veja-video\/"},"modified":"2025-01-21T13:46:32","modified_gmt":"2025-01-21T13:46:32","slug":"lula-pretende-retirar-o-armamento-dos-agentes-penitenciarios-veja-video","status":"publish","type":"post","link":"https:\/\/tvbrazilusa.com\/pt\/2025\/01\/21\/lula-pretende-retirar-o-armamento-dos-agentes-penitenciarios-veja-video\/","title":{"rendered":"Lula pretende retirar o armamento dos agentes penitenci\u00e1rios; VEJA V\u00cdDEO"},"content":{"rendered":"<p> <script async src=\"https:\/\/pagead2.googlesyndication.com\/pagead\/js\/adsbygoogle.js?client=ca-pub-8864793242727901\"\r\n     crossorigin=\"anonymous\"><\/script><br \/>\n<\/p>\n<div>\n<p><span class=\"x193iq5w xeuugli x1fj9vlw x13faqbe x1vvkbs xt0psk2 x1i0vuye xvs91rp xo1l8bm x5n08af x10wh9bi x1wdrske x8viiok x18hxmgj\">Nova Portaria do Governo Lula ir\u00e1 desarmar os agentes penitenci\u00e1rios: mas calma que \u00e9 para o bem deles.<\/span><\/p>\n<p><span class=\"x193iq5w xeuugli x1fj9vlw x13faqbe x1vvkbs xt0psk2 x1i0vuye xvs91rp xo1l8bm x5n08af x10wh9bi x1wdrske x8viiok x18hxmgj\"><br \/>A justificativa \u00e9 que os presos podem desarm\u00e1-los ent\u00e3o melhor nem ter arma, n\u00e9!? Melhor nem ter chance de defesa, n\u00e9!?<br \/>Parece piada, mas \u00e9 mais um experimento em seguran\u00e7a p\u00fablica patrocinado pelo PT e por todos os que est\u00e3o apoiando essa loucura.<\/span><\/p>\n<p><span class=\"x193iq5w xeuugli x1fj9vlw x13faqbe x1vvkbs xt0psk2 x1i0vuye xvs91rp xo1l8bm x5n08af x10wh9bi x1wdrske x8viiok x18hxmgj\"><br \/>A Portaria ir\u00e1 regulamentar o Decreto que limita o uso da for\u00e7a pela seguran\u00e7a p\u00fablica, publicado na v\u00e9spera de natal.<br \/>De acordo com o Decreto, os estados que n\u00e3o obedecerem as novas regras n\u00e3o ir\u00e3o receber dinheiro. Dinheiro esse que \u00e9 nosso.<\/span><\/p>\n<p>\u00a0<\/p>\n<p><span class=\"x193iq5w xeuugli x1fj9vlw x13faqbe x1vvkbs xt0psk2 x1i0vuye xvs91rp xo1l8bm x5n08af x10wh9bi x1wdrske x8viiok x18hxmgj\">Fonte: Globo News\/@ricardoarruda.dep<\/span><\/p>\n<p>\u00a0<\/p>\n<\/div>\n<p><br \/>\n<br \/><a href=\"https:\/\/diariodobrasilnoticias.com.br\/noticia\/lula-pretende-retirar-o-armamento-dos-agentes-penitenciarios-veja-video-678fa33acc7d8\">Source link <\/a><\/p>","protected":false},"excerpt":{"rendered":"<p>Nova Portaria do Governo Lula ir\u00e1 desarmar os agentes penitenci\u00e1rios: mas calma que \u00e9 para o bem deles. A justificativa \u00e9 que os presos podem desarm\u00e1-los ent\u00e3o melhor nem ter&hellip;<\/p>","protected":false},"author":1,"featured_media":94187,"comment_status":"closed","ping_status":"open","sticky":false,"template":"","format":"standard","meta":{"content-type":"","footnotes":""},"categories":[16],"tags":[123,2448,5313,1267],"class_list":["post-94186","post","type-post","status-publish","format-standard","has-post-thumbnail","hentry","category-noticias","tag-brasil","tag-diario","tag-noticia","tag-noticias"],"_links":{"self":[{"href":"https:\/\/tvbrazilusa.com\/pt\/wp-json\/wp\/v2\/posts\/94186","targetHints":{"allow":["GET"]}}],"collection":[{"href":"https:\/\/tvbrazilusa.com\/pt\/wp-json\/wp\/v2\/posts"}],"about":[{"href":"https:\/\/tvbrazilusa.com\/pt\/wp-json\/wp\/v2\/types\/post"}],"author":[{"embeddable":true,"href":"https:\/\/tvbrazilusa.com\/pt\/wp-json\/wp\/v2\/users\/1"}],"replies":[{"embeddable":true,"href":"https:\/\/tvbrazilusa.com\/pt\/wp-json\/wp\/v2\/comments?post=94186"}],"version-history":[{"count":1,"href":"https:\/\/tvbrazilusa.com\/pt\/wp-json\/wp\/v2\/posts\/94186\/revisions"}],"predecessor-version":[{"id":94188,"href":"https:\/\/tvbrazilusa.com\/pt\/wp-json\/wp\/v2\/posts\/94186\/revisions\/94188"}],"wp:featuredmedia":[{"embeddable":true,"href":"https:\/\/tvbrazilusa.com\/pt\/wp-json\/wp\/v2\/media\/94187"}],"wp:attachment":[{"href":"https:\/\/tvbrazilusa.com\/pt\/wp-json\/wp\/v2\/media?parent=94186"}],"wp:term":[{"taxonomy":"category","embeddable":true,"href":"https:\/\/tvbrazilusa.com\/pt\/wp-json\/wp\/v2\/categories?post=94186"},{"taxonomy":"post_tag","embeddable":true,"href":"https:\/\/tvbrazilusa.com\/pt\/wp-json\/wp\/v2\/tags?post=94186"}],"curies":[{"name":"wp","href":"https:\/\/api.w.org\/{rel}","templated":true}]}}