{"id":94195,"date":"2025-01-21T14:11:38","date_gmt":"2025-01-21T14:11:38","guid":{"rendered":"https:\/\/tvbrazilusa.com\/2025\/01\/21\/eduardo-bolsonaro-explica-o-motivo-pelo-qual-nao-entrou-no-capitolio-dos-eua-veja-declaracao\/"},"modified":"2025-01-21T14:11:39","modified_gmt":"2025-01-21T14:11:39","slug":"eduardo-bolsonaro-explica-o-motivo-pelo-qual-nao-entrou-no-capitolio-dos-eua-veja-declaracao","status":"publish","type":"post","link":"https:\/\/tvbrazilusa.com\/pt\/2025\/01\/21\/eduardo-bolsonaro-explica-o-motivo-pelo-qual-nao-entrou-no-capitolio-dos-eua-veja-declaracao\/","title":{"rendered":"Eduardo Bolsonaro explica o motivo pelo qual n\u00e3o entrou no Capit\u00f3lio dos EUA; veja declara\u00e7\u00e3o"},"content":{"rendered":"<p> <script async src=\"https:\/\/pagead2.googlesyndication.com\/pagead\/js\/adsbygoogle.js?client=ca-pub-8864793242727901\"\r\n     crossorigin=\"anonymous\"><\/script><br \/>\n<\/p>\n<div>\n<figure class=\"post-image\">\n<\/figure>\n<p>            <span style=\"font-size: 12px\">Foto: Instagram Eduardo Bolsonaro<\/span><\/p>\n<p>            <!-- end metas --><br \/>\n            <!-- ADS --><\/p>\n<div id=\"taboola-read-more\" style=\"display:block; width:100%\">\n<p>Segundo o Eduardo Bolsonaro, em nota, eles foram encaminhados para o Capital One Arena onde Trump assinou os primeiros decretos e discursou para apoiadores. Segundo o parlamentar, o cerimonial do presidente americano assegurou que Bolsonaro teria espa\u00e7o na Rotunda caso viesse aos Estados Unidos e que a ida ao est\u00e1dio da fam\u00edlia ocorreu por uma &#8220;quest\u00e3o protocolar&#8221;.\n<\/p>\n<p>&#8220;Devido \u00e0 transfer\u00eancia da cerim\u00f4nia para a Rotunda do Capit\u00f3lio, apenas parlamentares desacompanhados de seus c\u00f4njuges, a fam\u00edlia Trump, alguns ministros, CEOs de empresas estrat\u00e9gicas e chefes de Estado mais pr\u00f3ximos puderam participar. Todos os demais convidados, incluindo o presidente do Paraguai e presidentes de partidos europeus, foram direcionados ao Capital One Arena, local escolhido por Trump para assinar seus primeiros decretos como presidente e discursar ao p\u00fablico&#8221;, afirmou o deputado federal.<\/p>\n<p>Localizado a pouco mais de dois quil\u00f4metros do Capit\u00f3lio, a Capital One Arena \u00e9 um est\u00e1dio multi\u00faso utilizado pela equipe da National Basketball Association (NBA) Washington Wizards e pela equipe da National Hockey League (NHL) Washington Capitals. O espa\u00e7o, que pode abrigar at\u00e9 20.300 espectadores, tamb\u00e9m costuma ser utilizado para eventos pol\u00edticos e de entretenimento.\n              <\/p>\n<\/div>\n<p>                        <!-- Scripts para conteudo --><\/p>\n<p>            <!-- .\/Scripts para conteudo --><br \/>\n            <!-- .\/Mat\u00e9ria --><\/p>\n<div class=\"row mt-3\">\n<div class=\"col-sm-6\">\n                <!-- Whatsapp channel 3--><br \/>\n                <a href=\"https:\/\/chat.whatsapp.com\/B8Qy6Erx4kb6yTzj3kaDco\" target=\"_blank\"><br \/>\n                  <img decoding=\"async\" src=\"https:\/\/diariodobrasilnoticias.com.br\/assets-site\/images\/bot_whatsapp.png\"\/><\/a>\n              <\/div>\n<div class=\"col-sm-6\">\n                <a href=\"https:\/\/t.me\/+_4gTmi5LKo03OTM5\" target=\"_blank\"><br \/>\n                  <img decoding=\"async\" src=\"https:\/\/diariodobrasilnoticias.com.br\/assets-site\/images\/bot_telegram.png\"\/><\/a>\n              <\/div>\n<\/p><\/div>\n<p>            <!-- end post-navigation --><\/p>\n<p>              <!-- end row --><\/p>\n<p>              <!-- end col-12-->\n                      <\/div>\n<p><br \/>\n<br \/><a href=\"https:\/\/diariodobrasilnoticias.com.br\/noticia\/eduardo-bolsonaro-explica-o-motivo-pelo-qual-nao-entrou-no-capitolio-dos-eua-veja-declaracao-678f8eef99e21\">Source link <\/a><\/p>","protected":false},"excerpt":{"rendered":"<p>Foto: Instagram Eduardo Bolsonaro Segundo o Eduardo Bolsonaro, em nota, eles foram encaminhados para o Capital One Arena onde Trump assinou os primeiros decretos e discursou para apoiadores. Segundo o&hellip;<\/p>","protected":false},"author":1,"featured_media":94196,"comment_status":"closed","ping_status":"open","sticky":false,"template":"","format":"standard","meta":{"content-type":"","footnotes":""},"categories":[16],"tags":[123,2448,5313,1267],"class_list":["post-94195","post","type-post","status-publish","format-standard","has-post-thumbnail","hentry","category-noticias","tag-brasil","tag-diario","tag-noticia","tag-noticias"],"_links":{"self":[{"href":"https:\/\/tvbrazilusa.com\/pt\/wp-json\/wp\/v2\/posts\/94195","targetHints":{"allow":["GET"]}}],"collection":[{"href":"https:\/\/tvbrazilusa.com\/pt\/wp-json\/wp\/v2\/posts"}],"about":[{"href":"https:\/\/tvbrazilusa.com\/pt\/wp-json\/wp\/v2\/types\/post"}],"author":[{"embeddable":true,"href":"https:\/\/tvbrazilusa.com\/pt\/wp-json\/wp\/v2\/users\/1"}],"replies":[{"embeddable":true,"href":"https:\/\/tvbrazilusa.com\/pt\/wp-json\/wp\/v2\/comments?post=94195"}],"version-history":[{"count":1,"href":"https:\/\/tvbrazilusa.com\/pt\/wp-json\/wp\/v2\/posts\/94195\/revisions"}],"predecessor-version":[{"id":94197,"href":"https:\/\/tvbrazilusa.com\/pt\/wp-json\/wp\/v2\/posts\/94195\/revisions\/94197"}],"wp:featuredmedia":[{"embeddable":true,"href":"https:\/\/tvbrazilusa.com\/pt\/wp-json\/wp\/v2\/media\/94196"}],"wp:attachment":[{"href":"https:\/\/tvbrazilusa.com\/pt\/wp-json\/wp\/v2\/media?parent=94195"}],"wp:term":[{"taxonomy":"category","embeddable":true,"href":"https:\/\/tvbrazilusa.com\/pt\/wp-json\/wp\/v2\/categories?post=94195"},{"taxonomy":"post_tag","embeddable":true,"href":"https:\/\/tvbrazilusa.com\/pt\/wp-json\/wp\/v2\/tags?post=94195"}],"curies":[{"name":"wp","href":"https:\/\/api.w.org\/{rel}","templated":true}]}}