{"id":94198,"date":"2025-01-21T14:23:42","date_gmt":"2025-01-21T14:23:42","guid":{"rendered":"https:\/\/tvbrazilusa.com\/2025\/01\/21\/lula-corta-325-mil-do-bolsa-familia-em-1-mes-e-economiza-milhoes-veja-valor\/"},"modified":"2025-01-21T14:23:44","modified_gmt":"2025-01-21T14:23:44","slug":"lula-corta-325-mil-do-bolsa-familia-em-1-mes-e-economiza-milhoes-veja-valor","status":"publish","type":"post","link":"https:\/\/tvbrazilusa.com\/pt\/2025\/01\/21\/lula-corta-325-mil-do-bolsa-familia-em-1-mes-e-economiza-milhoes-veja-valor\/","title":{"rendered":"Lula corta 325 mil do Bolsa Fam\u00edlia em 1 m\u00eas e economiza milh\u00f5es; VEJA VALOR"},"content":{"rendered":"<p> <script async src=\"https:\/\/pagead2.googlesyndication.com\/pagead\/js\/adsbygoogle.js?client=ca-pub-8864793242727901\"\r\n     crossorigin=\"anonymous\"><\/script><br \/>\n<\/p>\n<div id=\"taboola-read-more\" style=\"display:block; width:100%\">\n<p>O governo do presidente Luiz In\u00e1cio Lula da Silva (PT) cancelou 325.475 cadastros do Bolsa Fam\u00edlia em 1 m\u00eas, de dezembro de 2024 a janeiro de 2025.\n<\/p>\n<p>Esses cortes atingiram 5.021 cidades, 90% de todas do Brasil. Em 425 munic\u00edpios houve incremento no programa, com pelo menos mais uma fam\u00edlia recebendo o benef\u00edcio ante o dado do fim do ano passado.<\/p>\n<\/p>\n<p>H\u00e1 agora 20,5 milh\u00f5es de fam\u00edlias inscritas no Bolsa Fam\u00edlia. Eram 20,8 milh\u00f5es em dezembro de 2024. O gasto mensal com o programa saiu de R$ 14,1 bilh\u00f5es no fim do ano passado para R$ 13,8 bilh\u00f5es em janeiro.\n<\/p>\n<p>O Minist\u00e9rio do Desenvolvimento Social disse ao Poder360 que o objetivo dos cortes n\u00e3o \u00e9 \u201cgerar economia\u201d. Declarou que os benef\u00edcios \u201cdevem ser pagos a todos que atendam aos crit\u00e9rios de elegibilidade\u201d e que vem sendo feita uma rotineira \u201caverigua\u00e7\u00e3o cadastral\u201d para evitar fraudes (leia a nota no fim desta reportagem).\n<\/p>\n<p>O saldo de janeiro mostra 1,1 milh\u00e3o de fam\u00edlias a menos recebendo o benef\u00edcio desde o in\u00edcio do mandato de Lula. Isso porque algumas s\u00e3o inclu\u00eddas e outras, cortadas.\n<\/p>\n<p>O n\u00famero de inscritos atual, no entanto, ainda \u00e9 muito maior do que antes de\u00a0<a href=\"https:\/\/12ft.io\/proxy?q=https%3A%2F%2Fmonitor.poder360.com.br%2Fpoliticos-do-brasil%2F630212%2FJAIR-BOLSONARO%3Fano%3D2022\" target=\"_parent\">Jair Bolsonaro<\/a>\u00a0(PL) assumir o poder, em 2019. Ele\u00a0<a href=\"https:\/\/12ft.io\/proxy?q=https%3A%2F%2Fwww.poder360.com.br%2Fpoder-governo%2Fapos-boom-com-bolsonaro-lula-faz-pente-fino-timido-no-bolsa-familia%2F\" target=\"_parent\">deu um \u201cboom\u201d<\/a>\u00a0no programa depois da pandemia e incluiu milh\u00f5es de fam\u00edlias \u00e0s v\u00e9speras da elei\u00e7\u00e3o.\n<\/p>\n<p>O objetivo do Minist\u00e9rio da Fazenda \u00e9 economizar com o programa, em m\u00e9dia, R$ 2 bilh\u00f5es por ano em 2025 e 2026 para ajudar no equil\u00edbrio das contas p\u00fablicas. Com os cortes deste in\u00edcio de ano, esse objetivo deve ser atingido com folga, desde que n\u00e3o sejam feitas novas inclus\u00f5es.\n<\/p>\n<p>Especialistas indicam que h\u00e1 irregularidades que podem ser combatidas no programa. O governo de Pernambuco, por exemplo,\u00a0<a href=\"https:\/\/12ft.io\/proxy?q=https%3A%2F%2Fwww.poder360.com.br%2Fpoder-economia%2Fpernambuco-poupa-r-165-mi-com-fiscalizacao-em-beneficio-social%2F\" target=\"_parent\">fez um cruzamento de dados no cadastro de benefici\u00e1rios<\/a>\u00a0do\u00a0<a href=\"https:\/\/12ft.io\/proxy?q=https%3A%2F%2Fwww.gov.br%2Fpt-br%2Fservicos%2Fconsultar-dados-do-cadastro-unico-cadunico\" target=\"_parent\">Cadastro \u00danico<\/a>\u00a0para pagar um programa estadual e enxugou o n\u00famero de fam\u00edlias que receberiam o dinheiro em 646 mil.\n<\/p>\n<h2><strong>O QUE DIZ O GOVERNO<\/strong><\/h2>\n<p>Eis a nota do Minist\u00e9rio do Desenvolvimento Social:\n<\/p>\n<p><em>\u201cEssa redu\u00e7\u00e3o est\u00e1 ligada a fatores como o aumento de renda de algumas fam\u00edlias e o aprimoramento cadastral, uma medida adotada de forma cont\u00ednua desde 2023, in\u00edcio do mandato do presidente Lula.<\/em>\n<\/p>\n<p><em>\u201cNos anos de 2023 e 2024, o Minist\u00e9rio do Desenvolvimento e Assist\u00eancia Social, Fam\u00edlia e Combate \u00e0 Fome (MDS) tem atuado na qualifica\u00e7\u00e3o dos registros do Cadastro \u00danico para Programas Sociais do Governo Federal (Cadastro \u00danico), para avaliar situa\u00e7\u00f5es de inconsist\u00eancia de renda, composi\u00e7\u00e3o familiar e registros divergentes e registros desatualizados.\u00a0<\/em>\n<\/p>\n<p><em>\u201cA averigua\u00e7\u00e3o cadastral tem sido rotineira desde 2023. Em 2024, foi iniciada em agosto e estudos v\u00eam sendo conduzidos para aprimorar o procedimento a partir de 2025. Por meio dela, as fam\u00edlias mais vulner\u00e1veis s\u00e3o identificadas e assistidas pelos programas sociais do Governo Federal, assegurando o compromisso do pa\u00eds com a justi\u00e7a social e o cuidado com a popula\u00e7\u00e3o em situa\u00e7\u00e3o de vulnerabilidade social.<\/em>\n<\/p>\n<p><em>\u201cVale destacar que a medida visa aprimorar a destina\u00e7\u00e3o dos recursos e assegurar a focaliza\u00e7\u00e3o do Programa, e n\u00e3o gerar economia, uma vez que os benef\u00edcios devem ser pagos a todos que atendam aos crit\u00e9rios de elegibilidade.\u00a0\u00a0<\/em>\n<\/p>\n<p><em>\u201cPor meio das a\u00e7\u00f5es da averigua\u00e7\u00e3o cadastral e da busca ativa, o MDS promoveu a inclus\u00e3o de 2,86 milh\u00f5es de fam\u00edlias no Bolsa Fam\u00edlia, de mar\u00e7o a dezembro de 2023, e 1,37 milh\u00e3o de fam\u00edlias de janeiro a julho de 2024.\u201d<\/em><\/p>\n<p>Fonte: Poder 360              <\/p>\n<\/div>\n<p><br \/>\n<br \/><a href=\"https:\/\/diariodobrasilnoticias.com.br\/noticia\/lula-corta-325-mil-do-bolsa-familia-em-1-mes-e-economiza-milhoes-veja-valor-678f7e587fac6\">Source link <\/a><\/p>","protected":false},"excerpt":{"rendered":"<p>O governo do presidente Luiz In\u00e1cio Lula da Silva (PT) cancelou 325.475 cadastros do Bolsa Fam\u00edlia em 1 m\u00eas, de dezembro de 2024 a janeiro de 2025. Esses cortes atingiram&hellip;<\/p>","protected":false},"author":1,"featured_media":94199,"comment_status":"closed","ping_status":"open","sticky":false,"template":"","format":"standard","meta":{"content-type":"","footnotes":""},"categories":[16],"tags":[123,2448,5313,1267],"class_list":["post-94198","post","type-post","status-publish","format-standard","has-post-thumbnail","hentry","category-noticias","tag-brasil","tag-diario","tag-noticia","tag-noticias"],"_links":{"self":[{"href":"https:\/\/tvbrazilusa.com\/pt\/wp-json\/wp\/v2\/posts\/94198","targetHints":{"allow":["GET"]}}],"collection":[{"href":"https:\/\/tvbrazilusa.com\/pt\/wp-json\/wp\/v2\/posts"}],"about":[{"href":"https:\/\/tvbrazilusa.com\/pt\/wp-json\/wp\/v2\/types\/post"}],"author":[{"embeddable":true,"href":"https:\/\/tvbrazilusa.com\/pt\/wp-json\/wp\/v2\/users\/1"}],"replies":[{"embeddable":true,"href":"https:\/\/tvbrazilusa.com\/pt\/wp-json\/wp\/v2\/comments?post=94198"}],"version-history":[{"count":1,"href":"https:\/\/tvbrazilusa.com\/pt\/wp-json\/wp\/v2\/posts\/94198\/revisions"}],"predecessor-version":[{"id":94200,"href":"https:\/\/tvbrazilusa.com\/pt\/wp-json\/wp\/v2\/posts\/94198\/revisions\/94200"}],"wp:featuredmedia":[{"embeddable":true,"href":"https:\/\/tvbrazilusa.com\/pt\/wp-json\/wp\/v2\/media\/94199"}],"wp:attachment":[{"href":"https:\/\/tvbrazilusa.com\/pt\/wp-json\/wp\/v2\/media?parent=94198"}],"wp:term":[{"taxonomy":"category","embeddable":true,"href":"https:\/\/tvbrazilusa.com\/pt\/wp-json\/wp\/v2\/categories?post=94198"},{"taxonomy":"post_tag","embeddable":true,"href":"https:\/\/tvbrazilusa.com\/pt\/wp-json\/wp\/v2\/tags?post=94198"}],"curies":[{"name":"wp","href":"https:\/\/api.w.org\/{rel}","templated":true}]}}