{"id":94210,"date":"2025-01-21T14:54:25","date_gmt":"2025-01-21T14:54:25","guid":{"rendered":"https:\/\/tvbrazilusa.com\/2025\/01\/21\/ladroes-furtam-r-600-mil-em-assalto-a-apartamento\/"},"modified":"2025-01-21T14:54:26","modified_gmt":"2025-01-21T14:54:26","slug":"ladroes-furtam-r-600-mil-em-assalto-a-apartamento","status":"publish","type":"post","link":"https:\/\/tvbrazilusa.com\/pt\/2025\/01\/21\/ladroes-furtam-r-600-mil-em-assalto-a-apartamento\/","title":{"rendered":"Ladr\u00f5es furtam R$ 600 mil em assalto a apartamento"},"content":{"rendered":"<p> <script async src=\"https:\/\/pagead2.googlesyndication.com\/pagead\/js\/adsbygoogle.js?client=ca-pub-8864793242727901\"\r\n     crossorigin=\"anonymous\"><\/script><br \/>\n<\/p>\n<div id=\"taboola-read-more\" style=\"display:block; width:100%\">\n<p>Ladr\u00f5es invadiram um apartamento na Rua Cinco de Julho, em Copacabana, no Rio de Janeiro, e levaram R$ 600 mil em dinheiro, joias e rel\u00f3gios. C\u00e2meras de seguran\u00e7a do pr\u00e9dio capturaram o momento da entrada dos bandidos, que ocorreu \u00e0s 15h do s\u00e1bado 11. O caso veio \u00e0 tona neste fim de semana.\n<\/p>\n<p>As imagens mostram um dos criminosos conversando com o porteiro. Depois, o bandido retorna com um comparsa, e ambos sobem pelo elevador. Pouco tempo depois, descem com uma mala e passam pela portaria com os itens furtados.<\/p>\n<p>O crime ocorrido em Copacabana\n<\/p>\n<p>Ao chegarem em casa, os propriet\u00e1rios notaram a porta arrombada e o quarto completamente revirado. \u201cEstava a porta arrombada, tudo revirado no meu quarto\u201d, disse a moradora do apartamento. \u201cTodos os arm\u00e1rios estavam arrombados. O cofre aberto, a minha caixa de joias jogada assim, no ch\u00e3o. Um monte de roupas no ch\u00e3o, tamb\u00e9m.\u201d\n<\/p>\n<p>Al\u00e9m das joias de fam\u00edlia, acumuladas ao longo de 20 anos, e rel\u00f3gios, a v\u00edtima destacou o impacto emocional do crime.\n<\/p>\n<p>\u201cTudo revirado\u201d, disse a moradora. \u201cLevaram joias de fam\u00edlia. Joias que eu tinha, que eu comprei ao longo de 20 anos. Alguns rel\u00f3gios, mas, principalmente, joias. Tem a quest\u00e3o do preju\u00edzo emocional, da situa\u00e7\u00e3o. Tem o preju\u00edzo material. A minha casa est\u00e1 toda com m\u00f3veis arrombados, a porta da rua. \u00c9 uma situa\u00e7\u00e3o muito dif\u00edcil, n\u00e9?\u201d\n<\/p>\n<div class=\"autozep-outer\">\n<p>Conforme o relato da moradora, os criminosos tentaram entrar em um outro pr\u00e9dio, na manh\u00e3 do mesmo dia, na Rua Dias da Rocha, mas n\u00e3o conseguiram. O local \u00e9 pr\u00f3ximo \u00e0 resid\u00eancia furtada.\n<\/p>\n<p>Depois de as v\u00edtimas registrarem um boletim de ocorr\u00eancia na 13\u00aa DP, em Ipanema, a pol\u00edcia realizou uma per\u00edcia no local e, agora, tenta identificar os criminosos.<\/p>\n<p>Fonte: Revista Oeste\n<\/p>\n<\/div><\/div>\n<p><br \/>\n<br \/><a href=\"https:\/\/diariodobrasilnoticias.com.br\/noticia\/ladroes-furtam-r-600-mil-em-assalto-a-apartamento-678f9b3165eb1\">Source link <\/a><\/p>","protected":false},"excerpt":{"rendered":"<p>Ladr\u00f5es invadiram um apartamento na Rua Cinco de Julho, em Copacabana, no Rio de Janeiro, e levaram R$ 600 mil em dinheiro, joias e rel\u00f3gios. C\u00e2meras de seguran\u00e7a do pr\u00e9dio&hellip;<\/p>","protected":false},"author":1,"featured_media":94211,"comment_status":"closed","ping_status":"open","sticky":false,"template":"","format":"standard","meta":{"content-type":"","footnotes":""},"categories":[16],"tags":[123,2448,5313,1267],"class_list":["post-94210","post","type-post","status-publish","format-standard","has-post-thumbnail","hentry","category-noticias","tag-brasil","tag-diario","tag-noticia","tag-noticias"],"_links":{"self":[{"href":"https:\/\/tvbrazilusa.com\/pt\/wp-json\/wp\/v2\/posts\/94210","targetHints":{"allow":["GET"]}}],"collection":[{"href":"https:\/\/tvbrazilusa.com\/pt\/wp-json\/wp\/v2\/posts"}],"about":[{"href":"https:\/\/tvbrazilusa.com\/pt\/wp-json\/wp\/v2\/types\/post"}],"author":[{"embeddable":true,"href":"https:\/\/tvbrazilusa.com\/pt\/wp-json\/wp\/v2\/users\/1"}],"replies":[{"embeddable":true,"href":"https:\/\/tvbrazilusa.com\/pt\/wp-json\/wp\/v2\/comments?post=94210"}],"version-history":[{"count":1,"href":"https:\/\/tvbrazilusa.com\/pt\/wp-json\/wp\/v2\/posts\/94210\/revisions"}],"predecessor-version":[{"id":94212,"href":"https:\/\/tvbrazilusa.com\/pt\/wp-json\/wp\/v2\/posts\/94210\/revisions\/94212"}],"wp:featuredmedia":[{"embeddable":true,"href":"https:\/\/tvbrazilusa.com\/pt\/wp-json\/wp\/v2\/media\/94211"}],"wp:attachment":[{"href":"https:\/\/tvbrazilusa.com\/pt\/wp-json\/wp\/v2\/media?parent=94210"}],"wp:term":[{"taxonomy":"category","embeddable":true,"href":"https:\/\/tvbrazilusa.com\/pt\/wp-json\/wp\/v2\/categories?post=94210"},{"taxonomy":"post_tag","embeddable":true,"href":"https:\/\/tvbrazilusa.com\/pt\/wp-json\/wp\/v2\/tags?post=94210"}],"curies":[{"name":"wp","href":"https:\/\/api.w.org\/{rel}","templated":true}]}}