{"id":94213,"date":"2025-01-21T15:07:25","date_gmt":"2025-01-21T15:07:25","guid":{"rendered":"https:\/\/tvbrazilusa.com\/2025\/01\/21\/incendio-em-estacao-de-esqui-na-turquia-deixa-10-mortos-e-dezenas-de-feridos\/"},"modified":"2025-01-21T15:07:26","modified_gmt":"2025-01-21T15:07:26","slug":"incendio-em-estacao-de-esqui-na-turquia-deixa-10-mortos-e-dezenas-de-feridos","status":"publish","type":"post","link":"https:\/\/tvbrazilusa.com\/pt\/2025\/01\/21\/incendio-em-estacao-de-esqui-na-turquia-deixa-10-mortos-e-dezenas-de-feridos\/","title":{"rendered":"Inc\u00eandio em esta\u00e7\u00e3o de esqui na Turquia deixa 10 mortos e dezenas de feridos"},"content":{"rendered":"<p> <script async src=\"https:\/\/pagead2.googlesyndication.com\/pagead\/js\/adsbygoogle.js?client=ca-pub-8864793242727901\"\r\n     crossorigin=\"anonymous\"><\/script><br \/>\n<\/p>\n<div id=\"taboola-read-more\" style=\"display:block; width:100%\">\n<p>Um inc\u00eandio durante a noite em um hotel de ski turco matou pelo menos 10 pessoas e feriu outras 32 no noroeste da Turquia nesta ter\u00e7a-feira (21), disseram autoridades, enquanto as imagens mostraram equipes lutando contra chamas e fuma\u00e7a que atingiram o pr\u00e9dio de 11 andares.\n<\/p>\n<p>O inc\u00eandio come\u00e7ou no piso do restaurante do hotel no resort de ski Kartalkaya de Bolu por volta das 3h30 (hor\u00e1rio local), informou o governador de Bolu, Abdulaziz Aydin, \u00e0 emissora estatal TRT.<\/p>\n<p>Segundo ele, havia 234 h\u00f3spedes no Grand Kartal Hotel, que tem um amplo exterior de madeira.\n<\/p>\n<p>O inc\u00eandio ocorreu no in\u00edcio de um feriado escolar nacional de duas semanas, quando esquiadores das proximidades de Istambul e Ancara seguem para as montanhas Bolu.\n<\/p>\n<p>Imagens de TV mostraram v\u00e1rios carros de bombeiros cercando o hotel carbonizado na base das pistas de ski, com len\u00e7\u00f3is brancos amarrados e pendurados em uma janela do andar superior.\n<\/p>\n<p>O n\u00famero de mortos subiu para 10, com 32 feridos em uma contagem anterior, relatou o Ministro do Interior Ali Yerlikaya na rede social X, acrescentando que mais de 250 socorristas atenderam ao acidente.\n<\/p>\n<p>Investigadores buscam a causa do inc\u00eandio, afirmaram as autoridades.<\/p>\n<p>Fonte: CNN Brasil              <\/p>\n<\/div>\n<p><br \/>\n<br \/><a href=\"https:\/\/diariodobrasilnoticias.com.br\/noticia\/incendio-em-estacao-de-esqui-na-turquia-deixa-10-mortos-e-dezenas-de-feridos-678fa553eeaae\">Source link <\/a><\/p>","protected":false},"excerpt":{"rendered":"<p>Um inc\u00eandio durante a noite em um hotel de ski turco matou pelo menos 10 pessoas e feriu outras 32 no noroeste da Turquia nesta ter\u00e7a-feira (21), disseram autoridades, enquanto&hellip;<\/p>","protected":false},"author":1,"featured_media":94214,"comment_status":"closed","ping_status":"open","sticky":false,"template":"","format":"standard","meta":{"content-type":"","footnotes":""},"categories":[16],"tags":[123,2448,5313,1267],"class_list":["post-94213","post","type-post","status-publish","format-standard","has-post-thumbnail","hentry","category-noticias","tag-brasil","tag-diario","tag-noticia","tag-noticias"],"_links":{"self":[{"href":"https:\/\/tvbrazilusa.com\/pt\/wp-json\/wp\/v2\/posts\/94213","targetHints":{"allow":["GET"]}}],"collection":[{"href":"https:\/\/tvbrazilusa.com\/pt\/wp-json\/wp\/v2\/posts"}],"about":[{"href":"https:\/\/tvbrazilusa.com\/pt\/wp-json\/wp\/v2\/types\/post"}],"author":[{"embeddable":true,"href":"https:\/\/tvbrazilusa.com\/pt\/wp-json\/wp\/v2\/users\/1"}],"replies":[{"embeddable":true,"href":"https:\/\/tvbrazilusa.com\/pt\/wp-json\/wp\/v2\/comments?post=94213"}],"version-history":[{"count":1,"href":"https:\/\/tvbrazilusa.com\/pt\/wp-json\/wp\/v2\/posts\/94213\/revisions"}],"predecessor-version":[{"id":94215,"href":"https:\/\/tvbrazilusa.com\/pt\/wp-json\/wp\/v2\/posts\/94213\/revisions\/94215"}],"wp:featuredmedia":[{"embeddable":true,"href":"https:\/\/tvbrazilusa.com\/pt\/wp-json\/wp\/v2\/media\/94214"}],"wp:attachment":[{"href":"https:\/\/tvbrazilusa.com\/pt\/wp-json\/wp\/v2\/media?parent=94213"}],"wp:term":[{"taxonomy":"category","embeddable":true,"href":"https:\/\/tvbrazilusa.com\/pt\/wp-json\/wp\/v2\/categories?post=94213"},{"taxonomy":"post_tag","embeddable":true,"href":"https:\/\/tvbrazilusa.com\/pt\/wp-json\/wp\/v2\/tags?post=94213"}],"curies":[{"name":"wp","href":"https:\/\/api.w.org\/{rel}","templated":true}]}}