{"id":94219,"date":"2025-01-21T15:19:42","date_gmt":"2025-01-21T15:19:42","guid":{"rendered":"https:\/\/tvbrazilusa.com\/2025\/01\/21\/starbucks-planeja-realizar-demissoes-em-massa\/"},"modified":"2025-01-21T15:19:43","modified_gmt":"2025-01-21T15:19:43","slug":"starbucks-planeja-realizar-demissoes-em-massa","status":"publish","type":"post","link":"https:\/\/tvbrazilusa.com\/pt\/2025\/01\/21\/starbucks-planeja-realizar-demissoes-em-massa\/","title":{"rendered":"Starbucks planeja realizar demiss\u00f5es em massa"},"content":{"rendered":"<p> <script async src=\"https:\/\/pagead2.googlesyndication.com\/pagead\/js\/adsbygoogle.js?client=ca-pub-8864793242727901\"\r\n     crossorigin=\"anonymous\"><\/script><br \/>\n<\/p>\n<div id=\"taboola-read-more\" style=\"display:block; width:100%\">\n<p>A Starbucks anunciou planos de realizar demiss\u00f5es como parte de uma reestrutura\u00e7\u00e3o em sua equipe corporativa. Embora o n\u00famero de cortes n\u00e3o tenha sido divulgado, a medida n\u00e3o afetar\u00e1 os funcion\u00e1rios das lojas.\n<\/p>\n<p>A decis\u00e3o foi comunicada aos colaboradores na sexta-feira por meio de uma carta assinada pelo presidente e CEO da empresa, Brian Niccol. O objetivo da iniciativa \u00e9 simplificar as opera\u00e7\u00f5es da companhia. Niccol informou que as decis\u00f5es sobre as demiss\u00f5es ser\u00e3o conclu\u00eddas e comunicadas at\u00e9 o in\u00edcio de mar\u00e7o.<\/p>\n<p>\u201cN\u00e3o tomo essas decis\u00f5es de forma leviana e entendo que isso causar\u00e1 incerteza e preocupa\u00e7\u00e3o at\u00e9 l\u00e1\u201d, escreveu Niccol. \u201cQuero ser transparente sobre nosso progresso e planos, assegurando que voc\u00ea ou\u00e7a sobre isso diretamente de mim.\u201d Atualmente, a Starbucks emprega 361 mil pessoas ao redor do mundo, conforme indicado em seu relat\u00f3rio anual publicado em setembro.\n<\/p>\n<p>Durante o m\u00eas de dezembro do ano passado, uma greve de trabalhadores se expandiu por mais de 300 lojas do Starbucks nos Estados Unidos, com mais de 5.000 trabalhadores deixando seus postos de trabalho.\n<\/p>\n<p>Al\u00e9m das demiss\u00f5es, a empresa planeja introduzir um novo c\u00f3digo de conduta em suas lojas na Am\u00e9rica do Norte. Parte da mudan\u00e7a inclui a proibi\u00e7\u00e3o de permanecer na loja ou usar o banheiro, sem consumir produtos do Starbucks.\n<\/p>\n<p>A rede tamb\u00e9m implementar\u00e1 novas pol\u00edticas que incluem a instala\u00e7\u00e3o de placas proibindo ass\u00e9dio, viol\u00eancia, linguagem amea\u00e7adora, consumo de \u00e1lcool adquirido fora das lojas, fumo e pr\u00e1tica de mendic\u00e2ncia em suas depend\u00eancias.<\/p>\n<p>Fonte: Business Moment              <\/p>\n<\/div>\n<p><br \/>\n<br \/><a href=\"https:\/\/diariodobrasilnoticias.com.br\/noticia\/starbucks-planeja-realizar-demissoes-em-massa-678fa8e90cef2\">Source link <\/a><\/p>","protected":false},"excerpt":{"rendered":"<p>A Starbucks anunciou planos de realizar demiss\u00f5es como parte de uma reestrutura\u00e7\u00e3o em sua equipe corporativa. Embora o n\u00famero de cortes n\u00e3o tenha sido divulgado, a medida n\u00e3o afetar\u00e1 os&hellip;<\/p>","protected":false},"author":1,"featured_media":94220,"comment_status":"closed","ping_status":"open","sticky":false,"template":"","format":"standard","meta":{"content-type":"","footnotes":""},"categories":[16],"tags":[123,2448,5313,1267],"class_list":["post-94219","post","type-post","status-publish","format-standard","has-post-thumbnail","hentry","category-noticias","tag-brasil","tag-diario","tag-noticia","tag-noticias"],"_links":{"self":[{"href":"https:\/\/tvbrazilusa.com\/pt\/wp-json\/wp\/v2\/posts\/94219","targetHints":{"allow":["GET"]}}],"collection":[{"href":"https:\/\/tvbrazilusa.com\/pt\/wp-json\/wp\/v2\/posts"}],"about":[{"href":"https:\/\/tvbrazilusa.com\/pt\/wp-json\/wp\/v2\/types\/post"}],"author":[{"embeddable":true,"href":"https:\/\/tvbrazilusa.com\/pt\/wp-json\/wp\/v2\/users\/1"}],"replies":[{"embeddable":true,"href":"https:\/\/tvbrazilusa.com\/pt\/wp-json\/wp\/v2\/comments?post=94219"}],"version-history":[{"count":1,"href":"https:\/\/tvbrazilusa.com\/pt\/wp-json\/wp\/v2\/posts\/94219\/revisions"}],"predecessor-version":[{"id":94221,"href":"https:\/\/tvbrazilusa.com\/pt\/wp-json\/wp\/v2\/posts\/94219\/revisions\/94221"}],"wp:featuredmedia":[{"embeddable":true,"href":"https:\/\/tvbrazilusa.com\/pt\/wp-json\/wp\/v2\/media\/94220"}],"wp:attachment":[{"href":"https:\/\/tvbrazilusa.com\/pt\/wp-json\/wp\/v2\/media?parent=94219"}],"wp:term":[{"taxonomy":"category","embeddable":true,"href":"https:\/\/tvbrazilusa.com\/pt\/wp-json\/wp\/v2\/categories?post=94219"},{"taxonomy":"post_tag","embeddable":true,"href":"https:\/\/tvbrazilusa.com\/pt\/wp-json\/wp\/v2\/tags?post=94219"}],"curies":[{"name":"wp","href":"https:\/\/api.w.org\/{rel}","templated":true}]}}