{"id":94222,"date":"2025-01-21T15:31:43","date_gmt":"2025-01-21T15:31:43","guid":{"rendered":"https:\/\/tvbrazilusa.com\/2025\/01\/21\/na-globo-jornalista-fica-sem-rumo-apos-resposta-de-demetrio-veja-video\/"},"modified":"2025-01-21T15:31:44","modified_gmt":"2025-01-21T15:31:44","slug":"na-globo-jornalista-fica-sem-rumo-apos-resposta-de-demetrio-veja-video","status":"publish","type":"post","link":"https:\/\/tvbrazilusa.com\/pt\/2025\/01\/21\/na-globo-jornalista-fica-sem-rumo-apos-resposta-de-demetrio-veja-video\/","title":{"rendered":"Na Globo, jornalista fica sem rumo ap\u00f3s resposta de Dem\u00e9trio; VEJA V\u00cdDEO"},"content":{"rendered":"<p> <script async src=\"https:\/\/pagead2.googlesyndication.com\/pagead\/js\/adsbygoogle.js?client=ca-pub-8864793242727901\"\r\n     crossorigin=\"anonymous\"><\/script><br \/>\n<br \/>Na Globo, jornalista fica sem rumo ap\u00f3s resposta de Dem\u00e9trio; VEJA V\u00cdDEO<br \/>\n<br \/><br \/>\n<br \/><a href=\"https:\/\/diariodobrasilnoticias.com.br\/noticia\/na-globo-jornalista-fica-sem-rumo-apos-resposta-de-demetrio-veja-video-678fa7c431048\">Source link <\/a><\/p>","protected":false},"excerpt":{"rendered":"<p>Na Globo, jornalista fica sem rumo ap\u00f3s resposta de Dem\u00e9trio; VEJA V\u00cdDEO Source link<\/p>","protected":false},"author":1,"featured_media":94223,"comment_status":"closed","ping_status":"open","sticky":false,"template":"","format":"standard","meta":{"content-type":"","footnotes":""},"categories":[16],"tags":[123,2448,5313,1267],"class_list":["post-94222","post","type-post","status-publish","format-standard","has-post-thumbnail","hentry","category-noticias","tag-brasil","tag-diario","tag-noticia","tag-noticias"],"_links":{"self":[{"href":"https:\/\/tvbrazilusa.com\/pt\/wp-json\/wp\/v2\/posts\/94222","targetHints":{"allow":["GET"]}}],"collection":[{"href":"https:\/\/tvbrazilusa.com\/pt\/wp-json\/wp\/v2\/posts"}],"about":[{"href":"https:\/\/tvbrazilusa.com\/pt\/wp-json\/wp\/v2\/types\/post"}],"author":[{"embeddable":true,"href":"https:\/\/tvbrazilusa.com\/pt\/wp-json\/wp\/v2\/users\/1"}],"replies":[{"embeddable":true,"href":"https:\/\/tvbrazilusa.com\/pt\/wp-json\/wp\/v2\/comments?post=94222"}],"version-history":[{"count":1,"href":"https:\/\/tvbrazilusa.com\/pt\/wp-json\/wp\/v2\/posts\/94222\/revisions"}],"predecessor-version":[{"id":94224,"href":"https:\/\/tvbrazilusa.com\/pt\/wp-json\/wp\/v2\/posts\/94222\/revisions\/94224"}],"wp:featuredmedia":[{"embeddable":true,"href":"https:\/\/tvbrazilusa.com\/pt\/wp-json\/wp\/v2\/media\/94223"}],"wp:attachment":[{"href":"https:\/\/tvbrazilusa.com\/pt\/wp-json\/wp\/v2\/media?parent=94222"}],"wp:term":[{"taxonomy":"category","embeddable":true,"href":"https:\/\/tvbrazilusa.com\/pt\/wp-json\/wp\/v2\/categories?post=94222"},{"taxonomy":"post_tag","embeddable":true,"href":"https:\/\/tvbrazilusa.com\/pt\/wp-json\/wp\/v2\/tags?post=94222"}],"curies":[{"name":"wp","href":"https:\/\/api.w.org\/{rel}","templated":true}]}}