{"id":94237,"date":"2025-01-21T16:13:41","date_gmt":"2025-01-21T16:13:41","guid":{"rendered":"https:\/\/tvbrazilusa.com\/2025\/01\/21\/decreto-de-trump-visa-eliminar-a-cidadania-concedida-pelo-local-de-nascimento\/"},"modified":"2025-01-21T16:13:43","modified_gmt":"2025-01-21T16:13:43","slug":"decreto-de-trump-visa-eliminar-a-cidadania-concedida-pelo-local-de-nascimento","status":"publish","type":"post","link":"https:\/\/tvbrazilusa.com\/pt\/2025\/01\/21\/decreto-de-trump-visa-eliminar-a-cidadania-concedida-pelo-local-de-nascimento\/","title":{"rendered":"Decreto de Trump visa eliminar a cidadania concedida pelo local de nascimento"},"content":{"rendered":"<p> <script async src=\"https:\/\/pagead2.googlesyndication.com\/pagead\/js\/adsbygoogle.js?client=ca-pub-8864793242727901\"\r\n     crossorigin=\"anonymous\"><\/script><br \/>\n<\/p>\n<div id=\"taboola-read-more\" style=\"display:block; width:100%\">\n<p>O presidente dos EUA, Donald Trump (Partido Republicano), assinou um decreto na 2\u00aa feira (20.jan.2025) que acaba com a emiss\u00e3o da cidadania por nascimento. Filhos de imigrantes ilegais nascidos no pa\u00eds, portanto, perdem o direito autom\u00e1tico \u00e0 cidadania norte-americana.\n<\/p>\n<p>O texto do decreto cita a 14\u00aa Emenda da Constitui\u00e7\u00e3o dos Estados Unidos, que descreve que \u201ct<em>odas as pessoas nascidas ou naturalizadas nos Estados Unidos, e sujeitas \u00e0 jurisdi\u00e7\u00e3o dos mesmos, s\u00e3o cidad\u00e3os dos Estados Unidos e do Estado em que residem<\/em>\u201d, explicando que essa emenda serviu para acabar com a exclus\u00e3o da concess\u00e3o de cidadania a pessoas de ascend\u00eancia africana s\u00f3 pela etnia. Trump, por\u00e9m, descreve que a 14\u00aa Emenda n\u00e3o deveria ser usada para \u201c<em>estender a cidadania universalmente a todos os nascidos nos Estados Unidos<\/em>\u201d. Eis a \u00edntegra em\u00a0<a href=\"https:\/\/12ft.io\/proxy?q=https%3A%2F%2Fstatic.poder360.com.br%2F2025%2F01%2Fcidadania-eua-trump-portugues.pdf\" target=\"_parent\">portugu\u00eas<\/a>\u00a0(PDF \u2013 171 kB) e\u00a0<a href=\"https:\/\/12ft.io\/proxy?q=https%3A%2F%2Fstatic.poder360.com.br%2F2025%2F01%2Fcidadania-eua-trump-ingles.pdf\" target=\"_parent\">ingl\u00eas<\/a>\u00a0(PDF \u2013 170 kB).<\/p>\n<p>O decreto obriga que departamentos e ag\u00eancias do governo dos EUA n\u00e3o emitam ou aceitem documentos nos seguintes casos:\n<\/p>\n<ul>\n<li>Quando a m\u00e3e dessa pessoa estava ilegalmente presente nos Estados Unidos e o pai da pessoa n\u00e3o era um cidad\u00e3o dos Estados Unidos ou residente permanente legal no momento do nascimento da pessoa;<\/li>\n<li>Quando a presen\u00e7a da m\u00e3e dessa pessoa nos Estados Unidos era legal, mas tempor\u00e1ria, e o pai da pessoa n\u00e3o era um cidad\u00e3o dos Estados Unidos ou residente permanente legal no momento do nascimento da pessoa.<\/li>\n<\/ul>\n<p>O texto possui prazo de 30 dias para entrar em vigor. Segundo analistas ouvidos pelo jornal norte-americano\u00a0<a href=\"https:\/\/12ft.io\/proxy?q=https%3A%2F%2Fwww.washingtonpost.com%2Fimmigration%2F2025%2F01%2F20%2Ftrump-birthright-citizenship-immigrants%2F\" target=\"_parent\"><em>The Washington Post<\/em><\/a>, por\u00e9m, a medida \u00e9 inconstitucional e dever\u00e1 ser derrubada pelo Congresso.\n<\/p>\n<p>Trump tamb\u00e9m aprovou\u00a0<a href=\"https:\/\/12ft.io\/proxy?q=https%3A%2F%2Fwww.poder360.com.br%2Fpoder-internacional%2Foms-acordo-de-paris-fronteira-leia-os-decretos-de-trump%2F\" target=\"_parent\">outros decretos<\/a>\u00a0relacionados \u00e0 imigra\u00e7\u00e3o. Um deles estabelece situa\u00e7\u00e3o de emerg\u00eancia nacional na fronteira com o M\u00e9xico para enrijecer a prote\u00e7\u00e3o contra a entrada ilegal de estrangeiros com o aux\u00edlio das For\u00e7as Armadas. Inclui o envio de pessoal e recursos e a constru\u00e7\u00e3o de barreiras f\u00edsicas.\n<\/p>\n<p>O presidente tamb\u00e9m determinou a revis\u00e3o e implementa\u00e7\u00e3o de planos para fortalecer a seguran\u00e7a na divisa com o M\u00e9xico.\n<\/p>\n<p>Al\u00e9m disso, suspendeu por 90 dias o Programa de Admiss\u00e3o de Refugiados dos Estados Unidos a partir de 27 de janeiro, podendo ser prorrogado por mais 90 dias, de acordo com o envio de relat\u00f3rios.\n<\/p>\n<p>De maneira geral, Trump aumentou as penas e deporta\u00e7\u00f5es para imigrantes ilegais. O presidente aprovou decreto que cria for\u00e7as-tarefa para combater crimes nas fronteiras e pede a revis\u00e3o de financiamento a projetos que apoiam estrangeiros ilegais, al\u00e9m de interromper benef\u00edcios sociais concedidos a pessoas sem autoriza\u00e7\u00e3o.\n<\/p>\n<p>Outro decreto aumenta o rigor com o controle migrat\u00f3rio, incluindo a expuls\u00e3o de imigrantes que estejam em situa\u00e7\u00e3o ilegal no pa\u00eds e prossegue com a constru\u00e7\u00e3o de um muro e outras barreiras f\u00edsicas na fronteira com o M\u00e9xico.<\/p>\n<p>Fonte: Poder 360              <\/p>\n<\/div>\n<p><br \/>\n<br \/><a href=\"https:\/\/diariodobrasilnoticias.com.br\/noticia\/decreto-de-trump-visa-eliminar-a-cidadania-concedida-pelo-local-de-nascimento-678fb0a9c71b8\">Source link <\/a><\/p>","protected":false},"excerpt":{"rendered":"<p>O presidente dos EUA, Donald Trump (Partido Republicano), assinou um decreto na 2\u00aa feira (20.jan.2025) que acaba com a emiss\u00e3o da cidadania por nascimento. Filhos de imigrantes ilegais nascidos no&hellip;<\/p>","protected":false},"author":1,"featured_media":94238,"comment_status":"closed","ping_status":"open","sticky":false,"template":"","format":"standard","meta":{"content-type":"","footnotes":""},"categories":[16],"tags":[123,2448,5313,1267],"class_list":["post-94237","post","type-post","status-publish","format-standard","has-post-thumbnail","hentry","category-noticias","tag-brasil","tag-diario","tag-noticia","tag-noticias"],"_links":{"self":[{"href":"https:\/\/tvbrazilusa.com\/pt\/wp-json\/wp\/v2\/posts\/94237","targetHints":{"allow":["GET"]}}],"collection":[{"href":"https:\/\/tvbrazilusa.com\/pt\/wp-json\/wp\/v2\/posts"}],"about":[{"href":"https:\/\/tvbrazilusa.com\/pt\/wp-json\/wp\/v2\/types\/post"}],"author":[{"embeddable":true,"href":"https:\/\/tvbrazilusa.com\/pt\/wp-json\/wp\/v2\/users\/1"}],"replies":[{"embeddable":true,"href":"https:\/\/tvbrazilusa.com\/pt\/wp-json\/wp\/v2\/comments?post=94237"}],"version-history":[{"count":1,"href":"https:\/\/tvbrazilusa.com\/pt\/wp-json\/wp\/v2\/posts\/94237\/revisions"}],"predecessor-version":[{"id":94239,"href":"https:\/\/tvbrazilusa.com\/pt\/wp-json\/wp\/v2\/posts\/94237\/revisions\/94239"}],"wp:featuredmedia":[{"embeddable":true,"href":"https:\/\/tvbrazilusa.com\/pt\/wp-json\/wp\/v2\/media\/94238"}],"wp:attachment":[{"href":"https:\/\/tvbrazilusa.com\/pt\/wp-json\/wp\/v2\/media?parent=94237"}],"wp:term":[{"taxonomy":"category","embeddable":true,"href":"https:\/\/tvbrazilusa.com\/pt\/wp-json\/wp\/v2\/categories?post=94237"},{"taxonomy":"post_tag","embeddable":true,"href":"https:\/\/tvbrazilusa.com\/pt\/wp-json\/wp\/v2\/tags?post=94237"}],"curies":[{"name":"wp","href":"https:\/\/api.w.org\/{rel}","templated":true}]}}