{"id":94240,"date":"2025-01-21T16:13:14","date_gmt":"2025-01-21T16:13:14","guid":{"rendered":"https:\/\/tvbrazilusa.com\/2025\/01\/21\/comeca-votacao-antecipada-para-substituir-congressista-michael-waltz-jacksonville-hoje\/"},"modified":"2025-01-21T16:17:09","modified_gmt":"2025-01-21T16:17:09","slug":"comeca-votacao-antecipada-para-substituir-congressista-michael-waltz-jacksonville-hoje","status":"publish","type":"post","link":"https:\/\/tvbrazilusa.com\/pt\/2025\/01\/21\/comeca-votacao-antecipada-para-substituir-congressista-michael-waltz-jacksonville-hoje\/","title":{"rendered":"Come\u00e7a vota\u00e7\u00e3o antecipada para substituir congressista Michael Waltz | Jacksonville hoje"},"content":{"rendered":"<p> <script async src=\"https:\/\/pagead2.googlesyndication.com\/pagead\/js\/adsbygoogle.js?client=ca-pub-8864793242727901\"\r\n     crossorigin=\"anonymous\"><\/script><br \/>\n<\/p>\n<div>\n<p>A vota\u00e7\u00e3o presencial antecipada come\u00e7ou em partes do nordeste da Fl\u00f3rida em <a href=\"https:\/\/jaxtoday.org\/2024\/12\/26\/special-election-st-johns-county-voters\/\">a elei\u00e7\u00e3o especial<\/a> para ocupar a cadeira do congressista Michael Waltz. Waltz renunciou na segunda-feira, quando se juntou \u00e0 nova administra\u00e7\u00e3o Trump como conselheiro de seguran\u00e7a nacional.<\/p>\n<p>Waltz representou o Distrito 6, que inclui todos os condados de Flagler e Putnam, bem como partes dos condados de St. Johns, Lake, Marion e Volusia.<\/p>\n<p>Em 25 de novembro, depois que Waltz foi nomeado para o cargo, o governador Ron DeSantis estabeleceu uma elei\u00e7\u00e3o especial para o cargo, com uma prim\u00e1ria a ser realizada em 28 de janeiro e uma elei\u00e7\u00e3o geral em 1\u00ba de abril. marcado para 18 a 25 de janeiro.<\/p>\n<p>Tr\u00eas republicanos e dois democratas qualificaram-se para as prim\u00e1rias nesta corrida.<\/p>\n<p><strong>Republicanos:<\/strong><\/p>\n<p><strong>Democratas:<\/strong><\/p>\n<p>Candidatos adicionais se qualificaram para as elei\u00e7\u00f5es gerais e aparecer\u00e3o na vota\u00e7\u00e3o de abril junto com os vencedores das prim\u00e1rias.<\/p>\n<p>As oportunidades de vota\u00e7\u00e3o antecipada nos condados de St. Johns, Flagler e Putnam s\u00e3o detalhadas abaixo:<\/p>\n<p><strong>Condado de St.<\/strong><\/p>\n<p>De 18 a 25 de janeiro, das 9h \u00e0s 18h, diariamente, em dois locais:<\/p>\n<ul class=\"wp-block-list\">\n<li>Supervisor do Gabinete Eleitoral, Avenida A, 4455, Suite 101, Santo Agostinho.<\/li>\n<li>Biblioteca da Filial Sudeste, 6670 US 1 S., Santo Agostinho.<\/li>\n<\/ul>\n<p><strong>Condado de Flagler:<\/strong><\/p>\n<p>De 18 a 25 de janeiro, das 10h \u00e0s 18h, diariamente, em dois locais:<\/p>\n<ul class=\"wp-block-list\">\n<li>Supervisor do Gabinete Eleitoral, 1769 E. Moody Blvd., Edif\u00edcio 2, Suite 101, Bunnell.<\/li>\n<li>Biblioteca P\u00fablica do Condado de Flagler, 2500 Palm Coast Parkway NW, Palm Coast.<\/li>\n<\/ul>\n<p><strong>Condado de Putnam:<\/strong><\/p>\n<p>De 18 a 25 de janeiro, das 8h30 \u00e0s 17h30, diariamente, em tr\u00eas locais:<\/p>\n<ul class=\"wp-block-list\">\n<li>Supervisor do Gabinete Eleitoral, 2509 Crill Ave., Suite 900, Palatka.<\/li>\n<li>Centro Comunit\u00e1rio de Interlachen, 135 S. County Road 315, Interlachen.<\/li>\n<li>Centro Governamental de South Putnam, 115 N. Summit St., Crescent City.<\/li>\n<\/ul>\n<\/div>\n<p><br \/>\n<br \/><a href=\"https:\/\/jaxtoday.org\/2025\/01\/21\/early-voting-michael-waltz\/\">Source link <\/a><\/p>","protected":false},"excerpt":{"rendered":"<p>A vota\u00e7\u00e3o presencial antecipada come\u00e7ou em partes do nordeste da Fl\u00f3rida em a elei\u00e7\u00e3o especial para ocupar a cadeira do congressista Michael Waltz. Waltz renunciou na segunda-feira, quando se juntou&hellip;<\/p>","protected":false},"author":1,"featured_media":94241,"comment_status":"closed","ping_status":"open","sticky":false,"template":"","format":"standard","meta":{"content-type":"","footnotes":""},"categories":[1],"tags":[],"class_list":["post-94240","post","type-post","status-publish","format-standard","has-post-thumbnail","hentry","category-uncategorized"],"_links":{"self":[{"href":"https:\/\/tvbrazilusa.com\/pt\/wp-json\/wp\/v2\/posts\/94240","targetHints":{"allow":["GET"]}}],"collection":[{"href":"https:\/\/tvbrazilusa.com\/pt\/wp-json\/wp\/v2\/posts"}],"about":[{"href":"https:\/\/tvbrazilusa.com\/pt\/wp-json\/wp\/v2\/types\/post"}],"author":[{"embeddable":true,"href":"https:\/\/tvbrazilusa.com\/pt\/wp-json\/wp\/v2\/users\/1"}],"replies":[{"embeddable":true,"href":"https:\/\/tvbrazilusa.com\/pt\/wp-json\/wp\/v2\/comments?post=94240"}],"version-history":[{"count":1,"href":"https:\/\/tvbrazilusa.com\/pt\/wp-json\/wp\/v2\/posts\/94240\/revisions"}],"predecessor-version":[{"id":94242,"href":"https:\/\/tvbrazilusa.com\/pt\/wp-json\/wp\/v2\/posts\/94240\/revisions\/94242"}],"wp:featuredmedia":[{"embeddable":true,"href":"https:\/\/tvbrazilusa.com\/pt\/wp-json\/wp\/v2\/media\/94241"}],"wp:attachment":[{"href":"https:\/\/tvbrazilusa.com\/pt\/wp-json\/wp\/v2\/media?parent=94240"}],"wp:term":[{"taxonomy":"category","embeddable":true,"href":"https:\/\/tvbrazilusa.com\/pt\/wp-json\/wp\/v2\/categories?post=94240"},{"taxonomy":"post_tag","embeddable":true,"href":"https:\/\/tvbrazilusa.com\/pt\/wp-json\/wp\/v2\/tags?post=94240"}],"curies":[{"name":"wp","href":"https:\/\/api.w.org\/{rel}","templated":true}]}}