{"id":94246,"date":"2025-01-21T16:25:52","date_gmt":"2025-01-21T16:25:52","guid":{"rendered":"https:\/\/tvbrazilusa.com\/2025\/01\/21\/em-tom-de-advertencia-trump-avisa-os-brics-se-prejudicarem-os-estados-unidos-nao-ficarao-felizes\/"},"modified":"2025-01-21T16:25:53","modified_gmt":"2025-01-21T16:25:53","slug":"em-tom-de-advertencia-trump-avisa-os-brics-se-prejudicarem-os-estados-unidos-nao-ficarao-felizes","status":"publish","type":"post","link":"https:\/\/tvbrazilusa.com\/pt\/2025\/01\/21\/em-tom-de-advertencia-trump-avisa-os-brics-se-prejudicarem-os-estados-unidos-nao-ficarao-felizes\/","title":{"rendered":"Em tom de advert\u00eancia, Trump avisa os Brics: &#8216;Se prejudicarem os Estados Unidos, n\u00e3o ficar\u00e3o felizes&#8217;"},"content":{"rendered":"<p> <script async src=\"https:\/\/pagead2.googlesyndication.com\/pagead\/js\/adsbygoogle.js?client=ca-pub-8864793242727901\"\r\n     crossorigin=\"anonymous\"><\/script><br \/>\n<\/p>\n<div id=\"taboola-read-more\" style=\"display:block; width:100%\">\n<p>Horas depois de tomar posse como o 47\u00ba presidente dos Estados Unidos, o republicano Donald Trump enviou um recado claro ao Brics. \u201cAcho que os Brics estavam tentando prejudicar os Estados Unidos\u201d, afirmou durante uma coletiva \u00e0 imprensa na Casa Branca, enquanto assinava os primeiros atos de seu governo. \u201cSe fizerem isso, n\u00e3o ficar\u00e3o felizes com o que vi acontecer.\u201d\n<\/p>\n<p>A advert\u00eancia vem na esteira da crescente tens\u00e3o comercial entre americanos e chineses. Durante a campanha presidencial, Trump defendeu a imposi\u00e7\u00e3o de sobretaxas de importa\u00e7\u00e3o de 100% para os produtos da China, e de 60% para os demais pa\u00edses. O objetivo seria estimular a produ\u00e7\u00e3o da ind\u00fastria americana.<\/p>\n<p>As declara\u00e7\u00f5es geraram o temor de que o republicano baixasse um tarifa\u00e7o j\u00e1 nas primeiras horas de governo \u2013 algo que n\u00e3o foi concretizado, pelo menos, por enquanto. Durante a coletiva de ontem \u00e0 noite, Trump acrescentou que os Estados Unidos n\u00e3o mant\u00eam \u201cbons acordos comerciais\u201d com \u201ca maioria\u201d dos Brics. \u201cTemos um d\u00e9ficit com quase todos\u201d.\n<\/p>\n<p>O republicano, contudo, demonstrou pouco conhecimento sobre o assunto, e chegou a sugerir que a Espanha integrasse o bloco \u2013 o que n\u00e3o \u00e9 verdade. Ele tamb\u00e9m fez mist\u00e9rio sobre quais na\u00e7\u00f5es mais prejudicariam a economia americana, porque isso permitiriam que se preparassem contra eventuais san\u00e7\u00f5es.\n<\/p>\n<p>A advert\u00eancia chega tamb\u00e9m em um momento delicado para o Brasil, que assumiu a presid\u00eancia rotativa dos Brics em 1\u00ba de janeiro. Os Estados Unidos s\u00e3o o segundo maior parceiro comercial do pa\u00eds, atr\u00e1s apenas da China. As rela\u00e7\u00f5es entre Trump e o presidente Luiz In\u00e1cio\u00a0<a href=\"https:\/\/12ft.io\/proxy?q=https%3A%2F%2Fveja.abril.com.br%2Fnoticias-sobre%2Fluiz-inacio-lula-da-silva%2F\" target=\"_parent\">Lula<\/a>\u00a0da Silva, contudo, devem ser frias, a julgar pelos primeiros sinais da Casa Branca.\n<\/p>\n<p>Embora n\u00e3o seja praxe que chefes de Estado participem da cerim\u00f4nia de posse dos presidentes americanos, Trump convidou l\u00edderes alinhados \u00e0 extrema-direita, como o argentino Javier Milei e a primeira-ministra italiana Giorgia Meloni. Segundo a chancelaria brasileira, espera-se que Brasil e Estados Unidos mantenham uma rela\u00e7\u00e3o \u201cpragm\u00e1tica\u201d, pautada nos interesses comuns.\n<\/p>\n<p>O bloco de pa\u00edses era composto originalmente por Brasil, R\u00fassia, \u00cdndia, China e \u00c1frica do Sul. Em 2023, Ir\u00e3, Egito, Eti\u00f3pia e Emirados \u00c1rabes Unidos se juntaram formalmente ao grupo. Na ocasi\u00e3o, a entrada da Ar\u00e1bia Saudita tamb\u00e9m foi aprovada, mas o pa\u00eds n\u00e3o aceitou oficialmente o convite.\n<\/p>\n<p>No \u00faltimo dia 17 de janeiro, os Brics acrescentaram mais sete: Belarus, Bol\u00edvia, Cazaquist\u00e3o, Cuba, Mal\u00e1sia, Nig\u00e9ria, Tail\u00e2ndia, Uganda e Uzbequist\u00e3o.<\/p>\n<p>Fonte: Veja              <\/p>\n<\/div>\n<p><br \/>\n<br \/><a href=\"https:\/\/diariodobrasilnoticias.com.br\/noticia\/em-tom-de-advertencia-trump-avisa-os-brics-se-prejudicarem-os-estados-unidos-nao-ficarao-felizes-678fb111d501e\">Source link <\/a><\/p>","protected":false},"excerpt":{"rendered":"<p>Horas depois de tomar posse como o 47\u00ba presidente dos Estados Unidos, o republicano Donald Trump enviou um recado claro ao Brics. \u201cAcho que os Brics estavam tentando prejudicar os&hellip;<\/p>","protected":false},"author":1,"featured_media":94247,"comment_status":"closed","ping_status":"open","sticky":false,"template":"","format":"standard","meta":{"content-type":"","footnotes":""},"categories":[16],"tags":[123,2448,5313,1267],"class_list":["post-94246","post","type-post","status-publish","format-standard","has-post-thumbnail","hentry","category-noticias","tag-brasil","tag-diario","tag-noticia","tag-noticias"],"_links":{"self":[{"href":"https:\/\/tvbrazilusa.com\/pt\/wp-json\/wp\/v2\/posts\/94246","targetHints":{"allow":["GET"]}}],"collection":[{"href":"https:\/\/tvbrazilusa.com\/pt\/wp-json\/wp\/v2\/posts"}],"about":[{"href":"https:\/\/tvbrazilusa.com\/pt\/wp-json\/wp\/v2\/types\/post"}],"author":[{"embeddable":true,"href":"https:\/\/tvbrazilusa.com\/pt\/wp-json\/wp\/v2\/users\/1"}],"replies":[{"embeddable":true,"href":"https:\/\/tvbrazilusa.com\/pt\/wp-json\/wp\/v2\/comments?post=94246"}],"version-history":[{"count":1,"href":"https:\/\/tvbrazilusa.com\/pt\/wp-json\/wp\/v2\/posts\/94246\/revisions"}],"predecessor-version":[{"id":94248,"href":"https:\/\/tvbrazilusa.com\/pt\/wp-json\/wp\/v2\/posts\/94246\/revisions\/94248"}],"wp:featuredmedia":[{"embeddable":true,"href":"https:\/\/tvbrazilusa.com\/pt\/wp-json\/wp\/v2\/media\/94247"}],"wp:attachment":[{"href":"https:\/\/tvbrazilusa.com\/pt\/wp-json\/wp\/v2\/media?parent=94246"}],"wp:term":[{"taxonomy":"category","embeddable":true,"href":"https:\/\/tvbrazilusa.com\/pt\/wp-json\/wp\/v2\/categories?post=94246"},{"taxonomy":"post_tag","embeddable":true,"href":"https:\/\/tvbrazilusa.com\/pt\/wp-json\/wp\/v2\/tags?post=94246"}],"curies":[{"name":"wp","href":"https:\/\/api.w.org\/{rel}","templated":true}]}}