{"id":94249,"date":"2025-01-21T16:38:07","date_gmt":"2025-01-21T16:38:07","guid":{"rendered":"https:\/\/tvbrazilusa.com\/2025\/01\/21\/antes-de-morrer-leo-batista-perdeu-a-esposa-numa-tragedia\/"},"modified":"2025-01-21T16:38:09","modified_gmt":"2025-01-21T16:38:09","slug":"antes-de-morrer-leo-batista-perdeu-a-esposa-numa-tragedia","status":"publish","type":"post","link":"https:\/\/tvbrazilusa.com\/pt\/2025\/01\/21\/antes-de-morrer-leo-batista-perdeu-a-esposa-numa-tragedia\/","title":{"rendered":"Antes de morrer, L\u00e9o Batista perdeu a esposa numa trag\u00e9dia"},"content":{"rendered":"<p> <script async src=\"https:\/\/pagead2.googlesyndication.com\/pagead\/js\/adsbygoogle.js?client=ca-pub-8864793242727901\"\r\n     crossorigin=\"anonymous\"><\/script><br \/>\n<\/p>\n<div>Quem era L\u00e9o Batista<br \/>Batista foi um dos funcion\u00e1rios mais antigos da emissora dos Marinhos, contratado em 1970. O comunicador entrou para a hist\u00f3ria da emissora ao ser um dos primeiros \u00e2ncoras do Globo Esporte e do Jornal Hoje.<\/p>\n<p>O jornalista ficou conhecido em sua vida esportiva como A Voz Marcante. Inclusive, ele ganhou um document\u00e1rio com esse nome, produzido pelo SporTV, em junho de 2022.<\/p>\n<p>Morte<br \/>L\u00e9o Batista estava internado em estado grave na Unidade de Tratamento Intensivo do Rios D\u2019Or, na Freguesia, Jacarepagu\u00e1, zona oeste do Rio de Janeiro, desde o dia 6 de janeiro.<\/p>\n<p>A fam\u00edlia preferiu manter discri\u00e7\u00e3o sobre o estado de sa\u00fade do comunicador, que veio \u00e0 tona na \u00faltima semana.<\/p>\n<p>\u00daltimo boletim m\u00e9dico<br \/>No texto do \u00faltimo boletim m\u00e9dico, assinado pelos m\u00e9dicos Felipe Barbosa Braga de Castro e Paulo Laranjeira, foi informado que L\u00e9o Batista apresentava quadro de desidrata\u00e7\u00e3o e dor abdominal.<\/p>\n<p>\u201cAp\u00f3s a realiza\u00e7\u00e3o de exames, foi diagnosticado um tumor no p\u00e2ncreas. Ele est\u00e1 internado na Unidade de Terapia Intensiva, com o devido acompanhamento cl\u00ednico para o atual estado de sa\u00fade\u201d, disse o comunicado.<\/p>\n<p>Fonte: Metr\u00f3poles<\/p>\n<\/div>\n<p><br \/>\n<br \/><a href=\"https:\/\/diariodobrasilnoticias.com.br\/noticia\/antes-de-morrer-leo-batista-perdeu-a-esposa-numa-tragedia-678fb1888d3f0\">Source link <\/a><\/p>","protected":false},"excerpt":{"rendered":"<p>Quem era L\u00e9o BatistaBatista foi um dos funcion\u00e1rios mais antigos da emissora dos Marinhos, contratado em 1970. O comunicador entrou para a hist\u00f3ria da emissora ao ser um dos primeiros&hellip;<\/p>","protected":false},"author":1,"featured_media":94250,"comment_status":"closed","ping_status":"open","sticky":false,"template":"","format":"standard","meta":{"content-type":"","footnotes":""},"categories":[16],"tags":[123,2448,5313,1267],"class_list":["post-94249","post","type-post","status-publish","format-standard","has-post-thumbnail","hentry","category-noticias","tag-brasil","tag-diario","tag-noticia","tag-noticias"],"_links":{"self":[{"href":"https:\/\/tvbrazilusa.com\/pt\/wp-json\/wp\/v2\/posts\/94249","targetHints":{"allow":["GET"]}}],"collection":[{"href":"https:\/\/tvbrazilusa.com\/pt\/wp-json\/wp\/v2\/posts"}],"about":[{"href":"https:\/\/tvbrazilusa.com\/pt\/wp-json\/wp\/v2\/types\/post"}],"author":[{"embeddable":true,"href":"https:\/\/tvbrazilusa.com\/pt\/wp-json\/wp\/v2\/users\/1"}],"replies":[{"embeddable":true,"href":"https:\/\/tvbrazilusa.com\/pt\/wp-json\/wp\/v2\/comments?post=94249"}],"version-history":[{"count":1,"href":"https:\/\/tvbrazilusa.com\/pt\/wp-json\/wp\/v2\/posts\/94249\/revisions"}],"predecessor-version":[{"id":94251,"href":"https:\/\/tvbrazilusa.com\/pt\/wp-json\/wp\/v2\/posts\/94249\/revisions\/94251"}],"wp:featuredmedia":[{"embeddable":true,"href":"https:\/\/tvbrazilusa.com\/pt\/wp-json\/wp\/v2\/media\/94250"}],"wp:attachment":[{"href":"https:\/\/tvbrazilusa.com\/pt\/wp-json\/wp\/v2\/media?parent=94249"}],"wp:term":[{"taxonomy":"category","embeddable":true,"href":"https:\/\/tvbrazilusa.com\/pt\/wp-json\/wp\/v2\/categories?post=94249"},{"taxonomy":"post_tag","embeddable":true,"href":"https:\/\/tvbrazilusa.com\/pt\/wp-json\/wp\/v2\/tags?post=94249"}],"curies":[{"name":"wp","href":"https:\/\/api.w.org\/{rel}","templated":true}]}}