{"id":94258,"date":"2025-01-21T17:07:35","date_gmt":"2025-01-21T17:07:35","guid":{"rendered":"https:\/\/tvbrazilusa.com\/2025\/01\/21\/com-o-perdao-de-trump-manifestantes-envolvidos-no-caso-do-capitolio-comecam-a-ser-soltos\/"},"modified":"2025-01-21T17:07:37","modified_gmt":"2025-01-21T17:07:37","slug":"com-o-perdao-de-trump-manifestantes-envolvidos-no-caso-do-capitolio-comecam-a-ser-soltos","status":"publish","type":"post","link":"https:\/\/tvbrazilusa.com\/pt\/2025\/01\/21\/com-o-perdao-de-trump-manifestantes-envolvidos-no-caso-do-capitolio-comecam-a-ser-soltos\/","title":{"rendered":"Com o perd\u00e3o de Trump, manifestantes envolvidos no caso do Capit\u00f3lio come\u00e7am a ser soltos"},"content":{"rendered":"<p> <script async src=\"https:\/\/pagead2.googlesyndication.com\/pagead\/js\/adsbygoogle.js?client=ca-pub-8864793242727901\"\r\n     crossorigin=\"anonymous\"><\/script><br \/>\n<\/p>\n<div id=\"taboola-read-more\" style=\"display:block; width:100%\">\n<p>Apoiadores do presidente dos Estados Unidos, Donald Trump, que participaram de uma manifesta\u00e7\u00e3o no Capit\u00f3lio em 6 de janeiro de 2021 come\u00e7aram a deixar a pris\u00e3o nesta ter\u00e7a-feira, 21. Isso ocorreu depois que Trump, nesta segunda-feira, 20, emitiu um perd\u00e3o abrangente aos envolvidos na invas\u00e3o, cumprindo uma promessa feita durante sua campanha eleitoral.\n<\/p>\n<p>Entre os beneficiados pela redu\u00e7\u00e3o de penas est\u00e3o figuras conhecidas, como Stewart Rhodes, l\u00edder dos Oath Keepers, e Ethan Nordean, associado aos Proud Boys. O documento tamb\u00e9m determina que o Departamento de Justi\u00e7a e o Escrit\u00f3rio de Pris\u00f5es garantam a imediata emiss\u00e3o dos certificados de perd\u00e3o e a liberta\u00e7\u00e3o dos detidos.<\/p>\n<p>Al\u00e9m disso, Trump instruiu o novo procurador-geral a buscar a anula\u00e7\u00e3o de todas as acusa\u00e7\u00f5es pendentes contra indiv\u00edduos relacionados aos eventos de 6 de janeiro. Durante sua campanha presidencial, o atual chefe da Casa Branca reafirmou que revisaria os casos de todos os envolvidos no incidente.\n<\/p>\n<p>Donald Trump assinou uma s\u00e9rie de memorandos e decretos ao assumir a Presid\u00eancia<br \/>Ao assumir a Presid\u00eancia, Trump assinou uma s\u00e9rie de memorandos e decretos. O perd\u00e3o a essas 1,5 mil pessoas foi uma das a\u00e7\u00f5es mais comentadas. Outros decretos inclu\u00edram a mudan\u00e7a do nome do Golfo do M\u00e9xico para Golfo da Am\u00e9rica e a retirada dos Estados Unidos da Organiza\u00e7\u00e3o Mundial da Sa\u00fade (OMS).\n<\/p>\n<p>Entre as a\u00e7\u00f5es assinadas por Trump, destacam-se tamb\u00e9m a determina\u00e7\u00e3o de revogar a perman\u00eancia do pa\u00eds na OMS e a ordem para que o procurador-geral dos Estados Unidos n\u00e3o tomasse nenhuma a\u00e7\u00e3o para retirar o TikTok do mercado norte-americano. Trump ainda determinou o fechamento da fronteira para migrantes que buscam asilo e o fim do direito \u00e0 cidadania por nascimento.\n<\/p>\n<p>No site da Casa Branca, Trump publicou v\u00e1rias dessas ordens executivas. Elas incluem a revoga\u00e7\u00e3o de atos assinados no governo de Joe Biden. Trump assinou um total de 80 revoga\u00e7\u00f5es, com \u00eanfase em ordens executivas e memorandos que afetam a\u00e7\u00f5es do governo anterior.\n<\/p>\n<p>Fonte: Revista Oeste              <\/p>\n<\/div>\n<p><br \/>\n<br \/><a href=\"https:\/\/diariodobrasilnoticias.com.br\/noticia\/com-o-perdao-de-trump-manifestantes-envolvidos-no-caso-do-capitolio-comecam-a-ser-soltos-678fb2081a6df\">Source link <\/a><\/p>","protected":false},"excerpt":{"rendered":"<p>Apoiadores do presidente dos Estados Unidos, Donald Trump, que participaram de uma manifesta\u00e7\u00e3o no Capit\u00f3lio em 6 de janeiro de 2021 come\u00e7aram a deixar a pris\u00e3o nesta ter\u00e7a-feira, 21. Isso&hellip;<\/p>","protected":false},"author":1,"featured_media":94259,"comment_status":"closed","ping_status":"open","sticky":false,"template":"","format":"standard","meta":{"content-type":"","footnotes":""},"categories":[16],"tags":[123,2448,5313,1267],"class_list":["post-94258","post","type-post","status-publish","format-standard","has-post-thumbnail","hentry","category-noticias","tag-brasil","tag-diario","tag-noticia","tag-noticias"],"_links":{"self":[{"href":"https:\/\/tvbrazilusa.com\/pt\/wp-json\/wp\/v2\/posts\/94258","targetHints":{"allow":["GET"]}}],"collection":[{"href":"https:\/\/tvbrazilusa.com\/pt\/wp-json\/wp\/v2\/posts"}],"about":[{"href":"https:\/\/tvbrazilusa.com\/pt\/wp-json\/wp\/v2\/types\/post"}],"author":[{"embeddable":true,"href":"https:\/\/tvbrazilusa.com\/pt\/wp-json\/wp\/v2\/users\/1"}],"replies":[{"embeddable":true,"href":"https:\/\/tvbrazilusa.com\/pt\/wp-json\/wp\/v2\/comments?post=94258"}],"version-history":[{"count":1,"href":"https:\/\/tvbrazilusa.com\/pt\/wp-json\/wp\/v2\/posts\/94258\/revisions"}],"predecessor-version":[{"id":94260,"href":"https:\/\/tvbrazilusa.com\/pt\/wp-json\/wp\/v2\/posts\/94258\/revisions\/94260"}],"wp:featuredmedia":[{"embeddable":true,"href":"https:\/\/tvbrazilusa.com\/pt\/wp-json\/wp\/v2\/media\/94259"}],"wp:attachment":[{"href":"https:\/\/tvbrazilusa.com\/pt\/wp-json\/wp\/v2\/media?parent=94258"}],"wp:term":[{"taxonomy":"category","embeddable":true,"href":"https:\/\/tvbrazilusa.com\/pt\/wp-json\/wp\/v2\/categories?post=94258"},{"taxonomy":"post_tag","embeddable":true,"href":"https:\/\/tvbrazilusa.com\/pt\/wp-json\/wp\/v2\/tags?post=94258"}],"curies":[{"name":"wp","href":"https:\/\/api.w.org\/{rel}","templated":true}]}}