{"id":94275,"date":"2025-01-21T17:57:43","date_gmt":"2025-01-21T17:57:43","guid":{"rendered":"https:\/\/tvbrazilusa.com\/2025\/01\/21\/urgente-marco-rubio-desafeto-de-lula-acaba-de-ser-empossado-secretario-de-estado-americano\/"},"modified":"2025-01-21T17:57:45","modified_gmt":"2025-01-21T17:57:45","slug":"urgente-marco-rubio-desafeto-de-lula-acaba-de-ser-empossado-secretario-de-estado-americano","status":"publish","type":"post","link":"https:\/\/tvbrazilusa.com\/pt\/2025\/01\/21\/urgente-marco-rubio-desafeto-de-lula-acaba-de-ser-empossado-secretario-de-estado-americano\/","title":{"rendered":"URGENTE: Marco Rubio, desafeto de Lula, acaba de ser empossado secret\u00e1rio de estado americano"},"content":{"rendered":"<p> <script async src=\"https:\/\/pagead2.googlesyndication.com\/pagead\/js\/adsbygoogle.js?client=ca-pub-8864793242727901\"\r\n     crossorigin=\"anonymous\"><\/script><br \/>\n<\/p>\n<div>\n<figure class=\"post-image\">\n<\/figure>\n<p>            <span style=\"font-size: 12px\">Reprodu\u00e7\u00e3o<\/span><\/p>\n<p>            <!-- end metas --><br \/>\n            <!-- ADS --><\/p>\n<div id=\"taboola-read-more\" style=\"display:block; width:100%\">\n<p>Marco Rubio, senador pela Fl\u00f3rida e conhecido por suas cr\u00edticas ao presidente brasileiro Luiz In\u00e1cio Lula da Silva, foi recentemente empossado como Secret\u00e1rio de Estado dos Estados Unidos pelo Vice-Presidente JD Vance. A cerim\u00f4nia marca uma nova fase na administra\u00e7\u00e3o de Donald Trump, onde Rubio assume um dos cargos mais influentes da diplomacia americana. Rubio, filho de imigrantes cubanos, tem uma hist\u00f3ria de posicionamentos firmes contra regimes de esquerda na Am\u00e9rica Latina, o que pode impactar significativamente as rela\u00e7\u00f5es bilaterais entre EUA e Brasil.\n<\/p>\n<p>A nomea\u00e7\u00e3o de Rubio como Secret\u00e1rio de Estado foi confirmada pelo Senado dos EUA por unanimidade, demonstrando um amplo apoio ao seu papel na pol\u00edtica externa do governo Trump. Rubio tem se destacado por sua postura linha-dura contra advers\u00e1rios geopol\u00edticos como China, Ir\u00e3, Venezuela e Cuba, e seu hist\u00f3rico de oposi\u00e7\u00e3o a pol\u00edticas e lideran\u00e7as de esquerda na regi\u00e3o pode trazer tens\u00f5es adicionais nas rela\u00e7\u00f5es com o Brasil, especialmente devido a suas cr\u00edticas anteriores ao governo de Lula e ao ministro do STF Alexandre de Moraes.<\/p>\n<p>Este evento \u00e9 particularmente not\u00e1vel por ser a primeira vez que o Vice-Presidente JD Vance, conhecido por sua trajet\u00f3ria conservadora e por sua elei\u00e7\u00e3o como vice de Trump, presta juramento a uma autoridade federal. A cerim\u00f4nia de posse de Rubio ocorre em um contexto onde a pol\u00edtica externa dos EUA pode se tornar mais agressiva em rela\u00e7\u00e3o a pa\u00edses considerados advers\u00e1rios, potencialmente influenciando a din\u00e2mica diplom\u00e1tica na Am\u00e9rica Latina e al\u00e9m. A escolha de Rubio reflete uma estrat\u00e9gia de Trump para fortalecer a presen\u00e7a americana no cen\u00e1rio internacional, com um enfoque especial nos interesses nacionais e na seguran\u00e7a.              <\/p>\n<\/div>\n<p>                        <!-- Scripts para conteudo --><\/p>\n<p>            <!-- .\/Scripts para conteudo --><br \/>\n            <!-- .\/Mat\u00e9ria --><\/p>\n<div class=\"row mt-3\">\n<div class=\"col-sm-6\">\n                <!-- Whatsapp channel 3--><br \/>\n                <a href=\"https:\/\/chat.whatsapp.com\/B8Qy6Erx4kb6yTzj3kaDco\" target=\"_blank\"><br \/>\n                  <img decoding=\"async\" src=\"https:\/\/diariodobrasilnoticias.com.br\/assets-site\/images\/bot_whatsapp.png\"\/><\/a>\n              <\/div>\n<div class=\"col-sm-6\">\n                <a href=\"https:\/\/t.me\/+_4gTmi5LKo03OTM5\" target=\"_blank\"><br \/>\n                  <img decoding=\"async\" src=\"https:\/\/diariodobrasilnoticias.com.br\/assets-site\/images\/bot_telegram.png\"\/><\/a>\n              <\/div>\n<\/p><\/div>\n<p>            <!-- end post-navigation --><\/p>\n<p>              <!-- end row --><\/p>\n<p>              <!-- end col-12-->\n                      <\/div>\n<p><br \/>\n<br \/><a href=\"https:\/\/diariodobrasilnoticias.com.br\/noticia\/urgente-marco-rubio-desafeto-de-lula-acaba-de-ser-empossado-secretario-de-estado-americano-678fb5b2c346a\">Source link <\/a><\/p>","protected":false},"excerpt":{"rendered":"<p>Reprodu\u00e7\u00e3o Marco Rubio, senador pela Fl\u00f3rida e conhecido por suas cr\u00edticas ao presidente brasileiro Luiz In\u00e1cio Lula da Silva, foi recentemente empossado como Secret\u00e1rio de Estado dos Estados Unidos pelo&hellip;<\/p>","protected":false},"author":1,"featured_media":94276,"comment_status":"closed","ping_status":"open","sticky":false,"template":"","format":"standard","meta":{"content-type":"","footnotes":""},"categories":[16],"tags":[123,2448,5313,1267],"class_list":["post-94275","post","type-post","status-publish","format-standard","has-post-thumbnail","hentry","category-noticias","tag-brasil","tag-diario","tag-noticia","tag-noticias"],"_links":{"self":[{"href":"https:\/\/tvbrazilusa.com\/pt\/wp-json\/wp\/v2\/posts\/94275","targetHints":{"allow":["GET"]}}],"collection":[{"href":"https:\/\/tvbrazilusa.com\/pt\/wp-json\/wp\/v2\/posts"}],"about":[{"href":"https:\/\/tvbrazilusa.com\/pt\/wp-json\/wp\/v2\/types\/post"}],"author":[{"embeddable":true,"href":"https:\/\/tvbrazilusa.com\/pt\/wp-json\/wp\/v2\/users\/1"}],"replies":[{"embeddable":true,"href":"https:\/\/tvbrazilusa.com\/pt\/wp-json\/wp\/v2\/comments?post=94275"}],"version-history":[{"count":1,"href":"https:\/\/tvbrazilusa.com\/pt\/wp-json\/wp\/v2\/posts\/94275\/revisions"}],"predecessor-version":[{"id":94277,"href":"https:\/\/tvbrazilusa.com\/pt\/wp-json\/wp\/v2\/posts\/94275\/revisions\/94277"}],"wp:featuredmedia":[{"embeddable":true,"href":"https:\/\/tvbrazilusa.com\/pt\/wp-json\/wp\/v2\/media\/94276"}],"wp:attachment":[{"href":"https:\/\/tvbrazilusa.com\/pt\/wp-json\/wp\/v2\/media?parent=94275"}],"wp:term":[{"taxonomy":"category","embeddable":true,"href":"https:\/\/tvbrazilusa.com\/pt\/wp-json\/wp\/v2\/categories?post=94275"},{"taxonomy":"post_tag","embeddable":true,"href":"https:\/\/tvbrazilusa.com\/pt\/wp-json\/wp\/v2\/tags?post=94275"}],"curies":[{"name":"wp","href":"https:\/\/api.w.org\/{rel}","templated":true}]}}