{"id":94283,"date":"2025-01-21T18:07:26","date_gmt":"2025-01-21T18:07:26","guid":{"rendered":"https:\/\/tvbrazilusa.com\/2025\/01\/21\/152-6-de-janeiro-reus-da-fl-perdoados-no-primeiro-ato-oficial-de-trump\/"},"modified":"2025-01-21T18:23:04","modified_gmt":"2025-01-21T18:23:04","slug":"152-6-de-janeiro-reus-da-fl-perdoados-no-primeiro-ato-oficial-de-trump","status":"publish","type":"post","link":"https:\/\/tvbrazilusa.com\/pt\/2025\/01\/21\/152-6-de-janeiro-reus-da-fl-perdoados-no-primeiro-ato-oficial-de-trump\/","title":{"rendered":"152, 6 de janeiro, r\u00e9us da FL perdoados no primeiro ato oficial de Trump"},"content":{"rendered":"<p> <script async src=\"https:\/\/pagead2.googlesyndication.com\/pagead\/js\/adsbygoogle.js?client=ca-pub-8864793242727901\"\r\n     crossorigin=\"anonymous\"><\/script><br \/>\n<\/p>\n<div id=\"\">\n<div class=\"styles_HTMLContent__LDG2k\">\n<p>FL\u00d3RIDA \u2013 Na primeira de uma s\u00e9rie de a\u00e7\u00f5es executivas ap\u00f3s chegar \u00e0 Casa Branca na segunda-feira, o rec\u00e9m-empossado presidente Donald Trump perdoou mais de 1.500 pessoas acusadas de conex\u00e3o com o ataque de 6 de janeiro ao Capit\u00f3lio dos EUA, incluindo 152 da Fl\u00f3rida.<\/p>\n<\/div>\n<div class=\"styles_HTMLContent__LDG2k\">\n<p>Trump tamb\u00e9m comutou as senten\u00e7as de outras 14 pessoas, incluindo l\u00edderes dos Oath Keepers e Proud Boys. Estes foram acusados \u200b\u200bde alguns dos casos mais graves e de grande repercuss\u00e3o. <\/p>\n<p>A decis\u00e3o representou um amplo manto de impunidade para os apoiantes de Trump, que derrubaram a tradi\u00e7\u00e3o do pa\u00eds de transfer\u00eancias pac\u00edficas de poder ao tentarem anular a sua derrota eleitoral h\u00e1 quatro anos. Trump os descreveu como \u201cref\u00e9ns\u201d e disse esperar que sejam libertados em breve.<\/p>\n<\/div>\n<div class=\"ContentBlocks_CardDetail__SubscribeBlock__4zBcQ ContentBlocks_CardDetail__SubscribeBlock--mobile__18tT_\">\n<section class=\"styles_SubscribeForm__0dj5n\">\n<h2 class=\"styles_SubscribeForm__title__F_olP\">Descubra o que est\u00e1 acontecendo em Bradenton<span class=\"styles_SubscribeForm__title--nextLine__FTO3K\">gratuitamente com as atualiza\u00e7\u00f5es mais recentes do Patch.<\/span><\/h2>\n<\/section>\n<\/div>\n<div class=\"styles_HTMLContent__LDG2k\">\n<p>Os perdoados inclu\u00edam o ex-l\u00edder dos Proud Boys, Enrique Tarrio, que foi condenado a 22 anos de pris\u00e3o \u2013 a pena de pris\u00e3o mais longa entre todos os acusados \u200b\u200bdo ataque de 6 de janeiro \u2013 por condena\u00e7\u00e3o por conspira\u00e7\u00e3o sediciosa. <\/p>\n<hr\/>\n<p><strong>Hist\u00f3rias relacionadas: <\/strong><\/p>\n<\/div>\n<div class=\"ContentBlocks_CardDetail__SubscribeBlock__4zBcQ ContentBlocks_CardDetail__SubscribeBlock--desktop__oN6vv\">\n<section class=\"styles_SubscribeForm__0dj5n\">\n<h2 class=\"styles_SubscribeForm__title__F_olP\">Descubra o que est\u00e1 acontecendo em Bradenton<span class=\"styles_SubscribeForm__title--nextLine__FTO3K\">gratuitamente com as atualiza\u00e7\u00f5es mais recentes do Patch.<\/span><\/h2>\n<\/section>\n<\/div>\n<div class=\"styles_HTMLContent__LDG2k\">\n<hr\/>\n<p>No in\u00edcio deste m\u00eas, antes da posse, Tarrio pediu perd\u00e3o a Trump, Patch relatou anteriormente. <\/p>\n<p>\u201cHenry &#8216;Enrique&#8217; Tarrio foi retratado ao longo do caso do Governo como um extremista de direita que promoveu uma organiza\u00e7\u00e3o militante neofascista\u201d, escreveu o seu advogado numa carta a Trump. \u201cHenry nada mais \u00e9 do que um americano orgulhoso que acredita em verdadeiros valores conservadores.\u201d<\/p>\n<\/div>\n<div class=\"styles_HTMLContent__LDG2k\">\n<p>Stewart Rhodes, o ex-l\u00edder da mil\u00edcia Oath Keepers, que recebeu a segunda senten\u00e7a mais longa \u2013 18 anos \u2013 por sua condena\u00e7\u00e3o por conspira\u00e7\u00e3o sediciosa, foi libertado de uma pris\u00e3o federal de Cumberland, Maryland, na manh\u00e3 de ter\u00e7a-feira.<\/p>\n<p>Trump tamb\u00e9m ordenou que o procurador-geral buscasse a rejei\u00e7\u00e3o de cerca de 450 casos pendentes perante ju\u00edzes decorrentes da maior investiga\u00e7\u00e3o da hist\u00f3ria do Departamento de Justi\u00e7a.<\/p>\n<\/div>\n<div class=\"styles_HTMLContent__LDG2k\">\n<p><strong>Outros da Fl\u00f3rida que foram perdoados incluem:<\/strong><\/p>\n<p><strong>Kelly Meggs de Dunnellon: <\/strong>Ele e sua esposa invadiram o Capit\u00f3lio com um grupo de Oath Keepers. Ele foi considerado culpado de m\u00faltiplas acusa\u00e7\u00f5es em novembro de 2022 e posteriormente condenado a 12 anos de pris\u00e3o.<\/p>\n<p>Meggs supostamente enviou uma mensagem para algu\u00e9m no Facebook: &#8220;Trump disse que vai ser selvagem!!!!!!! Vai ser selvagem!!!!!!! Ele quer que fa\u00e7amos isso SELVAGEM, \u00e9 o que ele est\u00e1 dizendo. Ele chamou todos n\u00f3s para o Capitol e quer que a tornemos selvagem!!!\u201d<\/p>\n<p><strong>Adam Johnson de Parrish:<\/strong> Mais conhecido como \u201cLectern Guy\u201d depois de ter sido fotografado sorrindo e acenando enquanto carregava o p\u00falpito da presidente da C\u00e2mara, Nancy Pelosi, Johnson tamb\u00e9m estava entre os manifestantes perdoados em 6 de janeiro. Ele se declarou culpado das acusa\u00e7\u00f5es em fevereiro de 2022 e passou 75 dias na pris\u00e3o federal.<\/p>\n<p><strong>Joseph Hackett de Sarasota:<\/strong> O quiropr\u00e1tico que invadiu o Capit\u00f3lio com um grupo de Oath Keepers foi considerado culpado de m\u00faltiplas acusa\u00e7\u00f5es em fevereiro de 2023 e condenado a 42 meses de pris\u00e3o. Sua senten\u00e7a foi comutada a partir de segunda-feira. <\/p>\n<\/div>\n<div class=\"styles_HTMLContent__LDG2k\">\n<p><strong>Veja a lista completa de residentes da Fl\u00f3rida acusados \u200b\u200bno <a href=\"https:\/\/www.npr.org\/2021\/02\/09\/965472049\/the-capitol-siege-the-arrested-and-their-stories\" rel=\"nofollow\" target=\"_blank\">Motim de 6 de janeiro aqui<\/a>.<\/strong><\/p>\n<p>Trump alegou que eles e outros foram tratados injustamente pelo Departamento de Justi\u00e7a, que tamb\u00e9m o acusou de crimes federais em dois casos que ele afirma terem motiva\u00e7\u00e3o pol\u00edtica. Trump disse que os perd\u00f5es por\u00e3o fim a \u201cuma grave injusti\u00e7a nacional que foi perpetrada contra o povo americano nos \u00faltimos quatro anos\u201d e iniciar\u00e3o \u201cum processo de reconcilia\u00e7\u00e3o nacional\u201d.<\/p>\n<p>Os indultos foram recebidos com entusiasmo pelos apoiadores de Trump e pelos advogados dos r\u00e9us de 6 de janeiro. Os apoiadores de Trump se reuniram na noite de segunda-feira no frio do lado de fora da pris\u00e3o de Washington, onde mais de uma d\u00fazia de r\u00e9us estavam detidos antes dos indultos.<\/p>\n<p>\u201cEstamos profundamente gratos ao Presidente Trump pelas suas a\u00e7\u00f5es hoje\u201d, disse James Lee Bright, advogado que representou Rhodes.<\/p>\n<p>\u201cIsto marca um momento crucial na vida do nosso cliente e simboliza um ponto de viragem para a nossa na\u00e7\u00e3o\u201d, disse o advogado de Tarrio, Nayib Hassan, num comunicado. \u201cEstamos otimistas para o futuro, pois agora viramos a p\u00e1gina deste cap\u00edtulo, abra\u00e7ando novas possibilidades e oportunidades.\u201d\u201d<\/p>\n<\/div>\n<div class=\"styles_HTMLContent__LDG2k\">\n<p>Os democratas criticaram a medida para estender os indultos aos manifestantes violentos, muitos dos quais cujos crimes foram capturados pelas c\u00e2meras e transmitidos ao vivo pela TV.<\/p>\n<p>A ex-presidente da C\u00e2mara, Nancy Pelosi, chamou isso de \u201cum insulto ultrajante ao nosso sistema de justi\u00e7a e aos her\u00f3is que sofreram cicatrizes f\u00edsicas e traumas emocionais enquanto protegiam o Capit\u00f3lio, o Congresso e a Constitui\u00e7\u00e3o\u201d.<\/p>\n<p>\u201cDonald Trump est\u00e1 inaugurando uma Era de Ouro para pessoas que infringem a lei e tentam derrubar o governo\u201d, disse o l\u00edder democrata do Senado, Chuck Schumer, em comunicado enviado por e-mail.<\/p>\n<p>O ex-oficial da Pol\u00edcia Metropolitana Michael Fanone, que perdeu a consci\u00eancia e sofreu um ataque card\u00edaco depois que um desordeiro o chocou com uma arma de choque, pareceu surpreso ao saber por um rep\u00f3rter da Associated Press que aqueles que agrediram os policiais est\u00e3o entre os destinat\u00e1rios do perd\u00e3o.<\/p>\n<p>\u201cFoi nisso que o povo americano votou\u201d, disse ele. \u201cComo voc\u00ea reage a algo assim?\u201d<\/p>\n<\/div>\n<div class=\"styles_HTMLContent__LDG2k\">\n<p>Fanone disse que passou os \u00faltimos quatro anos preocupado com sua seguran\u00e7a e com o bem-estar de sua fam\u00edlia. Perdoar seus agressores s\u00f3 aumenta seus medos, disse ele.<\/p>\n<p>\u201cAcho que eles s\u00e3o covardes\u201d, disse ele. \u201cA for\u00e7a deles estava no n\u00famero e na mentalidade da multid\u00e3o. E como indiv\u00edduos, eles s\u00e3o quem s\u00e3o.\u201d<\/p>\n<p><em>A Associated Press contribuiu com reportagens.<\/em><\/p>\n<\/div>\n<hr\/>\n<p>Receba mais not\u00edcias locais diretamente em sua caixa de entrada.<!-- --> <a target=\"_blank\" href=\"http:\/\/patch.com\/florida\/bradenton\/subscribe\" class=\"\">Inscreva-se para receber boletins informativos e alertas gratuitos sobre Patch.<\/a><\/div>\n<p><br \/>\n<br \/><a href=\"http:\/\/patch.com\/florida\/bradenton\/152-jan-6-defendants-fl-pardoned-trump-s-first-official-act?utm_source=article-mostrecent&#038;utm_medium=rss&#038;utm_term=politics%20%26%20government&#038;utm_campaign=recirc&#038;utm_content=aol\">Source link <\/a><\/p>","protected":false},"excerpt":{"rendered":"<p>FL\u00d3RIDA \u2013 Na primeira de uma s\u00e9rie de a\u00e7\u00f5es executivas ap\u00f3s chegar \u00e0 Casa Branca na segunda-feira, o rec\u00e9m-empossado presidente Donald Trump perdoou mais de 1.500 pessoas acusadas de conex\u00e3o&hellip;<\/p>","protected":false},"author":1,"featured_media":94284,"comment_status":"closed","ping_status":"open","sticky":false,"template":"","format":"standard","meta":{"content-type":"","footnotes":""},"categories":[1],"tags":[],"class_list":["post-94283","post","type-post","status-publish","format-standard","has-post-thumbnail","hentry","category-uncategorized"],"_links":{"self":[{"href":"https:\/\/tvbrazilusa.com\/pt\/wp-json\/wp\/v2\/posts\/94283","targetHints":{"allow":["GET"]}}],"collection":[{"href":"https:\/\/tvbrazilusa.com\/pt\/wp-json\/wp\/v2\/posts"}],"about":[{"href":"https:\/\/tvbrazilusa.com\/pt\/wp-json\/wp\/v2\/types\/post"}],"author":[{"embeddable":true,"href":"https:\/\/tvbrazilusa.com\/pt\/wp-json\/wp\/v2\/users\/1"}],"replies":[{"embeddable":true,"href":"https:\/\/tvbrazilusa.com\/pt\/wp-json\/wp\/v2\/comments?post=94283"}],"version-history":[{"count":1,"href":"https:\/\/tvbrazilusa.com\/pt\/wp-json\/wp\/v2\/posts\/94283\/revisions"}],"predecessor-version":[{"id":94285,"href":"https:\/\/tvbrazilusa.com\/pt\/wp-json\/wp\/v2\/posts\/94283\/revisions\/94285"}],"wp:featuredmedia":[{"embeddable":true,"href":"https:\/\/tvbrazilusa.com\/pt\/wp-json\/wp\/v2\/media\/94284"}],"wp:attachment":[{"href":"https:\/\/tvbrazilusa.com\/pt\/wp-json\/wp\/v2\/media?parent=94283"}],"wp:term":[{"taxonomy":"category","embeddable":true,"href":"https:\/\/tvbrazilusa.com\/pt\/wp-json\/wp\/v2\/categories?post=94283"},{"taxonomy":"post_tag","embeddable":true,"href":"https:\/\/tvbrazilusa.com\/pt\/wp-json\/wp\/v2\/tags?post=94283"}],"curies":[{"name":"wp","href":"https:\/\/api.w.org\/{rel}","templated":true}]}}