{"id":94286,"date":"2025-01-21T18:41:47","date_gmt":"2025-01-21T18:41:47","guid":{"rendered":"https:\/\/tvbrazilusa.com\/2025\/01\/21\/as-acusacoes-de-motim-do-capitolio-do-homem-de-harwinton-em-6-de-janeiro-foram-retiradas\/"},"modified":"2025-01-21T18:45:49","modified_gmt":"2025-01-21T18:45:49","slug":"as-acusacoes-de-motim-do-capitolio-do-homem-de-harwinton-em-6-de-janeiro-foram-retiradas","status":"publish","type":"post","link":"https:\/\/tvbrazilusa.com\/pt\/2025\/01\/21\/as-acusacoes-de-motim-do-capitolio-do-homem-de-harwinton-em-6-de-janeiro-foram-retiradas\/","title":{"rendered":"As acusa\u00e7\u00f5es de motim do Capit\u00f3lio do homem de Harwinton em 6 de janeiro foram retiradas"},"content":{"rendered":"<script async src=\"https:\/\/pagead2.googlesyndication.com\/pagead\/js\/adsbygoogle.js?client=ca-pub-8864793242727901\"\r\n     crossorigin=\"anonymous\"><\/script>\n<p>HARWINTON, Connecticut (WTNH) \u2013 As acusa\u00e7\u00f5es de um homem de Harwinton por seu envolvimento no motim de 6 de janeiro de 2021 no Capit\u00f3lio foram rejeitadas na quarta-feira, de acordo com documentos judiciais. <\/p>\n<p>Isso ocorreu depois que Richard Crosby Jr. se confessou culpado em outubro de 2024 por entrar e permanecer em um pr\u00e9dio ou terreno restrito, conduta desordenada e perturbadora em um pr\u00e9dio ou terreno restrito, conduta desordeira em um pr\u00e9dio do Capit\u00f3lio e desfilar, manifestar-se ou fazer piquete em um Edif\u00edcio do Capit\u00f3lio.<\/p>\n<div class=\"nlp-ignore-block article-content rich-text\">\n<aside class=\"promo-link\">\n\t<a href=\"https:\/\/www.wtnh.com\/news\/connecticut\/litchfield\/harwinton-man-pleads-guilty-to-four-charges-stemming-from-jan-6-capitol-riot\/?ipid=promo-link-block1\" class=\"promo-link__link\"><\/p>\n<p>\t\tHomem de Harwinton se declara culpado de quatro acusa\u00e7\u00f5es decorrentes do motim de 6 de janeiro no Capit\u00f3lio\t<\/a><br \/>\n<\/aside>\n<\/div>\n<p>Imagens de v\u00eddeo na C\u00e2mara do Senado capturaram Crosby Jr. logo ap\u00f3s a evacua\u00e7\u00e3o dos senadores e do ex-vice-presidente Mike Pence. <\/p>\n<p>Ele usava um bon\u00e9 \u201cMake America Great Again\u201d, casaco preto e \u00f3culos. Ele se identificou como &#8220;Rick C.&#8221; <\/p>\n<p><br \/>\n<br \/><a href=\"https:\/\/www.wtnh.com\/news\/connecticut\/litchfield\/harwinton-mans-jan-6-capitol-riot-charges-dropped\/\">Source link <\/a><\/p>","protected":false},"excerpt":{"rendered":"<p>HARWINTON, Connecticut (WTNH) \u2013 As acusa\u00e7\u00f5es de um homem de Harwinton por seu envolvimento no motim de 6 de janeiro de 2021 no Capit\u00f3lio foram rejeitadas na quarta-feira, de acordo&hellip;<\/p>","protected":false},"author":1,"featured_media":94287,"comment_status":"closed","ping_status":"open","sticky":false,"template":"","format":"standard","meta":{"content-type":"","footnotes":""},"categories":[1],"tags":[],"class_list":["post-94286","post","type-post","status-publish","format-standard","has-post-thumbnail","hentry","category-uncategorized"],"_links":{"self":[{"href":"https:\/\/tvbrazilusa.com\/pt\/wp-json\/wp\/v2\/posts\/94286","targetHints":{"allow":["GET"]}}],"collection":[{"href":"https:\/\/tvbrazilusa.com\/pt\/wp-json\/wp\/v2\/posts"}],"about":[{"href":"https:\/\/tvbrazilusa.com\/pt\/wp-json\/wp\/v2\/types\/post"}],"author":[{"embeddable":true,"href":"https:\/\/tvbrazilusa.com\/pt\/wp-json\/wp\/v2\/users\/1"}],"replies":[{"embeddable":true,"href":"https:\/\/tvbrazilusa.com\/pt\/wp-json\/wp\/v2\/comments?post=94286"}],"version-history":[{"count":1,"href":"https:\/\/tvbrazilusa.com\/pt\/wp-json\/wp\/v2\/posts\/94286\/revisions"}],"predecessor-version":[{"id":94288,"href":"https:\/\/tvbrazilusa.com\/pt\/wp-json\/wp\/v2\/posts\/94286\/revisions\/94288"}],"wp:featuredmedia":[{"embeddable":true,"href":"https:\/\/tvbrazilusa.com\/pt\/wp-json\/wp\/v2\/media\/94287"}],"wp:attachment":[{"href":"https:\/\/tvbrazilusa.com\/pt\/wp-json\/wp\/v2\/media?parent=94286"}],"wp:term":[{"taxonomy":"category","embeddable":true,"href":"https:\/\/tvbrazilusa.com\/pt\/wp-json\/wp\/v2\/categories?post=94286"},{"taxonomy":"post_tag","embeddable":true,"href":"https:\/\/tvbrazilusa.com\/pt\/wp-json\/wp\/v2\/tags?post=94286"}],"curies":[{"name":"wp","href":"https:\/\/api.w.org\/{rel}","templated":true}]}}