{"id":94294,"date":"2025-01-21T19:08:09","date_gmt":"2025-01-21T19:08:09","guid":{"rendered":"https:\/\/tvbrazilusa.com\/2025\/01\/21\/policial-pode-ser-demitido-por-atirar-acidentalmente-em-motorista-com-sua-propria-arma-jacksonville-hoje\/"},"modified":"2025-01-21T19:23:42","modified_gmt":"2025-01-21T19:23:42","slug":"policial-pode-ser-demitido-por-atirar-acidentalmente-em-motorista-com-sua-propria-arma-jacksonville-hoje","status":"publish","type":"post","link":"https:\/\/tvbrazilusa.com\/pt\/2025\/01\/21\/policial-pode-ser-demitido-por-atirar-acidentalmente-em-motorista-com-sua-propria-arma-jacksonville-hoje\/","title":{"rendered":"Policial pode ser demitido por atirar acidentalmente em motorista com sua pr\u00f3pria arma | Jacksonville hoje"},"content":{"rendered":"<p> <script async src=\"https:\/\/pagead2.googlesyndication.com\/pagead\/js\/adsbygoogle.js?client=ca-pub-8864793242727901\"\r\n     crossorigin=\"anonymous\"><\/script><br \/>\n<\/p>\n<div>\n<p>O policial de Jacksonville cujas a\u00e7\u00f5es fizeram com que um motorista levasse um tiro na perna com sua pr\u00f3pria arma no coldre foi acusado de incompet\u00eancia, o <a href=\"https:\/\/www.jaxsheriff.org\/\" rel=\"nofollow noopener\" target=\"_blank\">Gabinete do Xerife<\/a> diz.<\/p>\n<p>O escrit\u00f3rio disse que iniciou um processo de rescis\u00e3o contra a policial Mindy Cardwell. <\/p>\n<p>A Corregedoria come\u00e7ou a investigar Cardwell depois que ela realizou uma parada de tr\u00e2nsito em um ve\u00edculo utilit\u00e1rio esportivo que ultrapassou o sinal vermelho em 13 de dezembro na North Main Street, disse a pol\u00edcia.<\/p>\n<p>Cardwell e dois outros policiais estavam no local, segundo a pol\u00edcia.<\/p>\n<p>Os investigadores dizem que um dos policiais viu a coluna de dire\u00e7\u00e3o do ve\u00edculo danificada, o que o levou a suspeitar que ele havia sido roubado. O policial disse ao motorista Jason Arrington para sair do ve\u00edculo depois que Arrington revelou que tinha uma arma de fogo.<\/p>\n<p>\u201cO que vamos fazer \u00e9, apenas para minha seguran\u00e7a e sua seguran\u00e7a, fazer voc\u00ea sair\u201d, disse um policial a Arrington, de acordo com o v\u00eddeo da c\u00e2mera corporal do policial. \u201cVamos apenas remover a pistola de voc\u00ea e depois verificar sua licen\u00e7a e garantir que tudo esteja bem.\u201d<\/p>\n<figure class=\"wp-block-image size-large\"><figcaption class=\"wp-element-caption\">Uma imagem da c\u00e2mera corporal mostra a policial Mindy Cardwell, \u00e0 direita, tentando tirar a arma do motorista do coldre. A arma disparou por engano e mostrou a perna do homem. | Gabinete do Xerife de Jacksonville<\/figcaption><\/figure>\n<p>Cardwell tentou retirar a arma de um coldre enfiado na cintura de Arrington, mas teve dificuldade, disse a pol\u00edcia. <\/p>\n<p>Ao puxar, ela involuntariamente colocou v\u00e1rios dedos dentro do guarda-mato da arma, fazendo-a disparar, disse a pol\u00edcia.<\/p>\n<p>Depois que a arma disparou, algu\u00e9m gritou uma maldi\u00e7\u00e3o. Arrington foi visto come\u00e7ando a cair contra seu SUV. Ele foi levado para um hospital.<\/p>\n<figure class=\"wp-block-image size-large\"><img loading=\"lazy\" color=\"514b48\" transparency=\"false\" style=\"--dominant-color: #514b48;\" decoding=\"async\" width=\"1024\" height=\"484\" src=\"https:\/\/jaxtoday.org\/wp-content\/uploads\/2025\/01\/Screenshot-2025-01-21-121358-1024x484.jpg\" alt=\"\" class=\"not-transparent wp-image-86169\" srcset=\"https:\/\/jaxtoday.org\/wp-content\/uploads\/2025\/01\/Screenshot-2025-01-21-121358-1024x484.jpg 1024w, https:\/\/jaxtoday.org\/wp-content\/uploads\/2025\/01\/Screenshot-2025-01-21-121358-300x142.jpg 300w, https:\/\/jaxtoday.org\/wp-content\/uploads\/2025\/01\/Screenshot-2025-01-21-121358-768x363.jpg 768w, https:\/\/jaxtoday.org\/wp-content\/uploads\/2025\/01\/Screenshot-2025-01-21-121358-1536x726.jpg 1536w, https:\/\/jaxtoday.org\/wp-content\/uploads\/2025\/01\/Screenshot-2025-01-21-121358-508x240.jpg 508w, https:\/\/jaxtoday.org\/wp-content\/uploads\/2025\/01\/Screenshot-2025-01-21-121358-100x47.jpg 100w, https:\/\/jaxtoday.org\/wp-content\/uploads\/2025\/01\/Screenshot-2025-01-21-121358-1650x780.jpg 1650w, https:\/\/jaxtoday.org\/wp-content\/uploads\/2025\/01\/Screenshot-2025-01-21-121358.jpg 1839w\" sizes=\"auto, (max-width: 1024px) 100vw, 1024px\"\/><figcaption class=\"wp-element-caption\">Esta imagem da c\u00e2mera corporal da policial Mindy Cardwell mostra ela pegando o coldre e a arma do motorista, um segundo antes de a arma disparar. | Gabinete do Xerife de Jacksonville<\/figcaption><\/figure>\n<p>O Gabinete do Xerife atualizou as pol\u00edticas sobre o manuseio de armas de fogo durante as paradas de tr\u00e2nsito desde o tiroteio. Um memorando aos policiais de 18 de dezembro afirmou que o \u201cmero fato\u201d de algu\u00e9m portar uma arma de fogo escondida n\u00e3o significa automaticamente que essa pessoa represente uma amea\u00e7a ou seja ineleg\u00edvel para portar a arma.<\/p>\n<p>\u201cA menos que um policial tenha suspeita expl\u00edcita de que a pessoa detida representa uma amea\u00e7a \u00e0 seguran\u00e7a dos cidad\u00e3os ou policiais ou tenha conhecimento de que a pessoa detida n\u00e3o \u00e9 eleg\u00edvel para portar uma arma de fogo escondida, os policiais n\u00e3o devem apreender uma arma de fogo (ou seja, remov\u00ea-la do coldre, do ve\u00edculo , bolso, bolsa, etc.) de algu\u00e9m que o carregue legalmente.\u201d<\/p>\n<\/div>\n<p><br \/>\n<br \/><a href=\"https:\/\/jaxtoday.org\/2025\/01\/21\/accidental-shooting-drivers-gun\/\">Source link <\/a><\/p>","protected":false},"excerpt":{"rendered":"<p>O policial de Jacksonville cujas a\u00e7\u00f5es fizeram com que um motorista levasse um tiro na perna com sua pr\u00f3pria arma no coldre foi acusado de incompet\u00eancia, o Gabinete do Xerife&hellip;<\/p>","protected":false},"author":1,"featured_media":94295,"comment_status":"closed","ping_status":"open","sticky":false,"template":"","format":"standard","meta":{"content-type":"","footnotes":""},"categories":[1],"tags":[],"class_list":["post-94294","post","type-post","status-publish","format-standard","has-post-thumbnail","hentry","category-uncategorized"],"_links":{"self":[{"href":"https:\/\/tvbrazilusa.com\/pt\/wp-json\/wp\/v2\/posts\/94294","targetHints":{"allow":["GET"]}}],"collection":[{"href":"https:\/\/tvbrazilusa.com\/pt\/wp-json\/wp\/v2\/posts"}],"about":[{"href":"https:\/\/tvbrazilusa.com\/pt\/wp-json\/wp\/v2\/types\/post"}],"author":[{"embeddable":true,"href":"https:\/\/tvbrazilusa.com\/pt\/wp-json\/wp\/v2\/users\/1"}],"replies":[{"embeddable":true,"href":"https:\/\/tvbrazilusa.com\/pt\/wp-json\/wp\/v2\/comments?post=94294"}],"version-history":[{"count":1,"href":"https:\/\/tvbrazilusa.com\/pt\/wp-json\/wp\/v2\/posts\/94294\/revisions"}],"predecessor-version":[{"id":94296,"href":"https:\/\/tvbrazilusa.com\/pt\/wp-json\/wp\/v2\/posts\/94294\/revisions\/94296"}],"wp:featuredmedia":[{"embeddable":true,"href":"https:\/\/tvbrazilusa.com\/pt\/wp-json\/wp\/v2\/media\/94295"}],"wp:attachment":[{"href":"https:\/\/tvbrazilusa.com\/pt\/wp-json\/wp\/v2\/media?parent=94294"}],"wp:term":[{"taxonomy":"category","embeddable":true,"href":"https:\/\/tvbrazilusa.com\/pt\/wp-json\/wp\/v2\/categories?post=94294"},{"taxonomy":"post_tag","embeddable":true,"href":"https:\/\/tvbrazilusa.com\/pt\/wp-json\/wp\/v2\/tags?post=94294"}],"curies":[{"name":"wp","href":"https:\/\/api.w.org\/{rel}","templated":true}]}}