{"id":94324,"date":"2025-01-21T20:40:53","date_gmt":"2025-01-21T20:40:53","guid":{"rendered":"https:\/\/tvbrazilusa.com\/2025\/01\/21\/novo-pente-fino-no-inss\/"},"modified":"2025-01-21T20:40:55","modified_gmt":"2025-01-21T20:40:55","slug":"novo-pente-fino-no-inss","status":"publish","type":"post","link":"https:\/\/tvbrazilusa.com\/pt\/2025\/01\/21\/novo-pente-fino-no-inss\/","title":{"rendered":"Novo pente fino no INSS"},"content":{"rendered":"<p> <script async src=\"https:\/\/pagead2.googlesyndication.com\/pagead\/js\/adsbygoogle.js?client=ca-pub-8864793242727901\"\r\n     crossorigin=\"anonymous\"><\/script><br \/>\n<\/p>\n<div id=\"taboola-read-more\" style=\"display:block; width:100%\">\n<p>O presidente do INSS (Instituto Nacional do Seguro Social), Alessandro Stefanutto, disse que o pente-fino em benef\u00edcios previdenci\u00e1rios dar\u00e3o uma economia de cerca de R$ 10 bilh\u00f5es ao governo Luiz In\u00e1cio Lula da Silva (PT) em 2025. A autarquia far\u00e1 uma an\u00e1lise documental do aux\u00edlio por incapacidade tempor\u00e1ria e aposentadoria por invalidez.\n<\/p>\n<p>O INSS contar\u00e1 com ajuda de intelig\u00eancia artificial para verificar aqueles benefici\u00e1rios que n\u00e3o deveriam receber os valores. O \u00f3rg\u00e3o avaliar\u00e1, por exemplo, o n\u00famero de atestado m\u00e9dico \u201cgracioso\u201d que foi concedido por m\u00e9dicos aos segurados.<\/p>\n<p>A revis\u00e3o \u00e9 feita pelo Atestmed, criado em 2023 pelo INSS para que segurados solicitem o benef\u00edcio por incapacidade tempor\u00e1ria por meio de uma an\u00e1lise de documentos, sem necessidade de uma per\u00edcia m\u00e9dica presencial.\n<\/p>\n<p>O presidente do INSS concedeu entrevista exclusiva ao Poder360 na 6\u00aa feira (17.jan.2025). Foi nomeado para o cargo em 5 de julho de 2023, no lugar de Glauco Andre Fonseca Wamburg, que ocupava a cadeira interinamente. A autarquia \u00e9 vinculada ao minist\u00e9rio da Previd\u00eancia Social, comandado por Carlos Lupi.\n<\/p>\n<p>Al\u00e9m da intelig\u00eancia artificial, o INSS deslocou 150 funcion\u00e1rios p\u00fablicos rec\u00e9m-chamados de concurso p\u00fablico para o MOB (Movimento Operacional de Benef\u00edcio), respons\u00e1vel por combater fraudes e irregularidades. \u201cEssas melhorias acabam ajudando a voc\u00ea fazer as economias que se comprometeu com o governo\u201d, declarou Stefanutto.\n<\/p>\n<p>Em agosto, a equipe econ\u00f4mica do governo projetou que os cortes do INSS em 2025 seriam feitos de duas formas:\n<\/p>\n<p>medidas cautelares e implementa\u00e7\u00e3o do sistema Atestmed \u2013 R$ 7,3 bilh\u00f5es;<br \/>reavalia\u00e7\u00e3o de benef\u00edcios por incapacidade \u2013 R$ 3,2 bilh\u00f5es.<br \/>ECONOMIA EM 2024<br \/>O Minist\u00e9rio do Planejamento e Or\u00e7amento disse em agosto que o INSS faria uma economia de R$ 10 bilh\u00f5es em 2024 com benef\u00edcios previdenci\u00e1rios. O \u00f3rg\u00e3o \u00e9 a principal fonte dos gastos p\u00fablicos. Contudo, Stefanutto declarou que o INSS viabilizou at\u00e9 R$ 6 bilh\u00f5es.\n<\/p>\n<p>O objetivo do governo era revisar os benefici\u00e1rios do aux\u00edlio-doen\u00e7a (benef\u00edcio por incapacidade tempor\u00e1ria) e da aposentadoria por invalidez (benef\u00edcio por incapacidade permanente). O pente-fino do \u00f3rg\u00e3o n\u00e3o resultou na economia esperada.\n<\/p>\n<p>O Atestmed tem como proposta diminuir o tempo que a pessoa fica afastada do trabalho, porque h\u00e1 uma an\u00e1lise mais rigorosa peri\u00f3dica, segundo o presidente do INSS. A ferramenta faz com que haja o registro de atestados, podendo identificar tamb\u00e9m o relat\u00f3rio de m\u00e9dicos que concedem o documento com menos rigor.\n<\/p>\n<p>Stefanutto disse que a ferramenta tamb\u00e9m viabilizou liberar o benef\u00edcio de forma mais r\u00e1pida ao segurado. \u201cO Atestmed trouxe a economia [de recursos], ajudou a pessoa a receber o benef\u00edcio a tempo e modo\u201d, declarou. Uma intelig\u00eancia artificial auxiliar\u00e1 o INSS a ler os atestados m\u00e9dicos para fazer \u201cbatimento de comportamentos\u201d.\n<\/p>\n<p>BENEF\u00cdCIOS MAIS LONGOS<br \/>Segundo Stefanutto, a reavalia\u00e7\u00e3o de benef\u00edcios por incapacidade foi o que menos rendeu para o governo federal em termos de revis\u00e3o de gastos. Os aux\u00edlios mais longos foram alvo de per\u00edcias desde outubro.\n<\/p>\n<p>\u201cNesses casos de benef\u00edcios mais longos, por volta de 55% foram verificados que [os segurados] n\u00e3o tinham mais condi\u00e7\u00f5es de ficarem no benef\u00edcio, e o benef\u00edcio foi cancelado\u201d, disse. Ele afirmou que viabilizou uma economia pr\u00f3xima de R$ 2,7 bilh\u00f5es. \u201cSomando o Atestmed e mais isso, deu de R$ 5 bilh\u00f5es a R$ 6 bilh\u00f5es. T\u00ednhamos nos comprometido a R$ 10 bilh\u00f5es, mas tamb\u00e9m a gente n\u00e3o conseguiu contar com ferramentas, como intelig\u00eancia artificial\u201d, disse.\n<\/p>\n<p>Fonte: Poder 360              <\/p>\n<\/div>\n<p><br \/>\n<br \/><a href=\"https:\/\/diariodobrasilnoticias.com.br\/noticia\/novo-pente-fino-no-inss-678fe78921f90\">Source link <\/a><\/p>","protected":false},"excerpt":{"rendered":"<p>O presidente do INSS (Instituto Nacional do Seguro Social), Alessandro Stefanutto, disse que o pente-fino em benef\u00edcios previdenci\u00e1rios dar\u00e3o uma economia de cerca de R$ 10 bilh\u00f5es ao governo Luiz&hellip;<\/p>","protected":false},"author":1,"featured_media":94325,"comment_status":"closed","ping_status":"open","sticky":false,"template":"","format":"standard","meta":{"content-type":"","footnotes":""},"categories":[16],"tags":[123,2448,5313,1267],"class_list":["post-94324","post","type-post","status-publish","format-standard","has-post-thumbnail","hentry","category-noticias","tag-brasil","tag-diario","tag-noticia","tag-noticias"],"_links":{"self":[{"href":"https:\/\/tvbrazilusa.com\/pt\/wp-json\/wp\/v2\/posts\/94324","targetHints":{"allow":["GET"]}}],"collection":[{"href":"https:\/\/tvbrazilusa.com\/pt\/wp-json\/wp\/v2\/posts"}],"about":[{"href":"https:\/\/tvbrazilusa.com\/pt\/wp-json\/wp\/v2\/types\/post"}],"author":[{"embeddable":true,"href":"https:\/\/tvbrazilusa.com\/pt\/wp-json\/wp\/v2\/users\/1"}],"replies":[{"embeddable":true,"href":"https:\/\/tvbrazilusa.com\/pt\/wp-json\/wp\/v2\/comments?post=94324"}],"version-history":[{"count":1,"href":"https:\/\/tvbrazilusa.com\/pt\/wp-json\/wp\/v2\/posts\/94324\/revisions"}],"predecessor-version":[{"id":94326,"href":"https:\/\/tvbrazilusa.com\/pt\/wp-json\/wp\/v2\/posts\/94324\/revisions\/94326"}],"wp:featuredmedia":[{"embeddable":true,"href":"https:\/\/tvbrazilusa.com\/pt\/wp-json\/wp\/v2\/media\/94325"}],"wp:attachment":[{"href":"https:\/\/tvbrazilusa.com\/pt\/wp-json\/wp\/v2\/media?parent=94324"}],"wp:term":[{"taxonomy":"category","embeddable":true,"href":"https:\/\/tvbrazilusa.com\/pt\/wp-json\/wp\/v2\/categories?post=94324"},{"taxonomy":"post_tag","embeddable":true,"href":"https:\/\/tvbrazilusa.com\/pt\/wp-json\/wp\/v2\/tags?post=94324"}],"curies":[{"name":"wp","href":"https:\/\/api.w.org\/{rel}","templated":true}]}}