{"id":94361,"date":"2025-01-21T15:54:11","date_gmt":"2025-01-21T15:54:11","guid":{"rendered":"https:\/\/tvbrazilusa.com\/2025\/01\/21\/show-da-manha-jair-bolsonaro-fala-sobre-a-volta-de-trump-exclusivo-21-01-2025\/"},"modified":"2025-01-21T15:54:11","modified_gmt":"2025-01-21T15:54:11","slug":"show-da-manha-jair-bolsonaro-fala-sobre-a-volta-de-trump-exclusivo-21-01-2025","status":"publish","type":"post","link":"https:\/\/tvbrazilusa.com\/pt\/2025\/01\/21\/show-da-manha-jair-bolsonaro-fala-sobre-a-volta-de-trump-exclusivo-21-01-2025\/","title":{"rendered":"SHOW DA MANH\u00c3 &#8211; JAIR BOLSONARO FALA SOBRE A VOLTA DE  TRUMP &#8211; EXCLUSIVO\u00a0&#8211;\u00a021\/01\/2025"},"content":{"rendered":"<p><iframe  width=\"580\" height=\"385\" src=\"https:\/\/www.youtube.com\/embed\/Om46qCZDDP4?modestbranding=1\" frameborder=\"0\" allowfullscreen><\/iframe><br \/>\n<br \/>Apresentado por Marco Ant\u00f4nio Costa. Convidados de hoje: Tragic\u00f4mico, Karina Michelin e Adrilles. Entrevista Exclusiva com Jair Bolsonaro. Participa\u00e7\u00e3o especial do Dep. Fed. Marcel Van Hattem. O Show da Manh\u00e3 vai ao ar de segunda a sexta, das 10h \u00e0s 12h.<\/p>\n<p>\ud83d\udd25 COMECE BEM 2025 COM 33% OFF NO PLANO ANUAL OU 66% OFF NO DEZ A FIO! \ud83d\udc49 <\/p>\n<p>\ud83d\udd25 SALD\u00c3O DA VIRADA NA LIVRARIA FIO DI\u00c1RIO! PRE\u00c7OS AT\u00c9 80% OFF! \ud83d\udc49  <\/p>\n<p>Inscreva-se no nosso Canal!<\/p>\n<p>Ou\u00e7a no Spotify: <\/p>\n<p>Siga no Instagram:<\/p>\n<p>Fio Di\u00e1rio: <\/p>\n<p>Marco Ant\u00f4nio Costa: <\/p>\n<p><a href=\"https:\/\/www.youtube.com\/watch?v=Om46qCZDDP4\">source<\/a><\/p>","protected":false},"excerpt":{"rendered":"<p>Apresentado por Marco Ant\u00f4nio Costa. Convidados de hoje: Tragic\u00f4mico, Karina Michelin e Adrilles. Entrevista Exclusiva com Jair Bolsonaro. Participa\u00e7\u00e3o especial do Dep. Fed. Marcel Van Hattem. O Show da Manh\u00e3&hellip;<\/p>","protected":false},"author":1,"featured_media":94362,"comment_status":"","ping_status":"open","sticky":false,"template":"","format":"standard","meta":{"content-type":"","footnotes":""},"categories":[17],"tags":[136,32654,263,2818,557,63,76,356,861],"class_list":["post-94361","post","type-post","status-publish","format-standard","has-post-thumbnail","hentry","category-programas","tag-bolsonaro","tag-exclusivo21012025","tag-fala","tag-jair","tag-manha","tag-show","tag-sobre","tag-trump","tag-volta"],"_links":{"self":[{"href":"https:\/\/tvbrazilusa.com\/pt\/wp-json\/wp\/v2\/posts\/94361","targetHints":{"allow":["GET"]}}],"collection":[{"href":"https:\/\/tvbrazilusa.com\/pt\/wp-json\/wp\/v2\/posts"}],"about":[{"href":"https:\/\/tvbrazilusa.com\/pt\/wp-json\/wp\/v2\/types\/post"}],"author":[{"embeddable":true,"href":"https:\/\/tvbrazilusa.com\/pt\/wp-json\/wp\/v2\/users\/1"}],"replies":[{"embeddable":true,"href":"https:\/\/tvbrazilusa.com\/pt\/wp-json\/wp\/v2\/comments?post=94361"}],"version-history":[{"count":0,"href":"https:\/\/tvbrazilusa.com\/pt\/wp-json\/wp\/v2\/posts\/94361\/revisions"}],"wp:featuredmedia":[{"embeddable":true,"href":"https:\/\/tvbrazilusa.com\/pt\/wp-json\/wp\/v2\/media\/94362"}],"wp:attachment":[{"href":"https:\/\/tvbrazilusa.com\/pt\/wp-json\/wp\/v2\/media?parent=94361"}],"wp:term":[{"taxonomy":"category","embeddable":true,"href":"https:\/\/tvbrazilusa.com\/pt\/wp-json\/wp\/v2\/categories?post=94361"},{"taxonomy":"post_tag","embeddable":true,"href":"https:\/\/tvbrazilusa.com\/pt\/wp-json\/wp\/v2\/tags?post=94361"}],"curies":[{"name":"wp","href":"https:\/\/api.w.org\/{rel}","templated":true}]}}