{"id":94363,"date":"2025-01-21T22:01:03","date_gmt":"2025-01-21T22:01:03","guid":{"rendered":"https:\/\/tvbrazilusa.com\/2025\/01\/21\/braco-forte-de-trump-bannon-diz-que-providencias-estao-sendo-tomadas-depois-que-moraes-barrou-bolsonaro-nos-eua\/"},"modified":"2025-01-21T22:01:04","modified_gmt":"2025-01-21T22:01:04","slug":"braco-forte-de-trump-bannon-diz-que-providencias-estao-sendo-tomadas-depois-que-moraes-barrou-bolsonaro-nos-eua","status":"publish","type":"post","link":"https:\/\/tvbrazilusa.com\/pt\/2025\/01\/21\/braco-forte-de-trump-bannon-diz-que-providencias-estao-sendo-tomadas-depois-que-moraes-barrou-bolsonaro-nos-eua\/","title":{"rendered":"Bra\u00e7o forte de Trump, Bannon diz que provid\u00eancias est\u00e3o sendo tomadas depois que Moraes barrou Bolsonaro nos EUA"},"content":{"rendered":"<p> <script async src=\"https:\/\/pagead2.googlesyndication.com\/pagead\/js\/adsbygoogle.js?client=ca-pub-8864793242727901\"\r\n     crossorigin=\"anonymous\"><\/script><br \/>\n<\/p>\n<div id=\"taboola-read-more\" style=\"display:block; width:100%\">\n<p>O ex-estrategista do ex-presidente Donald Trump, Steve Bannon, anunciou que medidas j\u00e1 est\u00e3o sendo tomadas contra o Brasil devido \u00e0 aus\u00eancia do ex-presidente Jair Bolsonaro na posse do republicano, realizada na \u00faltima segunda-feira (20). Ele disse que far\u00e1 uma representa\u00e7\u00e3o oficial sobre a investida brasileira.\n<\/p>\n<p>O an\u00fancio ocorreu durante um evento internacional para representantes da direita, que contou com a participa\u00e7\u00e3o de parlamentares brasileiros, incluindo o deputado federal Eduardo Bolsonaro (PL-SP). Bannon declarou que o pedido ser\u00e1 encaminhado ao novo Secret\u00e1rio de Estado dos Estados Unidos, Marco Rubio.<\/p>\n<p>\u00c0 Folha de S. Paulo, ele afirmou que as a\u00e7\u00f5es devem ser direcionadas especificamente ao Brasil e ao ministro do Supremo Tribunal Federal (STF), Alexandre de Moraes. Bannon defende que Moraes n\u00e3o tenha \u201cnenhum acesso aos Estados Unidos\u201d.\n<\/p>\n<p>Durante o evento, o estrategista reiterou o apoio do movimento MAGA (Make America Great Again, ou \u201cFa\u00e7a a Am\u00e9rica Grande Novamente\u201d) a Bolsonaro: \u201cEu n\u00e3o falo pelo presidente Trump, mas as pessoas do movimento MAGA amam Bolsonaro\u201d.\n<\/p>\n<p>Bannon, que j\u00e1 havia se reunido com Eduardo Bolsonaro, classificou o deputado como \u201cuma das pessoas mais importantes no movimento pela soberania ao redor do mundo\u201d. Ele tamb\u00e9m afirmou que Eduardo deve ser Presidente da Rep\u00fablica no futuro.\n<\/p>\n<p>Jair Bolsonaro n\u00e3o compareceu \u00e0 posse de Donald Trump ap\u00f3s o ministro Alexandre de Moraes negar o pedido de devolu\u00e7\u00e3o de seu passaporte, apreendido por determina\u00e7\u00e3o do STF. Moraes argumentou que havia \u201crisco de fuga\u201d do ex-presidente, seguindo parecer da Procuradoria-Geral da Rep\u00fablica (PGR).\n<\/p>\n<p>A decis\u00e3o gerou cr\u00edticas de aliados de Bolsonaro e amplificou a mobiliza\u00e7\u00e3o de apoiadores internacionais do ex-presidente, incluindo lideran\u00e7as como Bannon, que t\u00eam intensificado discursos em defesa da soberania nacional e contra interven\u00e7\u00f5es judiciais em temas pol\u00edticos.\n<\/p>\n<p>Fonte: Conex\u00e3o Pol\u00edtica              <\/p>\n<\/div>\n<p><br \/>\n<br \/><a href=\"https:\/\/diariodobrasilnoticias.com.br\/noticia\/braco-forte-de-trump-bannon-diz-que-providencias-estao-sendo-tomadas-depois-que-moraes-barrou-bolsonaro-nos-eua-679002f519872\">Source link <\/a><\/p>","protected":false},"excerpt":{"rendered":"<p>O ex-estrategista do ex-presidente Donald Trump, Steve Bannon, anunciou que medidas j\u00e1 est\u00e3o sendo tomadas contra o Brasil devido \u00e0 aus\u00eancia do ex-presidente Jair Bolsonaro na posse do republicano, realizada&hellip;<\/p>","protected":false},"author":1,"featured_media":94364,"comment_status":"closed","ping_status":"open","sticky":false,"template":"","format":"standard","meta":{"content-type":"","footnotes":""},"categories":[16],"tags":[123,2448,5313,1267],"class_list":["post-94363","post","type-post","status-publish","format-standard","has-post-thumbnail","hentry","category-noticias","tag-brasil","tag-diario","tag-noticia","tag-noticias"],"_links":{"self":[{"href":"https:\/\/tvbrazilusa.com\/pt\/wp-json\/wp\/v2\/posts\/94363","targetHints":{"allow":["GET"]}}],"collection":[{"href":"https:\/\/tvbrazilusa.com\/pt\/wp-json\/wp\/v2\/posts"}],"about":[{"href":"https:\/\/tvbrazilusa.com\/pt\/wp-json\/wp\/v2\/types\/post"}],"author":[{"embeddable":true,"href":"https:\/\/tvbrazilusa.com\/pt\/wp-json\/wp\/v2\/users\/1"}],"replies":[{"embeddable":true,"href":"https:\/\/tvbrazilusa.com\/pt\/wp-json\/wp\/v2\/comments?post=94363"}],"version-history":[{"count":1,"href":"https:\/\/tvbrazilusa.com\/pt\/wp-json\/wp\/v2\/posts\/94363\/revisions"}],"predecessor-version":[{"id":94365,"href":"https:\/\/tvbrazilusa.com\/pt\/wp-json\/wp\/v2\/posts\/94363\/revisions\/94365"}],"wp:featuredmedia":[{"embeddable":true,"href":"https:\/\/tvbrazilusa.com\/pt\/wp-json\/wp\/v2\/media\/94364"}],"wp:attachment":[{"href":"https:\/\/tvbrazilusa.com\/pt\/wp-json\/wp\/v2\/media?parent=94363"}],"wp:term":[{"taxonomy":"category","embeddable":true,"href":"https:\/\/tvbrazilusa.com\/pt\/wp-json\/wp\/v2\/categories?post=94363"},{"taxonomy":"post_tag","embeddable":true,"href":"https:\/\/tvbrazilusa.com\/pt\/wp-json\/wp\/v2\/tags?post=94363"}],"curies":[{"name":"wp","href":"https:\/\/api.w.org\/{rel}","templated":true}]}}