{"id":94366,"date":"2025-01-21T22:13:09","date_gmt":"2025-01-21T22:13:09","guid":{"rendered":"https:\/\/tvbrazilusa.com\/2025\/01\/21\/a-agu-convida-filha-de-gilmar-para-participar-de-debate-sobre-a-meta\/"},"modified":"2025-01-21T22:13:10","modified_gmt":"2025-01-21T22:13:10","slug":"a-agu-convida-filha-de-gilmar-para-participar-de-debate-sobre-a-meta","status":"publish","type":"post","link":"https:\/\/tvbrazilusa.com\/pt\/2025\/01\/21\/a-agu-convida-filha-de-gilmar-para-participar-de-debate-sobre-a-meta\/","title":{"rendered":"A AGU convida filha de Gilmar para participar de debate sobre a Meta"},"content":{"rendered":"<p> <script async src=\"https:\/\/pagead2.googlesyndication.com\/pagead\/js\/adsbygoogle.js?client=ca-pub-8864793242727901\"\r\n     crossorigin=\"anonymous\"><\/script><br \/>\n<\/p>\n<div id=\"taboola-read-more\" style=\"display:block; width:100%\">\n<p>Laura Schertel Mendes, filha do ministro do STF Gilmar Mendes, foi uma das pessoas convidadas pela Advocacia-Geral da Uni\u00e3o (AGU) para participar de uma audi\u00eancia p\u00fablica nesta quarta-feira, cujo objetivo \u00e9 debater as altera\u00e7\u00f5es feitas pela Meta em sua pol\u00edtica de checagens.\n<\/p>\n<p>Na semana passada, como mostramos, a AGU recebeu uma resposta do conglomerado de Mark Zuckerberg sobre a implementa\u00e7\u00e3o das notas das comunidades como forma de mediar conte\u00fados considerados falsos nas redes sociais.<\/p>\n<p>Laura Schertel vai representar o Instituto Brasileiro de Ensino, Desenvolvimento e Pesquisa (IDP), escola de direito fundada por Gilmar Mendes e que ainda det\u00e9m o ministro como um dos s\u00f3cios.\n<\/p>\n<p>Laura Schertel Mendes, filha do ministro do STF Gilmar Mendes, foi uma das pessoas convidadas pela Advocacia-Geral da Uni\u00e3o (AGU) para participar de uma audi\u00eancia p\u00fablica nesta quarta-feira, cujo objetivo \u00e9 debater as altera\u00e7\u00f5es feitas pela Meta em sua pol\u00edtica de checagens.\n<\/p>\n<p>Na semana passada, como mostramos, a AGU recebeu uma resposta do conglomerado de Mark Zuckerberg sobre a implementa\u00e7\u00e3o das notas das comunidades como forma de mediar conte\u00fados considerados falsos nas redes sociais.\n<\/p>\n<p>Pr\u00f3ximo v\u00eddeo em 2Cancelar<br \/>Laura Schertel vai representar o Instituto Brasileiro de Ensino, Desenvolvimento e Pesquisa (IDP), escola de direito fundada por Gilmar Mendes e que ainda det\u00e9m o ministro como um dos s\u00f3cios.\n<\/p>\n<p>Tamb\u00e9m integram a lista de convidados representantes de movimentos mais alinhados \u00e0 esquerda, como a Articula\u00e7\u00e3o Brasileira de Ind\u00edgenas Jornalistas, a Associa\u00e7\u00e3o Brasileira de L\u00e9sbicas, Gays, Bissexuais, Travestis, Transexuais e Intersexos (ABGLT) e o grupo Sleeping Giants, que ficou conhecido por promover campanhas de cancelamento digital contra aliados do ex-presidente Jair Bolsonaro.\n<\/p>\n<p>A resposta da Meta para a AGU<br \/>Em resposta \u00e0 Advocacia Geral da Uni\u00e3o (AGU), a Meta afirmou que a ado\u00e7\u00e3o das chamadas \u201cnotas da comunidade\u201d em posts de redes sociais como Instagram e Facebook n\u00e3o comprometem a defesa de bandeiras como direitos humanos.\n<\/p>\n<p>\u201cA Meta est\u00e1 comprometida em respeitar os direitos humanos e seus princ\u00edpios subjacentes de igualdade, seguran\u00e7a, dignidade, privacidade e voz\u201d, afirmou a empresa em resposta encaminhada na noite desta segunda-feira, 13.\n<\/p>\n<p>H\u00e1 aproximadamente duas semanas, a AGU oficiou a Meta a explicar detalhes sobre as mudan\u00e7as na pol\u00edtica de modera\u00e7\u00e3o de conte\u00fado nas redes sociais. O prazo terminou na noite desta segunda-feira, 13. Agora, a AGU vai avaliar as respostas para adotar novas medida de car\u00e1ter judicial.\n<\/p>\n<p>Liberdade de express\u00e3o e mudan\u00e7as na Meta<br \/>Em v\u00eddeo publicado no in\u00edcio de janeiro, o diretor da Meta disse preocupado com tend\u00eancias em outros pa\u00edses contra a liberdade de express\u00e3o.\n<\/p>\n<p>Para Mark Zuckerberg, as altera\u00e7\u00f5es nas plataformas Facebook, Instagram e Threads v\u00e3o \u201cproteger a liberdade de express\u00e3o no mundo.\u201d\n<\/p>\n<p>Para isso, Zuckerberg afirmou que vai trabalhar ao lado do presidente eleito dos Estados Unidos, Donald Trump:\n<\/p>\n<p>\u201cVamos pressionar governos ao redor do mundo que est\u00e3o perseguindo companhias americanas, obrigando-as a censurar mais\u201c, disse.\n<\/p>\n<p>Fonte: O Antagonista              <\/p>\n<\/div>\n<p><br \/>\n<br \/><a href=\"https:\/\/diariodobrasilnoticias.com.br\/noticia\/a-agu-convida-filha-de-gilmar-para-participar-de-debate-sobre-a-meta-6790044ebbd45\">Source link <\/a><\/p>","protected":false},"excerpt":{"rendered":"<p>Laura Schertel Mendes, filha do ministro do STF Gilmar Mendes, foi uma das pessoas convidadas pela Advocacia-Geral da Uni\u00e3o (AGU) para participar de uma audi\u00eancia p\u00fablica nesta quarta-feira, cujo objetivo&hellip;<\/p>","protected":false},"author":1,"featured_media":94367,"comment_status":"closed","ping_status":"open","sticky":false,"template":"","format":"standard","meta":{"content-type":"","footnotes":""},"categories":[16],"tags":[123,2448,5313,1267],"class_list":["post-94366","post","type-post","status-publish","format-standard","has-post-thumbnail","hentry","category-noticias","tag-brasil","tag-diario","tag-noticia","tag-noticias"],"_links":{"self":[{"href":"https:\/\/tvbrazilusa.com\/pt\/wp-json\/wp\/v2\/posts\/94366","targetHints":{"allow":["GET"]}}],"collection":[{"href":"https:\/\/tvbrazilusa.com\/pt\/wp-json\/wp\/v2\/posts"}],"about":[{"href":"https:\/\/tvbrazilusa.com\/pt\/wp-json\/wp\/v2\/types\/post"}],"author":[{"embeddable":true,"href":"https:\/\/tvbrazilusa.com\/pt\/wp-json\/wp\/v2\/users\/1"}],"replies":[{"embeddable":true,"href":"https:\/\/tvbrazilusa.com\/pt\/wp-json\/wp\/v2\/comments?post=94366"}],"version-history":[{"count":1,"href":"https:\/\/tvbrazilusa.com\/pt\/wp-json\/wp\/v2\/posts\/94366\/revisions"}],"predecessor-version":[{"id":94368,"href":"https:\/\/tvbrazilusa.com\/pt\/wp-json\/wp\/v2\/posts\/94366\/revisions\/94368"}],"wp:featuredmedia":[{"embeddable":true,"href":"https:\/\/tvbrazilusa.com\/pt\/wp-json\/wp\/v2\/media\/94367"}],"wp:attachment":[{"href":"https:\/\/tvbrazilusa.com\/pt\/wp-json\/wp\/v2\/media?parent=94366"}],"wp:term":[{"taxonomy":"category","embeddable":true,"href":"https:\/\/tvbrazilusa.com\/pt\/wp-json\/wp\/v2\/categories?post=94366"},{"taxonomy":"post_tag","embeddable":true,"href":"https:\/\/tvbrazilusa.com\/pt\/wp-json\/wp\/v2\/tags?post=94366"}],"curies":[{"name":"wp","href":"https:\/\/api.w.org\/{rel}","templated":true}]}}