{"id":94369,"date":"2025-01-21T22:24:36","date_gmt":"2025-01-21T22:24:36","guid":{"rendered":"https:\/\/tvbrazilusa.com\/2025\/01\/21\/jornalista-brasileiro-fala-a-cnn-portugal-e-chama-bolsonaro-de-cao-vira-lata-dos-eua-veja-video\/"},"modified":"2025-01-21T22:24:39","modified_gmt":"2025-01-21T22:24:39","slug":"jornalista-brasileiro-fala-a-cnn-portugal-e-chama-bolsonaro-de-cao-vira-lata-dos-eua-veja-video","status":"publish","type":"post","link":"https:\/\/tvbrazilusa.com\/pt\/2025\/01\/21\/jornalista-brasileiro-fala-a-cnn-portugal-e-chama-bolsonaro-de-cao-vira-lata-dos-eua-veja-video\/","title":{"rendered":"Jornalista brasileiro fala \u00e0 CNN Portugal e chama Bolsonaro de &#8216;c\u00e3o vira-lata&#8217; dos EUA; VEJA V\u00cdDEO"},"content":{"rendered":"<p> <script async src=\"https:\/\/pagead2.googlesyndication.com\/pagead\/js\/adsbygoogle.js?client=ca-pub-8864793242727901\"\r\n     crossorigin=\"anonymous\"><\/script><br \/>\n<\/p>\n<div>\n<figure class=\"post-image\">\n<\/figure>\n<p>            <span style=\"font-size: 12px\">Reprodu\u00e7\u00e3o<\/span><\/p>\n<p>            <!-- end metas --><br \/>\n            <!-- ADS --><\/p>\n<div id=\"taboola-read-more\" style=\"display:block; width:100%\">\n<p>Em uma transmiss\u00e3o ao vivo pela CNN portuguesa, o rep\u00f3rter brasileiro Nelson Garrone fez declara\u00e7\u00f5es contundentes sobre o ex-presidente Jair Bolsonaro, chamando-o de &#8220;c\u00e3o vira-latas de D. Trump&#8221;. A express\u00e3o, que remonta \u00e0 famosa frase de Nelson Rodrigues, &#8220;o complexo de vira-lata&#8221;, sugere uma percep\u00e7\u00e3o de inferioridade e subservi\u00eancia. Rodrigues, um dos maiores cronistas e dramaturgos do Brasil, cunhou o termo para descrever a tend\u00eancia dos brasileiros de se sentirem inferiores em rela\u00e7\u00e3o aos pa\u00edses estrangeiros, especialmente ao mundo ocidental. Garrone, ao utilizar esse idioma, parece insinuar que Bolsonaro adotaria uma postura de servilismo em rela\u00e7\u00e3o aos Estados Unidos e seu ent\u00e3o l\u00edder, Donald Trump, refor\u00e7ando uma vis\u00e3o de que Bolsonaro valorizaria mais as pol\u00edticas e ideologias estrangeiras do que as do pr\u00f3prio pa\u00eds.\n<\/p>\n<p>Ademais, Garrone n\u00e3o poupou cr\u00edticas ao afirmar que Bolsonaro &#8220;\u00e9 um patriota que admira mais a p\u00e1tria alheia do que sua pr\u00f3pria p\u00e1tria&#8221;. Esta frase dialoga diretamente com a cr\u00edtica de Nelson Rodrigues ao falso patriotismo, onde o amor \u00e0 p\u00e1tria \u00e9 substitu\u00eddo por uma admira\u00e7\u00e3o cega por valores externos. Rodrigues, conhecido por suas an\u00e1lises profundas e muitas vezes pol\u00eamicas sobre a sociedade brasileira, criticava a falta de autoestima nacional e a tend\u00eancia de desvalorizar o pr\u00f3prio pa\u00eds. A declara\u00e7\u00e3o de Garrone, portanto, n\u00e3o s\u00f3 evoca a mem\u00f3ria de Rodrigues mas tamb\u00e9m infere uma cr\u00edtica ao que considera ser uma falta de autenticidade no patriotismo de Bolsonaro, questionando se seu amor pela na\u00e7\u00e3o seria genu\u00edno ou apenas uma fachada para seguir agendas de outros pa\u00edses.<\/p>\n<p><strong>ASSISTA:<\/strong>\n<\/p>\n<p>Por J\u00fanior Melo              <\/p>\n<\/div>\n<p>                        <!-- Scripts para conteudo --><\/p>\n<p>            <!-- .\/Scripts para conteudo --><br \/>\n            <!-- .\/Mat\u00e9ria --><\/p>\n<div class=\"row mt-3\">\n<div class=\"col-sm-6\">\n                <!-- Whatsapp channel 3--><br \/>\n                <a href=\"https:\/\/chat.whatsapp.com\/B8Qy6Erx4kb6yTzj3kaDco\" target=\"_blank\"><br \/>\n                  <img decoding=\"async\" src=\"https:\/\/diariodobrasilnoticias.com.br\/assets-site\/images\/bot_whatsapp.png\"\/><\/a>\n              <\/div>\n<div class=\"col-sm-6\">\n                <a href=\"https:\/\/t.me\/+_4gTmi5LKo03OTM5\" target=\"_blank\"><br \/>\n                  <img decoding=\"async\" src=\"https:\/\/diariodobrasilnoticias.com.br\/assets-site\/images\/bot_telegram.png\"\/><\/a>\n              <\/div>\n<\/p><\/div>\n<p>            <!-- end post-navigation --><\/p>\n<p>              <!-- end row --><\/p>\n<p>              <!-- end col-12-->\n                      <\/div>\n<p><br \/>\n<br \/><a href=\"https:\/\/diariodobrasilnoticias.com.br\/noticia\/jornalista-brasileiro-fala-a-cnn-portugal-e-chama-bolsonaro-de-cao-vira-lata-dos-eua-veja-video-679003e0a5c19\">Source link <\/a><\/p>","protected":false},"excerpt":{"rendered":"<p>Reprodu\u00e7\u00e3o Em uma transmiss\u00e3o ao vivo pela CNN portuguesa, o rep\u00f3rter brasileiro Nelson Garrone fez declara\u00e7\u00f5es contundentes sobre o ex-presidente Jair Bolsonaro, chamando-o de &#8220;c\u00e3o vira-latas de D. Trump&#8221;. A&hellip;<\/p>","protected":false},"author":1,"featured_media":94370,"comment_status":"closed","ping_status":"open","sticky":false,"template":"","format":"standard","meta":{"content-type":"","footnotes":""},"categories":[16],"tags":[123,2448,5313,1267],"class_list":["post-94369","post","type-post","status-publish","format-standard","has-post-thumbnail","hentry","category-noticias","tag-brasil","tag-diario","tag-noticia","tag-noticias"],"_links":{"self":[{"href":"https:\/\/tvbrazilusa.com\/pt\/wp-json\/wp\/v2\/posts\/94369","targetHints":{"allow":["GET"]}}],"collection":[{"href":"https:\/\/tvbrazilusa.com\/pt\/wp-json\/wp\/v2\/posts"}],"about":[{"href":"https:\/\/tvbrazilusa.com\/pt\/wp-json\/wp\/v2\/types\/post"}],"author":[{"embeddable":true,"href":"https:\/\/tvbrazilusa.com\/pt\/wp-json\/wp\/v2\/users\/1"}],"replies":[{"embeddable":true,"href":"https:\/\/tvbrazilusa.com\/pt\/wp-json\/wp\/v2\/comments?post=94369"}],"version-history":[{"count":1,"href":"https:\/\/tvbrazilusa.com\/pt\/wp-json\/wp\/v2\/posts\/94369\/revisions"}],"predecessor-version":[{"id":94371,"href":"https:\/\/tvbrazilusa.com\/pt\/wp-json\/wp\/v2\/posts\/94369\/revisions\/94371"}],"wp:featuredmedia":[{"embeddable":true,"href":"https:\/\/tvbrazilusa.com\/pt\/wp-json\/wp\/v2\/media\/94370"}],"wp:attachment":[{"href":"https:\/\/tvbrazilusa.com\/pt\/wp-json\/wp\/v2\/media?parent=94369"}],"wp:term":[{"taxonomy":"category","embeddable":true,"href":"https:\/\/tvbrazilusa.com\/pt\/wp-json\/wp\/v2\/categories?post=94369"},{"taxonomy":"post_tag","embeddable":true,"href":"https:\/\/tvbrazilusa.com\/pt\/wp-json\/wp\/v2\/tags?post=94369"}],"curies":[{"name":"wp","href":"https:\/\/api.w.org\/{rel}","templated":true}]}}