{"id":94420,"date":"2025-01-22T01:05:06","date_gmt":"2025-01-22T01:05:06","guid":{"rendered":"https:\/\/tvbrazilusa.com\/2025\/01\/22\/medicos-vao-parar-atendimento-na-liga-memorial-hospital-do-coracao-varela-santiago-e-rio-grande-por-falta-de-pagamento-do-governo-do-rn\/"},"modified":"2025-01-22T01:05:07","modified_gmt":"2025-01-22T01:05:07","slug":"medicos-vao-parar-atendimento-na-liga-memorial-hospital-do-coracao-varela-santiago-e-rio-grande-por-falta-de-pagamento-do-governo-do-rn","status":"publish","type":"post","link":"https:\/\/tvbrazilusa.com\/pt\/2025\/01\/22\/medicos-vao-parar-atendimento-na-liga-memorial-hospital-do-coracao-varela-santiago-e-rio-grande-por-falta-de-pagamento-do-governo-do-rn\/","title":{"rendered":"M\u00e9dicos v\u00e3o parar atendimento na Liga, Memorial, Hospital do Cora\u00e7\u00e3o, Varela Santiago e Rio Grande por falta de pagamento do Governo do RN"},"content":{"rendered":"<p> <script async src=\"https:\/\/pagead2.googlesyndication.com\/pagead\/js\/adsbygoogle.js?client=ca-pub-8864793242727901\"\r\n     crossorigin=\"anonymous\"><\/script><br \/>\n<\/p>\n<div id=\"taboola-read-more\" style=\"display:block; width:100%\">\n<p>A Dire\u00e7\u00e3o da Coopmed-RN informou que devido o n\u00e3o cumprimento do repasse da Secretaria de Sa\u00fade P\u00fablica do RN (Sesap-RN) previsto para o dia 20\/01\/2025, os servi\u00e7os de Alta\/M\u00e9dia Complexidade nos hospitais Liga Contra o C\u00e2ncer, Rio Grande, Paulo Gurgel, Memorial, Hospital do Cora\u00e7\u00e3o e Varela Santiago ser\u00e3o paralisados a partir das 7h da quarta-feira 22 de janeiro, seguindo as regras estabelecidas pela cooperativa.\n<\/p>\n<p>Fonte: Blog do Bg<\/p>\n<\/p><\/div>\n<p><br \/>\n<br \/><a href=\"https:\/\/diariodobrasilnoticias.com.br\/noticia\/medicos-vao-parar-atendimento-na-liga-memorial-hospital-do-coracao-varela-santiago-e-rio-grande-por-falta-de-pagamento-do-governo-do-rn-679015ae38471\">Source link <\/a><\/p>","protected":false},"excerpt":{"rendered":"<p>A Dire\u00e7\u00e3o da Coopmed-RN informou que devido o n\u00e3o cumprimento do repasse da Secretaria de Sa\u00fade P\u00fablica do RN (Sesap-RN) previsto para o dia 20\/01\/2025, os servi\u00e7os de Alta\/M\u00e9dia Complexidade&hellip;<\/p>","protected":false},"author":1,"featured_media":94421,"comment_status":"closed","ping_status":"open","sticky":false,"template":"","format":"standard","meta":{"content-type":"","footnotes":""},"categories":[16],"tags":[123,2448,5313,1267],"class_list":["post-94420","post","type-post","status-publish","format-standard","has-post-thumbnail","hentry","category-noticias","tag-brasil","tag-diario","tag-noticia","tag-noticias"],"_links":{"self":[{"href":"https:\/\/tvbrazilusa.com\/pt\/wp-json\/wp\/v2\/posts\/94420","targetHints":{"allow":["GET"]}}],"collection":[{"href":"https:\/\/tvbrazilusa.com\/pt\/wp-json\/wp\/v2\/posts"}],"about":[{"href":"https:\/\/tvbrazilusa.com\/pt\/wp-json\/wp\/v2\/types\/post"}],"author":[{"embeddable":true,"href":"https:\/\/tvbrazilusa.com\/pt\/wp-json\/wp\/v2\/users\/1"}],"replies":[{"embeddable":true,"href":"https:\/\/tvbrazilusa.com\/pt\/wp-json\/wp\/v2\/comments?post=94420"}],"version-history":[{"count":1,"href":"https:\/\/tvbrazilusa.com\/pt\/wp-json\/wp\/v2\/posts\/94420\/revisions"}],"predecessor-version":[{"id":94422,"href":"https:\/\/tvbrazilusa.com\/pt\/wp-json\/wp\/v2\/posts\/94420\/revisions\/94422"}],"wp:featuredmedia":[{"embeddable":true,"href":"https:\/\/tvbrazilusa.com\/pt\/wp-json\/wp\/v2\/media\/94421"}],"wp:attachment":[{"href":"https:\/\/tvbrazilusa.com\/pt\/wp-json\/wp\/v2\/media?parent=94420"}],"wp:term":[{"taxonomy":"category","embeddable":true,"href":"https:\/\/tvbrazilusa.com\/pt\/wp-json\/wp\/v2\/categories?post=94420"},{"taxonomy":"post_tag","embeddable":true,"href":"https:\/\/tvbrazilusa.com\/pt\/wp-json\/wp\/v2\/tags?post=94420"}],"curies":[{"name":"wp","href":"https:\/\/api.w.org\/{rel}","templated":true}]}}