{"id":94446,"date":"2025-01-22T03:43:17","date_gmt":"2025-01-22T03:43:17","guid":{"rendered":"https:\/\/tvbrazilusa.com\/2025\/01\/22\/imagens-indicam-que-marcal-gravou-video-com-trump-16-dias-antes-da-posse-tv-florida-usa-a-sua-tv-brasileira-nos-estados-unidos\/"},"modified":"2025-01-22T04:03:36","modified_gmt":"2025-01-22T04:03:36","slug":"imagens-indicam-que-marcal-gravou-video-com-trump-16-dias-antes-da-posse-tv-florida-usa-a-sua-tv-brasileira-nos-estados-unidos","status":"publish","type":"post","link":"https:\/\/tvbrazilusa.com\/pt\/2025\/01\/22\/imagens-indicam-que-marcal-gravou-video-com-trump-16-dias-antes-da-posse-tv-florida-usa-a-sua-tv-brasileira-nos-estados-unidos\/","title":{"rendered":"Imagens indicam que Mar\u00e7al gravou v\u00eddeo com Trump 16 dias antes da posse \u2013 TV Florida USA \u2013 A sua TV Brasileira nos Estados Unidos"},"content":{"rendered":"<p> <script async src=\"https:\/\/pagead2.googlesyndication.com\/pagead\/js\/adsbygoogle.js?client=ca-pub-8864793242727901\"\r\n     crossorigin=\"anonymous\"><\/script><br \/>\n<\/p>\n<div id=\"taboola-read-more\" style=\"display:block; width:100%\">\n<p>An\u00e1lise de imagens feita pelo Metr\u00f3poles indica que o v\u00eddeo do encontro entre Pablo Mar\u00e7al (PRTB) e Donald Trump teria sido gravado no dia 4 de janeiro de 2025, ou seja, 16 dias antes da posse do republicano.\n<\/p>\n<p>O v\u00eddeo foi divulgado por Mar\u00e7al nesta ter\u00e7a-feira (21\/1), um dia ap\u00f3s a posse de Trump como 47\u00ba presidente americano. \u00c0 coluna, o ex-coach disse que a grava\u00e7\u00e3o foi feita em um \u201cbaile\u201d, mas se recusou a dizer quando.<\/p>\n<\/p>\n<p><img decoding=\"async\" src=\"https:\/\/fly.metroimg.com\/upload\/q_85,w_1200\/https:\/\/uploads.metroimg.com\/wp-content\/uploads\/2025\/01\/21165146\/WhatsApp-Image-2025-01-21-at-16.51.01.jpeg\" alt=\"\" width=\"100%\"\/>\n<\/p>\n<p><img decoding=\"async\" src=\"https:\/\/fly.metroimg.com\/upload\/q_85,w_1200\/https:\/\/uploads.metroimg.com\/wp-content\/uploads\/2025\/01\/21165149\/WhatsApp-Image-2025-01-21-at-16.49.41-3.jpeg\" alt=\"\" width=\"100%\"\/>\n<\/p>\n<p><em>Fotos: Montagem\/Metr\u00f3poles<\/em>\n<\/p>\n<p>Compara\u00e7\u00e3o de v\u00eddeos feitas pelo Metr\u00f3poles, por\u00e9m, indica que a grava\u00e7\u00e3o foi feita em \u201cMar-a-Lago\u201c, resort do qual Trump \u00e9 dono no estado americano da Fl\u00f3rida.\n<\/p>\n<p>No dia 4 de janeiro, o ent\u00e3o presidente eleito dos Estados Unidos participou de uma sess\u00e3o de estreia do documento \u201cEastman dilemma\u201d no resort. O evento contou com a presen\u00e7a de apoiadores de Trump.\n<\/p>\n<p>A an\u00e1lise das imagens mostra que o fundo do v\u00eddeo de Mar\u00e7al tem arquitetura parecida com a de Mar-a-Lago. Al\u00e9m disso, Trump estava vestido com terno da mesma cor tanto no evento quanto na grava\u00e7\u00e3o do ex-coach.\n<\/p>\n<p>Questionado pela coluna se o v\u00eddeo foi, de fato, gravado em 4 de janeiro, Mar\u00e7al n\u00e3o respondeu at\u00e9 a publica\u00e7\u00e3o desta mat\u00e9ria. A assessoria do ex-coach tamb\u00e9m disse n\u00e3o saber quando a grava\u00e7\u00e3o foi feita.\n<\/p>\n<p>Fonte: Metr\u00f3poles              <\/p>\n<\/div>\n<p><br \/>\n<br \/><a href=\"https:\/\/tvfloridausa.com\/2025\/01\/22\/imagens-indicam-que-marcal-gravou-video-com-trump-16-dias-antes-da-posse\/\">Source link <\/a><\/p>","protected":false},"excerpt":{"rendered":"<p>An\u00e1lise de imagens feita pelo Metr\u00f3poles indica que o v\u00eddeo do encontro entre Pablo Mar\u00e7al (PRTB) e Donald Trump teria sido gravado no dia 4 de janeiro de 2025, ou&hellip;<\/p>","protected":false},"author":1,"featured_media":94447,"comment_status":"closed","ping_status":"open","sticky":false,"template":"","format":"standard","meta":{"content-type":"","footnotes":""},"categories":[22],"tags":[],"class_list":["post-94446","post","type-post","status-publish","format-standard","has-post-thumbnail","hentry","category-tv-florida-usa"],"_links":{"self":[{"href":"https:\/\/tvbrazilusa.com\/pt\/wp-json\/wp\/v2\/posts\/94446","targetHints":{"allow":["GET"]}}],"collection":[{"href":"https:\/\/tvbrazilusa.com\/pt\/wp-json\/wp\/v2\/posts"}],"about":[{"href":"https:\/\/tvbrazilusa.com\/pt\/wp-json\/wp\/v2\/types\/post"}],"author":[{"embeddable":true,"href":"https:\/\/tvbrazilusa.com\/pt\/wp-json\/wp\/v2\/users\/1"}],"replies":[{"embeddable":true,"href":"https:\/\/tvbrazilusa.com\/pt\/wp-json\/wp\/v2\/comments?post=94446"}],"version-history":[{"count":1,"href":"https:\/\/tvbrazilusa.com\/pt\/wp-json\/wp\/v2\/posts\/94446\/revisions"}],"predecessor-version":[{"id":94448,"href":"https:\/\/tvbrazilusa.com\/pt\/wp-json\/wp\/v2\/posts\/94446\/revisions\/94448"}],"wp:featuredmedia":[{"embeddable":true,"href":"https:\/\/tvbrazilusa.com\/pt\/wp-json\/wp\/v2\/media\/94447"}],"wp:attachment":[{"href":"https:\/\/tvbrazilusa.com\/pt\/wp-json\/wp\/v2\/media?parent=94446"}],"wp:term":[{"taxonomy":"category","embeddable":true,"href":"https:\/\/tvbrazilusa.com\/pt\/wp-json\/wp\/v2\/categories?post=94446"},{"taxonomy":"post_tag","embeddable":true,"href":"https:\/\/tvbrazilusa.com\/pt\/wp-json\/wp\/v2\/tags?post=94446"}],"curies":[{"name":"wp","href":"https:\/\/api.w.org\/{rel}","templated":true}]}}