{"id":9445,"date":"2024-07-19T13:51:43","date_gmt":"2024-07-19T13:51:43","guid":{"rendered":"https:\/\/tvbrazilusa.com\/2024\/07\/19\/o-veto-de-desantis-ao-projeto-de-lei-da-praia-irrita-os-ambientalistas-jacksonville-today\/"},"modified":"2024-07-26T21:40:52","modified_gmt":"2024-07-26T21:40:52","slug":"o-veto-de-desantis-ao-projeto-de-lei-da-praia-irrita-os-ambientalistas-jacksonville-today","status":"publish","type":"post","link":"https:\/\/tvbrazilusa.com\/pt\/2024\/07\/19\/o-veto-de-desantis-ao-projeto-de-lei-da-praia-irrita-os-ambientalistas-jacksonville-today\/","title":{"rendered":"O veto de DeSantis ao projeto de lei da praia irrita os ambientalistas &#8211; Jacksonville Today"},"content":{"rendered":"<p> <script async src=\"https:\/\/pagead2.googlesyndication.com\/pagead\/js\/adsbygoogle.js?client=ca-pub-8864793242727901\"\r\n     crossorigin=\"anonymous\"><\/script><br \/>\n<\/p>\n<div>\n<p>Ambientalistas continuam perplexos com o recente veto do governador da Fl\u00f3rida, Ron DeSantis, a um projeto de lei bipartid\u00e1rio extremamente popular para proteger o litoral do estado e a sa\u00fade dos banhistas, porque ele considerou a medida &#8220;imprudente&#8221;.<\/p>\n<p>DeSantis disse que vetou a Lei de Praias Limpas porque acreditava que ela dava ao Departamento de Sa\u00fade da Fl\u00f3rida muito poder sobre os governos locais.<\/p>\n<p>\u201cEste projeto de lei manteria os banhistas seguros e informados sobre os riscos de nadar ao se divertir nas \u00e1guas de praia da Fl\u00f3rida\u201d, disse Emma Haydocy, gerente da Surfrider na Fl\u00f3rida. \u201cA Surfrider Foundation e sua rede na Fl\u00f3rida (est\u00e3o) profundamente decepcionadas com a decis\u00e3o do governador DeSantis.\u201d<\/p>\n<p>O veto do governador ocorre no momento em que os banhistas do sudoeste da Fl\u00f3rida enfrentam riscos respirat\u00f3rios devido a toxinas transportadas pelo ar liberadas por prolifera\u00e7\u00f5es de algas nocivas, doen\u00e7as causadas por dejetos humanos que vazam para \u00e1guas costeiras de dezenas de milhares de sistemas s\u00e9pticos abandonados somente no Condado de Lee e mortes causadas pelas chamadas bact\u00e9rias comedoras de carne.<\/p>\n<p>DeSantis disse em uma declara\u00e7\u00e3o que a legisla\u00e7\u00e3o \u201csofre de uma enfermidade fatal\u201d, porque o Departamento de Sa\u00fade \u201cn\u00e3o deve ser investido com o poder de substituir jurisdi\u00e7\u00f5es locais em rela\u00e7\u00e3o \u00e0 opera\u00e7\u00e3o de praias\u201d.<\/p>\n<p>A medida foi aprovada por unanimidade em ambas as c\u00e2maras da Assembleia Legislativa da Fl\u00f3rida, um raro momento de acordo completo em Tallahassee.<\/p>\n<p>O veto do governador republicano foi ainda mais confuso devido ao seu padr\u00e3o de centralizar a autoridade em n\u00edvel estadual, muitas vezes em detrimento do controle local.<\/p>\n<p>A deputada Lindsay Cross, democrata de S\u00e3o Petersburgo que patrocinou o projeto de lei, disse que a decis\u00e3o do governador a deixou incr\u00e9dula.<\/p>\n<p>\u201cAchei que n\u00e3o haveria como o governador vetar algo que foi patrocinado por uma chapa bipartid\u00e1ria de autoridades eleitas com aprova\u00e7\u00e3o un\u00e2nime em ambas as c\u00e2maras, o que protegeria a sa\u00fade p\u00fablica das pessoas.\u201d<\/p>\n<p>Direitos autorais 2024 WGCU<\/p>\n<\/div>\n<p><br \/>\n<br \/><a href=\"https:\/\/jaxtoday.org\/2024\/07\/19\/desantis-veto-of-beach-bill-roils-environmentalists\/\">Source link <\/a><\/p>","protected":false},"excerpt":{"rendered":"<p>Ambientalistas continuam perplexos com o recente veto do governador da Fl\u00f3rida, Ron DeSantis, a um projeto de lei bipartid\u00e1rio extremamente popular para proteger o litoral do estado e a sa\u00fade&hellip;<\/p>","protected":false},"author":1,"featured_media":6923,"comment_status":"closed","ping_status":"open","sticky":false,"template":"","format":"standard","meta":{"content-type":"","footnotes":""},"categories":[1],"tags":[1267,1268],"class_list":["post-9445","post","type-post","status-publish","format-standard","has-post-thumbnail","hentry","category-uncategorized","tag-noticias","tag-noticias-do-estado"],"_links":{"self":[{"href":"https:\/\/tvbrazilusa.com\/pt\/wp-json\/wp\/v2\/posts\/9445","targetHints":{"allow":["GET"]}}],"collection":[{"href":"https:\/\/tvbrazilusa.com\/pt\/wp-json\/wp\/v2\/posts"}],"about":[{"href":"https:\/\/tvbrazilusa.com\/pt\/wp-json\/wp\/v2\/types\/post"}],"author":[{"embeddable":true,"href":"https:\/\/tvbrazilusa.com\/pt\/wp-json\/wp\/v2\/users\/1"}],"replies":[{"embeddable":true,"href":"https:\/\/tvbrazilusa.com\/pt\/wp-json\/wp\/v2\/comments?post=9445"}],"version-history":[{"count":1,"href":"https:\/\/tvbrazilusa.com\/pt\/wp-json\/wp\/v2\/posts\/9445\/revisions"}],"predecessor-version":[{"id":9446,"href":"https:\/\/tvbrazilusa.com\/pt\/wp-json\/wp\/v2\/posts\/9445\/revisions\/9446"}],"wp:featuredmedia":[{"embeddable":true,"href":"https:\/\/tvbrazilusa.com\/pt\/wp-json\/wp\/v2\/media\/6923"}],"wp:attachment":[{"href":"https:\/\/tvbrazilusa.com\/pt\/wp-json\/wp\/v2\/media?parent=9445"}],"wp:term":[{"taxonomy":"category","embeddable":true,"href":"https:\/\/tvbrazilusa.com\/pt\/wp-json\/wp\/v2\/categories?post=9445"},{"taxonomy":"post_tag","embeddable":true,"href":"https:\/\/tvbrazilusa.com\/pt\/wp-json\/wp\/v2\/tags?post=9445"}],"curies":[{"name":"wp","href":"https:\/\/api.w.org\/{rel}","templated":true}]}}