{"id":94475,"date":"2025-01-22T10:41:48","date_gmt":"2025-01-22T10:41:48","guid":{"rendered":"https:\/\/tvbrazilusa.com\/2025\/01\/22\/editorial-do-jornal-o-globo-aponta-que-trump-fara-mal-ao-planeta\/"},"modified":"2025-01-22T10:41:49","modified_gmt":"2025-01-22T10:41:49","slug":"editorial-do-jornal-o-globo-aponta-que-trump-fara-mal-ao-planeta","status":"publish","type":"post","link":"https:\/\/tvbrazilusa.com\/pt\/2025\/01\/22\/editorial-do-jornal-o-globo-aponta-que-trump-fara-mal-ao-planeta\/","title":{"rendered":"Editorial do jornal O Globo aponta que &#8216;Trump far\u00e1 mal ao planeta&#8217;"},"content":{"rendered":"<p> <script async src=\"https:\/\/pagead2.googlesyndication.com\/pagead\/js\/adsbygoogle.js?client=ca-pub-8864793242727901\"\r\n     crossorigin=\"anonymous\"><\/script><br \/>\n<\/p>\n<div id=\"taboola-read-more\" style=\"display:block; width:100%\">\n<p>O jornal carioca O Globo publicou um editorial, nesta ter\u00e7a-feira (21), afirmando que o presidente dos Estados Unidos, Donald Trump, \u201cfar\u00e1 mal ao planeta\u201d. De acordo com a previs\u00e3o progressista, os \u201cefeitos nefastos do novo mandato se estender\u00e3o do clima \u00e0 geopol\u00edtica, da economia \u00e0 regula\u00e7\u00e3o da tecnologia\u201d.\n<\/p>\n<p>\u2013 Ningu\u00e9m pode se dizer surpreso com as primeiras medidas tomadas por Donald Trump ao assumir a Presid\u00eancia dos Estados Unidos. Elas refletem tudo o que ele repetiu ao longo da campanha que o levou de volta \u00e0 Casa Branca e, por absurdas que sejam, se alinham com o desejo dos eleitores americanos. N\u00e3o quer dizer que sejam menos preocupantes ou menos assustadoras. (\u2026) A coloniza\u00e7\u00e3o de Marte prometida por Trump \u00e9 para l\u00e1 de incerta, mas o Planeta Terra certamente ficar\u00e1 pior com ele no poder \u2013 diz trecho do artigo.<\/p>\n<p>O texto contraria praticamente todas as medidas tomadas pelo republicano neste primeiro momento e cita a \u201cretirada dos Estados Unidos do Acordo de Paris\u201d que, para o jornal, representa um \u201crecuo na agenda ambiental de consequ\u00eancias grav\u00edssimas\u201d.\n<\/p>\n<p>\u2013 Sem o compromisso do governo americano para reduzir emiss\u00f5es dos gases de efeito estufa, os efeitos das mudan\u00e7as clim\u00e1ticas j\u00e1 em curso se agravar\u00e3o \u2013 analisou.\n<\/p>\n<p>Quanto \u00e0 presen\u00e7a dos empres\u00e1rios das big techs na posse, nesta segunda-feira (20), O Globo afirma, em outras palavras, que aqueles que defendem a liberdade de express\u00e3o fazem mal ao planeta, enquanto, para o jornal, certo seria cercear a liberdade que os indiv\u00edduos possuem no ambiente virtual.\n<\/p>\n<p>\u2013 N\u00e3o foi coincid\u00eancia a presen\u00e7a dos l\u00edderes das maiores plataformas digitais na primeira fileira da plateia da posse. Trump cedeu aos apelos daqueles que, disfar\u00e7ados de defensores da liberdade de express\u00e3o e da inova\u00e7\u00e3o, se recusam a assumir responsabilidade pelos danos que causam.\n<\/p>\n<p>O texto condena ainda o que chama de \u201crecuo civilizat\u00f3rio\u201d; a saber, as medidas j\u00e1 adotadas por Trump para liquidar pol\u00edticas p\u00fablicas pr\u00f3-LGBTQIA+, al\u00e9m de chamar de \u201cabsurdo oportunista\u201d o perd\u00e3o concedido aos manifestantes que tomaram o Capit\u00f3lio.\n<\/p>\n<p>\u2013 S\u00e3o um recuo civilizat\u00f3rio as medidas para desmantelar pol\u00edticas de diversidade e inclus\u00e3o, em especial as relativas \u00e0 comunidade LGBTQIA+. E foi um absurdo oportunista o perd\u00e3o aos insurretos que invadiram o Capit\u00f3lio para tentar mant\u00ea-lo no poder \u2013 disparou o editorial.\n<\/p>\n<p>Fonte: Pleno News              <\/p>\n<\/div>\n<p><br \/>\n<br \/><a href=\"https:\/\/diariodobrasilnoticias.com.br\/noticia\/editorial-do-jornal-o-globo-aponta-que-trump-fara-mal-ao-planeta-6790c986da82e\">Source link <\/a><\/p>","protected":false},"excerpt":{"rendered":"<p>O jornal carioca O Globo publicou um editorial, nesta ter\u00e7a-feira (21), afirmando que o presidente dos Estados Unidos, Donald Trump, \u201cfar\u00e1 mal ao planeta\u201d. De acordo com a previs\u00e3o progressista,&hellip;<\/p>","protected":false},"author":1,"featured_media":94476,"comment_status":"closed","ping_status":"open","sticky":false,"template":"","format":"standard","meta":{"content-type":"","footnotes":""},"categories":[16],"tags":[123,2448,5313,1267],"class_list":["post-94475","post","type-post","status-publish","format-standard","has-post-thumbnail","hentry","category-noticias","tag-brasil","tag-diario","tag-noticia","tag-noticias"],"_links":{"self":[{"href":"https:\/\/tvbrazilusa.com\/pt\/wp-json\/wp\/v2\/posts\/94475","targetHints":{"allow":["GET"]}}],"collection":[{"href":"https:\/\/tvbrazilusa.com\/pt\/wp-json\/wp\/v2\/posts"}],"about":[{"href":"https:\/\/tvbrazilusa.com\/pt\/wp-json\/wp\/v2\/types\/post"}],"author":[{"embeddable":true,"href":"https:\/\/tvbrazilusa.com\/pt\/wp-json\/wp\/v2\/users\/1"}],"replies":[{"embeddable":true,"href":"https:\/\/tvbrazilusa.com\/pt\/wp-json\/wp\/v2\/comments?post=94475"}],"version-history":[{"count":1,"href":"https:\/\/tvbrazilusa.com\/pt\/wp-json\/wp\/v2\/posts\/94475\/revisions"}],"predecessor-version":[{"id":94477,"href":"https:\/\/tvbrazilusa.com\/pt\/wp-json\/wp\/v2\/posts\/94475\/revisions\/94477"}],"wp:featuredmedia":[{"embeddable":true,"href":"https:\/\/tvbrazilusa.com\/pt\/wp-json\/wp\/v2\/media\/94476"}],"wp:attachment":[{"href":"https:\/\/tvbrazilusa.com\/pt\/wp-json\/wp\/v2\/media?parent=94475"}],"wp:term":[{"taxonomy":"category","embeddable":true,"href":"https:\/\/tvbrazilusa.com\/pt\/wp-json\/wp\/v2\/categories?post=94475"},{"taxonomy":"post_tag","embeddable":true,"href":"https:\/\/tvbrazilusa.com\/pt\/wp-json\/wp\/v2\/tags?post=94475"}],"curies":[{"name":"wp","href":"https:\/\/api.w.org\/{rel}","templated":true}]}}