{"id":94478,"date":"2025-01-22T10:53:38","date_gmt":"2025-01-22T10:53:38","guid":{"rendered":"https:\/\/tvbrazilusa.com\/2025\/01\/22\/trump-anuncia-mil-cortes-em-seu-1o-dia-de-governo-estao-demitidos\/"},"modified":"2025-01-22T10:53:41","modified_gmt":"2025-01-22T10:53:41","slug":"trump-anuncia-mil-cortes-em-seu-1o-dia-de-governo-estao-demitidos","status":"publish","type":"post","link":"https:\/\/tvbrazilusa.com\/pt\/2025\/01\/22\/trump-anuncia-mil-cortes-em-seu-1o-dia-de-governo-estao-demitidos\/","title":{"rendered":"Trump anuncia mil cortes em seu 1\u00ba dia de governo: &#8216;Est\u00e3o demitidos&#8217;"},"content":{"rendered":"<p> <script async src=\"https:\/\/pagead2.googlesyndication.com\/pagead\/js\/adsbygoogle.js?client=ca-pub-8864793242727901\"\r\n     crossorigin=\"anonymous\"><\/script><br \/>\n<\/p>\n<div>\n<figure class=\"post-image\">\n<\/figure>\n<p>            <span style=\"font-size: 12px\">Foto: Reprodu\u00e7\u00e3o\/Twitter\/X\/@JDVanceNewsX<\/span><\/p>\n<p>            <!-- end metas --><br \/>\n            <!-- ADS --><\/p>\n<div id=\"taboola-read-more\" style=\"display:block; width:100%\">\n<p>O presidente dos Estados Unidos, Donald Trump, anunciou a demiss\u00e3o de mil funcion\u00e1rios do governo norte-americano que foram nomeados por\u00a0<strong><a href=\"https:\/\/x.com\/JoeBiden\" target=\"_blank\" rel=\"noopener noreferrer\">Joe Biden<\/a><\/strong>. Ele fez o comunicado por meio das redes sociais, na noite desta segunda-feira, 20.\n<\/p>\n<p><strong>+ Leia mais not\u00edcias do\u00a0<a href=\"https:\/\/revistaoeste.com\/mundo\/\" target=\"_blank\" rel=\"noopener noreferrer\">Mundo<\/a>\u00a0em Oeste<\/strong><\/p>\n<p>\u00a0<\/p>\n<p>\u201cNosso primeiro dia na Casa Branca ainda n\u00e3o terminou\u201d, escreveu Trump, na rede social Truth. \u201cMeu escrit\u00f3rio presidencial est\u00e1 ativamente no processo de identificar e remover mais de mil nomeados da administra\u00e7\u00e3o anterior, que n\u00e3o est\u00e3o alinhados com nossa vis\u00e3o de tornar a Am\u00e9rica grande novamente.\u201d<\/p>\n<figure class=\"wp-block-image aligncenter size-full is-resized\"><picture><source srcset=\"https:\/\/medias.revistaoeste.com\/wp-content\/uploads\/2025\/01\/WhatsApp-Image-2025-01-21-at-15.17.31.jpeg.webp 752w, https:\/\/medias.revistaoeste.com\/wp-content\/uploads\/2025\/01\/WhatsApp-Image-2025-01-21-at-15.17.31-300x267.jpeg.webp 300w, https:\/\/medias.revistaoeste.com\/wp-content\/uploads\/2025\/01\/WhatsApp-Image-2025-01-21-at-15.17.31-150x134.jpeg.webp 150w\" type=\"image\/webp\" sizes=\"(max-width: 752px) 100vw, 752px\" data-srcset=\"https:\/\/medias.revistaoeste.com\/wp-content\/uploads\/2025\/01\/WhatsApp-Image-2025-01-21-at-15.17.31.jpeg.webp 752w, https:\/\/medias.revistaoeste.com\/wp-content\/uploads\/2025\/01\/WhatsApp-Image-2025-01-21-at-15.17.31-300x267.jpeg.webp 300w, https:\/\/medias.revistaoeste.com\/wp-content\/uploads\/2025\/01\/WhatsApp-Image-2025-01-21-at-15.17.31-150x134.jpeg.webp 150w\" data-sizes=\"(max-width: 752px) 100vw, 752px\"\/><img class=\"wp-image-1845648 perfmatters-lazy entered pmloaded\" style=\"border: 0px solid #e5e7eb; box-sizing: border-box; --tw-border-spacing-x: 0; --tw-border-spacing-y: 0; --tw-translate-x: 0; --tw-translate-y: 0; --tw-rotate: 0; --tw-skew-x: 0; --tw-skew-y: 0; --tw-scale-x: 1; --tw-scale-y: 1; --tw-scroll-snap-strictness: proximity; --tw-ring-offset-width: 0px; --tw-ring-offset-color: #fff; --tw-ring-color: #3b82f680; --tw-ring-offset-shadow: 0 0 #0000; --tw-ring-shadow: 0 0 #0000; --tw-shadow: 0 0 #0000; --tw-shadow-colored: 0 0 #0000; display: block; vertical-align: middle; height: auto; max-width: 100%; user-select: text !important; pointer-events: initial !important; animation: 500ms ease 0s 1 normal none running pmFadeIn; margin: 0px auto; width: 478px;\" sizes=\"(max-width: 752px) 100vw, 752px\" srcset=\"https:\/\/medias.revistaoeste.com\/wp-content\/uploads\/2025\/01\/WhatsApp-Image-2025-01-21-at-15.17.31.jpeg 752w, https:\/\/medias.revistaoeste.com\/wp-content\/uploads\/2025\/01\/WhatsApp-Image-2025-01-21-at-15.17.31-300x267.jpeg 300w, https:\/\/medias.revistaoeste.com\/wp-content\/uploads\/2025\/01\/WhatsApp-Image-2025-01-21-at-15.17.31-150x134.jpeg 150w\" alt=\"Trump tamb\u00e9m decretou o fim do <i>home office<\/i> para aproximadamente 1 milh\u00e3o de funcion\u00e1rios p\u00fablicos federais | Foto: Reprodu\u00e7\u00e3o\/Truth Social&#8221; width=&#8221;752&#8243; height=&#8221;670&#8243; data-eio=&#8221;p&#8221; src=&#8221;https:\/\/medias.revistaoeste.com\/wp-content\/uploads\/2025\/01\/WhatsApp-Image-2025-01-21-at-15.17.31.jpeg&#8221; data-sizes=&#8221;(max-width: 752px) 100vw, 752px&#8221; data-ll-status=&#8221;loaded&#8221;\/><\/picture><figcaption class=\"wp-element-caption\">Trump tamb\u00e9m decretou o fim do\u00a0<em>home office<\/em>\u00a0para aproximadamente 1 milh\u00e3o de funcion\u00e1rios p\u00fablicos federais | Foto: Reprodu\u00e7\u00e3o\/Truth Social<\/figcaption><\/figure>\n<\/p>\n<p>\u00a0<\/p>\n<p>Na mesma publica\u00e7\u00e3o, o presidente dos EUA anunciou as demiss\u00f5es de:\u00a0\n<\/p>\n<ul>\n<li>Jos\u00e9 Andr\u00e9s, do Conselho Presidencial de Esportes;\u00a0<\/li>\n<li>Mark Milley, do Conselho Consultivo Nacional de Infraestrutura;\u00a0<\/li>\n<li>Brian Hook, do Conselho dos Centros Acad\u00eamicos; e\u00a0<\/li>\n<li>Keisha Lance Bottons, do Conselho Presidencial de Exporta\u00e7\u00e3o.<\/li>\n<\/ul>\n<blockquote class=\"wp-block-quote is-layout-flow wp-block-quote-is-layout-flow\">\n<p>\u201cVoc\u00eas est\u00e3o demitidos!\u201d, escreveu Trump.\n<\/p>\n<\/blockquote>\n<\/div>\n<h2 class=\"wp-block-heading\">Ordens executivas e pol\u00edticas de Trump<\/h2>\n<p>Al\u00e9m dessas demiss\u00f5es, o republicano assinou v\u00e1rias ordens executivas no primeiro dia de mandato. Entre as medidas est\u00e3o a retirada dos EUA do Acordo de Paris.\u00a0\n<\/p>\n<p>\u00a0<\/p>\n<p>Ele tamb\u00e9m afirmou que seu governo vai reconhecer apenas os g\u00eaneros masculino e feminino. Um dia antes de sua posse, o republicano afirmou que n\u00e3o vai permitir que homens participem de esportes femininos.\n<\/p>\n<p>Em dezembro, Trump prometeu acabar com o que chamou de \u201cloucura transg\u00eanero\u201d em seu primeiro dia de mandato.\u00a0\n<\/p>\n<p>\u00a0<\/p>\n<p>\u201cAssinarei ordens executivas para acabar com a mutila\u00e7\u00e3o sexual infantil e tirar os transg\u00eaneros do Ex\u00e9rcito e das nossas escolas\u201d, disse Trump.\n<\/p>\n<h2 class=\"wp-block-heading\">Fim do\u00a0<em>home office<\/em><\/h2>\n<p>Trump tamb\u00e9m decretou o fim do\u00a0<em>home office<\/em>\u00a0para aproximadamente 1 milh\u00e3o de funcion\u00e1rios p\u00fablicos federais. A medida exige que todos os chefes de departamentos e ag\u00eancias do Poder Executivo tomem todas as provid\u00eancias necess\u00e1rias para trabalharem cinco dias por semana presencialmente.\n<\/p>\n<p>De acordo com o jornal norte-americano\u00a0<em>New York Post<\/em>, aliados de Trump veem o retorno ao trabalho presencial como um esfor\u00e7o para substituir funcion\u00e1rios de carreira por pessoas leais \u00e0 sua administra\u00e7\u00e3o.\n<\/p>\n<p>Trump ainda determinou que os cart\u00e9is de drogas s\u00e3o organiza\u00e7\u00f5es terroristas. Al\u00e9m disso, instituiu tarifas de 25% sobre produtos do M\u00e9xico e do Canad\u00e1.\n<\/p>\n<p>O presidente encerrou programas de diversidade em ag\u00eancias federais e ordenou a reabertura do Ref\u00fagio Nacional de Vida Selvagem do \u00c1rtico do Alasca para explora\u00e7\u00e3o de petr\u00f3leo.<\/p>\n<p>Fonte: Revista Oeste<\/p>\n<figure class=\"wp-block-image aligncenter size-full\"><picture><source srcset=\"https:\/\/medias.revistaoeste.com\/wp-content\/uploads\/2025\/01\/Trump-4.jpg.webp 1024w, https:\/\/medias.revistaoeste.com\/wp-content\/uploads\/2025\/01\/Trump-4-300x199.jpg.webp 300w, https:\/\/medias.revistaoeste.com\/wp-content\/uploads\/2025\/01\/Trump-4-150x99.jpg.webp 150w\" type=\"image\/webp\" sizes=\"(max-width: 1024px) 100vw, 1024px\" data-srcset=\"https:\/\/medias.revistaoeste.com\/wp-content\/uploads\/2025\/01\/Trump-4.jpg.webp 1024w, https:\/\/medias.revistaoeste.com\/wp-content\/uploads\/2025\/01\/Trump-4-300x199.jpg.webp 300w, https:\/\/medias.revistaoeste.com\/wp-content\/uploads\/2025\/01\/Trump-4-150x99.jpg.webp 150w\" data-sizes=\"(max-width: 1024px) 100vw, 1024px\"\/><\/picture><\/figure>\n<\/p>\n<\/div>\n<p><br \/>\n<br \/><a href=\"https:\/\/diariodobrasilnoticias.com.br\/noticia\/trump-anuncia-mil-cortes-em-seu-1-dia-de-governo-estao-demitidos-6790c1af5be55\">Source link <\/a><\/p>","protected":false},"excerpt":{"rendered":"<p>Foto: Reprodu\u00e7\u00e3o\/Twitter\/X\/@JDVanceNewsX O presidente dos Estados Unidos, Donald Trump, anunciou a demiss\u00e3o de mil funcion\u00e1rios do governo norte-americano que foram nomeados por\u00a0Joe Biden. Ele fez o comunicado por meio das&hellip;<\/p>","protected":false},"author":1,"featured_media":94479,"comment_status":"closed","ping_status":"open","sticky":false,"template":"","format":"standard","meta":{"content-type":"","footnotes":""},"categories":[16],"tags":[123,2448,5313,1267],"class_list":["post-94478","post","type-post","status-publish","format-standard","has-post-thumbnail","hentry","category-noticias","tag-brasil","tag-diario","tag-noticia","tag-noticias"],"_links":{"self":[{"href":"https:\/\/tvbrazilusa.com\/pt\/wp-json\/wp\/v2\/posts\/94478","targetHints":{"allow":["GET"]}}],"collection":[{"href":"https:\/\/tvbrazilusa.com\/pt\/wp-json\/wp\/v2\/posts"}],"about":[{"href":"https:\/\/tvbrazilusa.com\/pt\/wp-json\/wp\/v2\/types\/post"}],"author":[{"embeddable":true,"href":"https:\/\/tvbrazilusa.com\/pt\/wp-json\/wp\/v2\/users\/1"}],"replies":[{"embeddable":true,"href":"https:\/\/tvbrazilusa.com\/pt\/wp-json\/wp\/v2\/comments?post=94478"}],"version-history":[{"count":1,"href":"https:\/\/tvbrazilusa.com\/pt\/wp-json\/wp\/v2\/posts\/94478\/revisions"}],"predecessor-version":[{"id":94480,"href":"https:\/\/tvbrazilusa.com\/pt\/wp-json\/wp\/v2\/posts\/94478\/revisions\/94480"}],"wp:featuredmedia":[{"embeddable":true,"href":"https:\/\/tvbrazilusa.com\/pt\/wp-json\/wp\/v2\/media\/94479"}],"wp:attachment":[{"href":"https:\/\/tvbrazilusa.com\/pt\/wp-json\/wp\/v2\/media?parent=94478"}],"wp:term":[{"taxonomy":"category","embeddable":true,"href":"https:\/\/tvbrazilusa.com\/pt\/wp-json\/wp\/v2\/categories?post=94478"},{"taxonomy":"post_tag","embeddable":true,"href":"https:\/\/tvbrazilusa.com\/pt\/wp-json\/wp\/v2\/tags?post=94478"}],"curies":[{"name":"wp","href":"https:\/\/api.w.org\/{rel}","templated":true}]}}