{"id":94501,"date":"2025-01-22T11:47:26","date_gmt":"2025-01-22T11:47:26","guid":{"rendered":"https:\/\/tvbrazilusa.com\/2025\/01\/22\/stf-braga-netto-solicita-acesso-integral-as-provas-e-a-restituicao-de-bens\/"},"modified":"2025-01-22T11:47:28","modified_gmt":"2025-01-22T11:47:28","slug":"stf-braga-netto-solicita-acesso-integral-as-provas-e-a-restituicao-de-bens","status":"publish","type":"post","link":"https:\/\/tvbrazilusa.com\/pt\/2025\/01\/22\/stf-braga-netto-solicita-acesso-integral-as-provas-e-a-restituicao-de-bens\/","title":{"rendered":"STF: Braga Netto solicita acesso integral \u00e0s provas e a restitui\u00e7\u00e3o de bens"},"content":{"rendered":"<p> <script async src=\"https:\/\/pagead2.googlesyndication.com\/pagead\/js\/adsbygoogle.js?client=ca-pub-8864793242727901\"\r\n     crossorigin=\"anonymous\"><\/script><br \/>\n<\/p>\n<div id=\"taboola-read-more\" style=\"display:block; width:100%\">\n<p>O ministro do Supremo Tribunal Federal (STF) Alexandre de Moraes determinou nesta ter\u00e7a-feira, 21, que a Pol\u00edcia Federal e a Procuradoria-Geral da Rep\u00fablica (PGR) se manifestem sobre dois pedidos feitos pela defesa do general Walter Braga Netto, preso desde o dia 14 de dezembro, suspeito de participar de uma trama para um golpe de estado. Os advogados do militar querem amplo acesso \u00e0s provas usadas nas investiga\u00e7\u00f5es que o colocaram atr\u00e1s das grades e que os bens do ex-ministro da Defesa sejam devolvidos a ele.\n<\/p>\n<p>Braga Netto foi preso preventivamente no final de 2024 no \u00e2mbito do inqu\u00e9rito da tentativa de golpe de estado, por conta de uma suposta interfer\u00eancia no curso das investiga\u00e7\u00f5es. Segundo a decis\u00e3o de Moares, o general teria se articulado para tentar obter acesso a dados sigilosos em posse da Pol\u00edcia Federal, o que inclui a dela\u00e7\u00e3o do tenente-coronel e ex-ajudante de ordens Mauro Cid.<\/p>\n<p>O advogado Jos\u00e9 Luis Oliveira Lima, que defende o general, argumentou que, de acordo com a s\u00famula 14 do STF, os investigados t\u00eam direito a ter acesso \u00e0 \u00edntegra das provas de um inqu\u00e9rito quando a dilig\u00eancia j\u00e1 estiver conclu\u00edda e isso for importante para a defesa. Em entrevista a VEJA, ele criticou o sigilo que ainda prevalece sobre o acordo de colabora\u00e7\u00e3o premiada de Cid, que \u00e9 a espinha dorsal de boa parte das provas contra o n\u00facleo do ex-presidente.\n<\/p>\n<p>At\u00e9 o momento, o acordo e outros elementos de prova ainda est\u00e3o em segredo de Justi\u00e7a por conta de investiga\u00e7\u00f5es em andamento \u2014 como o inqu\u00e9rito das mil\u00edcias digitais. Os casos das joias sauditas (em que Bolsonaro e aliados s\u00e3o suspeitos de venderem presentes recebidos em agendas oficiais), das fraudes nos cart\u00f5es de vacina\u00e7\u00e3o e da tentativa de golpe de estado est\u00e3o em an\u00e1lise pela Procuradoria-Geral da Rep\u00fablica (PGR), que pode, entre outros caminhos, apresentar den\u00fancia nos pr\u00f3ximos meses.\n<\/p>\n<p>Braga Netto, ao lado de Jair Bolsonaro, \u00e9 um dos 37 indiciados no caso do golpe de estado. Relat\u00f3rio da Pol\u00edcia Federal afirma que eles teriam cometido os crimes de aboli\u00e7\u00e3o violenta do Estado democr\u00e1tico de Direito, golpe de Estado e organiza\u00e7\u00e3o criminosa, cujas penas m\u00e1ximas, somadas, chegam a 28 anos. Outros indiciados no caso s\u00e3o Valdemar Costa Neto, presidente do PL, o ex-assessor da Presid\u00eancia Filipe Martins, os ex-ministros Anderson Torres e Augusto Heleno e o ex-chefe da Abin Alexandre Ramagem.<\/p>\n<p>Fonte: Veja              <\/p>\n<\/div>\n<p><br \/>\n<br \/><a href=\"https:\/\/diariodobrasilnoticias.com.br\/noticia\/stf-braga-netto-solicita-acesso-integral-as-provas-e-a-restituicao-de-bens-6790c81b602c1\">Source link <\/a><\/p>","protected":false},"excerpt":{"rendered":"<p>O ministro do Supremo Tribunal Federal (STF) Alexandre de Moraes determinou nesta ter\u00e7a-feira, 21, que a Pol\u00edcia Federal e a Procuradoria-Geral da Rep\u00fablica (PGR) se manifestem sobre dois pedidos feitos&hellip;<\/p>","protected":false},"author":1,"featured_media":94502,"comment_status":"closed","ping_status":"open","sticky":false,"template":"","format":"standard","meta":{"content-type":"","footnotes":""},"categories":[16],"tags":[123,2448,5313,1267],"class_list":["post-94501","post","type-post","status-publish","format-standard","has-post-thumbnail","hentry","category-noticias","tag-brasil","tag-diario","tag-noticia","tag-noticias"],"_links":{"self":[{"href":"https:\/\/tvbrazilusa.com\/pt\/wp-json\/wp\/v2\/posts\/94501","targetHints":{"allow":["GET"]}}],"collection":[{"href":"https:\/\/tvbrazilusa.com\/pt\/wp-json\/wp\/v2\/posts"}],"about":[{"href":"https:\/\/tvbrazilusa.com\/pt\/wp-json\/wp\/v2\/types\/post"}],"author":[{"embeddable":true,"href":"https:\/\/tvbrazilusa.com\/pt\/wp-json\/wp\/v2\/users\/1"}],"replies":[{"embeddable":true,"href":"https:\/\/tvbrazilusa.com\/pt\/wp-json\/wp\/v2\/comments?post=94501"}],"version-history":[{"count":1,"href":"https:\/\/tvbrazilusa.com\/pt\/wp-json\/wp\/v2\/posts\/94501\/revisions"}],"predecessor-version":[{"id":94503,"href":"https:\/\/tvbrazilusa.com\/pt\/wp-json\/wp\/v2\/posts\/94501\/revisions\/94503"}],"wp:featuredmedia":[{"embeddable":true,"href":"https:\/\/tvbrazilusa.com\/pt\/wp-json\/wp\/v2\/media\/94502"}],"wp:attachment":[{"href":"https:\/\/tvbrazilusa.com\/pt\/wp-json\/wp\/v2\/media?parent=94501"}],"wp:term":[{"taxonomy":"category","embeddable":true,"href":"https:\/\/tvbrazilusa.com\/pt\/wp-json\/wp\/v2\/categories?post=94501"},{"taxonomy":"post_tag","embeddable":true,"href":"https:\/\/tvbrazilusa.com\/pt\/wp-json\/wp\/v2\/tags?post=94501"}],"curies":[{"name":"wp","href":"https:\/\/api.w.org\/{rel}","templated":true}]}}