{"id":94504,"date":"2025-01-22T11:58:43","date_gmt":"2025-01-22T11:58:43","guid":{"rendered":"https:\/\/tvbrazilusa.com\/2025\/01\/22\/nikolas-ferreira-vai-protocolar-cpi-das-pesquisas-do-ibge\/"},"modified":"2025-01-22T11:58:45","modified_gmt":"2025-01-22T11:58:45","slug":"nikolas-ferreira-vai-protocolar-cpi-das-pesquisas-do-ibge","status":"publish","type":"post","link":"https:\/\/tvbrazilusa.com\/pt\/2025\/01\/22\/nikolas-ferreira-vai-protocolar-cpi-das-pesquisas-do-ibge\/","title":{"rendered":"Nikolas Ferreira vai protocolar &#8216;CPI das Pesquisas&#8217; do IBGE"},"content":{"rendered":"<p> <script async src=\"https:\/\/pagead2.googlesyndication.com\/pagead\/js\/adsbygoogle.js?client=ca-pub-8864793242727901\"\r\n     crossorigin=\"anonymous\"><\/script><br \/>\n<\/p>\n<div id=\"taboola-read-more\" style=\"display:block; width:100%\">\n<p>O deputado federal Nikolas Ferreira (PL) vai colher assinaturas para tentar abrir uma CPI para investigar eventuais distor\u00e7\u00f5es em pesquisas divulgadas pelo IBGE. Atualmente, o Instituto Brasileiro de Geografia e Estat\u00edstica \u00e9 comandado por Marcio Pochmann, doutor em Ci\u00eancias Econ\u00f4micas e filiado ao PT.\n<\/p>\n<p>\u201cChega de maquiar a realidade. Lula colocou um petista fiel, Marcio Pochmann, no comando do IBGE para fabricar uma \u2018realidade paralela\u2019. Dados recentes do IBGE mostram desemprego de 6,1%, retirando da conta 4,4 milh\u00f5es de desempregados, al\u00e9m de publicar que o Brasil atinge o menor \u00edndice de pobreza da hist\u00f3ria, mas com crit\u00e9rios alterados\u201d, diz Nikolas Ferreira.<\/p>\n<p>\u201cVou protocolar uma CPI para investigar essas distor\u00e7\u00f5es e garantir que o IBGE publique dados em conformidade com a realidade e que n\u00e3o seja transformado em um puxadinho do PT\u201d, afirma.\n<\/p>\n<p>A taxa de desemprego divulgada pelo IBGE este ano, a menor da s\u00e9rie hist\u00f3rica iniciada em 2012, \u00e9 calculada na Pnad (Pesquisa Nacional por Amostra de Domic\u00edlios). O levantamento considera em situa\u00e7\u00e3o de desemprego aqueles que tentaram e n\u00e3o conseguiram encontrar trabalho no per\u00edodo analisado. Os que n\u00e3o est\u00e3o empregados, mas n\u00e3o buscaram vaga, s\u00e3o considerados fora da for\u00e7a de trabalho e n\u00e3o constam no c\u00e1lculo.\n<\/p>\n<p>H\u00e1 tamb\u00e9m a situa\u00e7\u00e3o das pessoas que gostariam de trabalhar, mas n\u00e3o procuraram trabalho por acreditarem que n\u00e3o encontrariam vagas e desistem de ingressar no mercado. Essas pessoas tamb\u00e9m n\u00e3o entram no percentual de desempregados. Esta metodologia \u00e9 adotada pelo IBGE desde o in\u00edcio da Pnad, em 2012, no primeiro mandato de Dilma Rousseff.\n<\/p>\n<p>Com informa\u00e7\u00f5es de Metr\u00f3poles              <\/p>\n<\/div>\n<p><br \/>\n<br \/><a href=\"https:\/\/diariodobrasilnoticias.com.br\/noticia\/nikolas-ferreira-vai-protocolar-cpi-das-pesquisas-do-ibge-6790d44577fe1\">Source link <\/a><\/p>","protected":false},"excerpt":{"rendered":"<p>O deputado federal Nikolas Ferreira (PL) vai colher assinaturas para tentar abrir uma CPI para investigar eventuais distor\u00e7\u00f5es em pesquisas divulgadas pelo IBGE. Atualmente, o Instituto Brasileiro de Geografia e&hellip;<\/p>","protected":false},"author":1,"featured_media":94505,"comment_status":"closed","ping_status":"open","sticky":false,"template":"","format":"standard","meta":{"content-type":"","footnotes":""},"categories":[16],"tags":[123,2448,5313,1267],"class_list":["post-94504","post","type-post","status-publish","format-standard","has-post-thumbnail","hentry","category-noticias","tag-brasil","tag-diario","tag-noticia","tag-noticias"],"_links":{"self":[{"href":"https:\/\/tvbrazilusa.com\/pt\/wp-json\/wp\/v2\/posts\/94504","targetHints":{"allow":["GET"]}}],"collection":[{"href":"https:\/\/tvbrazilusa.com\/pt\/wp-json\/wp\/v2\/posts"}],"about":[{"href":"https:\/\/tvbrazilusa.com\/pt\/wp-json\/wp\/v2\/types\/post"}],"author":[{"embeddable":true,"href":"https:\/\/tvbrazilusa.com\/pt\/wp-json\/wp\/v2\/users\/1"}],"replies":[{"embeddable":true,"href":"https:\/\/tvbrazilusa.com\/pt\/wp-json\/wp\/v2\/comments?post=94504"}],"version-history":[{"count":1,"href":"https:\/\/tvbrazilusa.com\/pt\/wp-json\/wp\/v2\/posts\/94504\/revisions"}],"predecessor-version":[{"id":94506,"href":"https:\/\/tvbrazilusa.com\/pt\/wp-json\/wp\/v2\/posts\/94504\/revisions\/94506"}],"wp:featuredmedia":[{"embeddable":true,"href":"https:\/\/tvbrazilusa.com\/pt\/wp-json\/wp\/v2\/media\/94505"}],"wp:attachment":[{"href":"https:\/\/tvbrazilusa.com\/pt\/wp-json\/wp\/v2\/media?parent=94504"}],"wp:term":[{"taxonomy":"category","embeddable":true,"href":"https:\/\/tvbrazilusa.com\/pt\/wp-json\/wp\/v2\/categories?post=94504"},{"taxonomy":"post_tag","embeddable":true,"href":"https:\/\/tvbrazilusa.com\/pt\/wp-json\/wp\/v2\/tags?post=94504"}],"curies":[{"name":"wp","href":"https:\/\/api.w.org\/{rel}","templated":true}]}}