{"id":94507,"date":"2025-01-22T12:10:05","date_gmt":"2025-01-22T12:10:05","guid":{"rendered":"https:\/\/tvbrazilusa.com\/2025\/01\/22\/nunes-critica-acao-do-stf-sobre-o-muro-na-cracolandia-estranho-um-ministro-enviar-notificacao-sobre-isso\/"},"modified":"2025-01-22T12:10:09","modified_gmt":"2025-01-22T12:10:09","slug":"nunes-critica-acao-do-stf-sobre-o-muro-na-cracolandia-estranho-um-ministro-enviar-notificacao-sobre-isso","status":"publish","type":"post","link":"https:\/\/tvbrazilusa.com\/pt\/2025\/01\/22\/nunes-critica-acao-do-stf-sobre-o-muro-na-cracolandia-estranho-um-ministro-enviar-notificacao-sobre-isso\/","title":{"rendered":"Nunes critica a\u00e7\u00e3o do STF sobre o muro na Cracol\u00e2ndia: &#8216;Estranho um ministro enviar notifica\u00e7\u00e3o sobre isso&#8217;"},"content":{"rendered":"<p> <script async src=\"https:\/\/pagead2.googlesyndication.com\/pagead\/js\/adsbygoogle.js?client=ca-pub-8864793242727901\"\r\n     crossorigin=\"anonymous\"><\/script><br \/>\n<\/p>\n<div id=\"taboola-read-more\" style=\"display:block; width:100%\">\n<p>O prefeito de S\u00e3o Paulo, Ricardo Nunes (MDB), classificou como \u201clament\u00e1vel\u201d a judicializa\u00e7\u00e3o do caso do muro na cracol\u00e2ndia, no centro da capital paulista. Ele avalia que \u00e9 desnecess\u00e1rio \u201cfazer com que um ministro do Supremo Tribunal Federal (STF), com tanta ocupa\u00e7\u00e3o, seja provocado por uma situa\u00e7\u00e3o s\u00f3 de discurso pol\u00edtico\u201d.\n<\/p>\n<p>O Psol fez a provoca\u00e7\u00e3o judicial. O partido socialista enviou um of\u00edcio ao ministro Alexandre de Moraes, do STF, pedindo a destrui\u00e7\u00e3o da estrutura de concreto que cerca a \u00e1rea dominada por usu\u00e1rios de drogas.<\/p>\n<p>O magistrado, por sua vez, estabeleceu um prazo de 24 horas para que Nunes explicasse a constru\u00e7\u00e3o.\n<\/p>\n<p>\u201cAchei estranho um ministro do STF mandar uma notifica\u00e7\u00e3o para um prefeito para perguntar de um muro\u201d, declarou Nunes, durante evento de reinaugura\u00e7\u00e3o do Mercado Municipal, nesta segunda-feira, 20. \u201cFiquei sabendo pela procuradora que tem instru\u00eddo l\u00e1 no STF um processo sobre o tema.\u201d\n<\/p>\n<p>Ele afirmou que ainda n\u00e3o recebeu a notifica\u00e7\u00e3o de Moraes.\n<\/p>\n<p><strong>O muro na cracol\u00e2ndia<\/strong><br \/>O muro de 40 metros de extens\u00e3o e 2,5 metros de altura fica na Santa Ifig\u00eania, pr\u00f3ximo \u00e0 Esta\u00e7\u00e3o da Luz. A estrutura, que substitui antigos tapumes de metal, gerou ampla repercuss\u00e3o e foi alvo de cr\u00edticas de setores que apontam exclus\u00e3o social na medida.\n<\/p>\n<p>Os parlamentares do Psol afirmam que a barreira fere princ\u00edpios de igualdade, liberdade e acesso a direitos essenciais.\n<\/p>\n<p>J\u00e1 Nunes diz que o muro n\u00e3o tem como objetivo confinar pessoas, mas substituir um antigo tapume na \u00e1rea.\n<\/p>\n<p>Na semana passada, a Defensoria P\u00fablica de S\u00e3o Paulo j\u00e1 havia recomendado \u00e0 prefeitura que removesse o muro e os gradis.<\/p>\n<p>\u00a0<\/p>\n<p>Fonte: Revista Oeste<\/p>\n<\/p><\/div>\n<p><br \/>\n<br \/><a href=\"https:\/\/diariodobrasilnoticias.com.br\/noticia\/nunes-critica-acao-do-stf-sobre-o-muro-na-cracolandia-estranho-um-ministro-enviar-notificacao-sobre-isso-6790c8e86f1d8\">Source link <\/a><\/p>","protected":false},"excerpt":{"rendered":"<p>O prefeito de S\u00e3o Paulo, Ricardo Nunes (MDB), classificou como \u201clament\u00e1vel\u201d a judicializa\u00e7\u00e3o do caso do muro na cracol\u00e2ndia, no centro da capital paulista. Ele avalia que \u00e9 desnecess\u00e1rio \u201cfazer&hellip;<\/p>","protected":false},"author":1,"featured_media":94508,"comment_status":"closed","ping_status":"open","sticky":false,"template":"","format":"standard","meta":{"content-type":"","footnotes":""},"categories":[16],"tags":[123,2448,5313,1267],"class_list":["post-94507","post","type-post","status-publish","format-standard","has-post-thumbnail","hentry","category-noticias","tag-brasil","tag-diario","tag-noticia","tag-noticias"],"_links":{"self":[{"href":"https:\/\/tvbrazilusa.com\/pt\/wp-json\/wp\/v2\/posts\/94507","targetHints":{"allow":["GET"]}}],"collection":[{"href":"https:\/\/tvbrazilusa.com\/pt\/wp-json\/wp\/v2\/posts"}],"about":[{"href":"https:\/\/tvbrazilusa.com\/pt\/wp-json\/wp\/v2\/types\/post"}],"author":[{"embeddable":true,"href":"https:\/\/tvbrazilusa.com\/pt\/wp-json\/wp\/v2\/users\/1"}],"replies":[{"embeddable":true,"href":"https:\/\/tvbrazilusa.com\/pt\/wp-json\/wp\/v2\/comments?post=94507"}],"version-history":[{"count":1,"href":"https:\/\/tvbrazilusa.com\/pt\/wp-json\/wp\/v2\/posts\/94507\/revisions"}],"predecessor-version":[{"id":94509,"href":"https:\/\/tvbrazilusa.com\/pt\/wp-json\/wp\/v2\/posts\/94507\/revisions\/94509"}],"wp:featuredmedia":[{"embeddable":true,"href":"https:\/\/tvbrazilusa.com\/pt\/wp-json\/wp\/v2\/media\/94508"}],"wp:attachment":[{"href":"https:\/\/tvbrazilusa.com\/pt\/wp-json\/wp\/v2\/media?parent=94507"}],"wp:term":[{"taxonomy":"category","embeddable":true,"href":"https:\/\/tvbrazilusa.com\/pt\/wp-json\/wp\/v2\/categories?post=94507"},{"taxonomy":"post_tag","embeddable":true,"href":"https:\/\/tvbrazilusa.com\/pt\/wp-json\/wp\/v2\/tags?post=94507"}],"curies":[{"name":"wp","href":"https:\/\/api.w.org\/{rel}","templated":true}]}}