{"id":94602,"date":"2025-01-22T16:42:52","date_gmt":"2025-01-22T16:42:52","guid":{"rendered":"https:\/\/tvbrazilusa.com\/2025\/01\/22\/trump-comeca-a-tirar-do-papel-ofensiva-contra-imigrantes-ilegais-veja-ponto-a-ponto\/"},"modified":"2025-01-22T16:42:56","modified_gmt":"2025-01-22T16:42:56","slug":"trump-comeca-a-tirar-do-papel-ofensiva-contra-imigrantes-ilegais-veja-ponto-a-ponto","status":"publish","type":"post","link":"https:\/\/tvbrazilusa.com\/pt\/2025\/01\/22\/trump-comeca-a-tirar-do-papel-ofensiva-contra-imigrantes-ilegais-veja-ponto-a-ponto\/","title":{"rendered":"Trump come\u00e7a a tirar do papel ofensiva contra imigrantes ilegais; veja ponto a ponto"},"content":{"rendered":"<p> <script async src=\"https:\/\/pagead2.googlesyndication.com\/pagead\/js\/adsbygoogle.js?client=ca-pub-8864793242727901\"\r\n     crossorigin=\"anonymous\"><\/script><br \/>\n<\/p>\n<div>\n<figure class=\"post-image\">\n<\/figure>\n<p>            <span style=\"font-size: 12px\"> Foto: Eric Lee\/The New York Times<\/span><\/p>\n<p>            <!-- end metas --><br \/>\n            <!-- ADS --><\/p>\n<div id=\"taboola-read-more\" style=\"display:block; width:100%\">\n<p>Em dois dias de governo, Donald Trump adotou uma s\u00e9rie de medidas para combater a imigra\u00e7\u00e3o ilegal nos Estados Unidos. Entre segunda-feira (20) e ter\u00e7a-feira (21), v\u00e1rias ordens executivas e diretrizes governamentais foram aplicadas com o objetivo de refor\u00e7ar a fiscaliza\u00e7\u00e3o e impedir a entrada irregular de estrangeiros no pa\u00eds.\n<\/p>\n<p>Trump est\u00e1 tirando do papel promessas que fez durante a campanha presidencial. O republicano garante que vai fazer a maior deporta\u00e7\u00e3o em massa da hist\u00f3ria do pa\u00eds, com milh\u00f5es de imigrantes ilegais sendo expulsos. Veja algumas medidas adotadas a seguir.<\/p>\n<p>O presidente anunciou que tropas do Ex\u00e9rcito e da Guarda Nacional ser\u00e3o enviadas \u00e0 regi\u00e3o para refor\u00e7ar a seguran\u00e7a.<br \/>Al\u00e9m disso, agentes federais de imigra\u00e7\u00e3o receberam poderes ampliados para deter suspeitos.<br \/>A medida tamb\u00e9m facilita a libera\u00e7\u00e3o de recursos para retomar a constru\u00e7\u00e3o do muro na fronteira.<br \/>Por fim, o governo tamb\u00e9m encerrou programas que permitiam a entrada de estrangeiros por motivos humanit\u00e1rios.\n<\/p>\n<div id=\"chunk-b930a\">\n<div class=\"mc-column content-text active-extra-styles\" data-block-type=\"unstyled\" data-block-weight=\"27\" data-block-id=\"10\">\n<p class=\"content-text__container\" data-track-category=\"Link no Texto\" data-track-links=\"\" data-mrf-recirculation=\"Mat\u00e9ria - Links no Texto\"><strong>\ud83d\udc76 Fim da cidadania autom\u00e1tica:\u00a0<\/strong>Trump emitiu uma ordem executiva eliminando o direito \u00e0 cidadania para filhos de imigrantes ilegais ou com vistos tempor\u00e1rios nascidos nos EUA.\n<\/p>\n<\/div>\n<\/div>\n<p>\u00a0<\/p>\n<div id=\"chunk-bia4i\">\n<div class=\"mc-column content-text active-extra-styles\" data-block-type=\"raw\" data-block-weight=\"123\" data-block-id=\"12\">\n<p class=\"content-text__container\" data-mrf-recirculation=\"Mat\u00e9ria - Links no Texto\">\u00a0\n<\/p>\n<ul class=\"content-unordered-list\">\n<li>Antes, quando imigrantes em situa\u00e7\u00e3o ilegal tinham um filho em solo americano, a crian\u00e7a ganhava cidadania americana automaticamente.<\/li>\n<li>A mesma coisa acontecia quando a m\u00e3e viajava aos Estados Unidos com um visto tempor\u00e1rio, como o visto de turista. Se a crian\u00e7a nascesse durante o per\u00edodo da viagem, ganhava cidadania tamb\u00e9m.<\/li>\n<li><a class=\"\" href=\"https:\/\/g1.globo.com\/pop-arte\/noticia\/2025\/01\/21\/karina-bacchi-simone-mendes-claudia-leitte-os-famosos-que-tiveram-filho-nos-eua.ghtml\">Celebridades brasileiras j\u00e1 usaram essa estrat\u00e9gia<\/a>\u00a0para obter a cidadania americana para seus filhos.<\/li>\n<li>Juristas afirmam que a medida contradiz a 14\u00aa Emenda da Constitui\u00e7\u00e3o, que garante cidadania a qualquer pessoa nascida no pa\u00eds.<\/li>\n<li>Estados governados por democratas\u00a0<a class=\"\" href=\"https:\/\/g1.globo.com\/mundo\/noticia\/2025\/01\/21\/estados-entram-na-justica-para-derrubar-ordem-de-trump-contra-nacionalidade-para-filhos-de-imigrantes-ilegais.ghtml\">entraram com a\u00e7\u00f5es judiciais<\/a>\u00a0contra a medida.<\/li>\n<li>&#8220;Presidentes s\u00e3o poderosos, mas ele n\u00e3o \u00e9 um rei. Ele n\u00e3o pode reescrever a Constitui\u00e7\u00e3o com um simples golpe de caneta&#8221;, afirmou Matthew Platkin, procurador-geral de Nova Jersey.<\/li>\n<\/ul>\n<\/div>\n<\/div>\n<div id=\"chunk-2og3q\">\n<div class=\"mc-column content-text active-extra-styles\" data-block-type=\"unstyled\" data-block-weight=\"27\" data-block-id=\"13\">\n<p class=\"content-text__container\" data-track-category=\"Link no Texto\" data-track-links=\"\" data-mrf-recirculation=\"Mat\u00e9ria - Links no Texto\"><strong>\u2708\ufe0f Deporta\u00e7\u00e3o expressa:<\/strong>\u00a0o governo Trump ampliou o alcance da chamada deporta\u00e7\u00e3o acelerada, que permite expuls\u00f5es r\u00e1pidas de imigrantes ilegais sem a necessidade de uma audi\u00eancia judicial.\n<\/p>\n<\/div>\n<\/div>\n<div id=\"chunk-3hor0\">\n<div class=\"mc-column content-text active-extra-styles\" data-block-type=\"raw\" data-block-weight=\"128\" data-block-id=\"14\">\n<p class=\"content-text__container\" data-mrf-recirculation=\"Mat\u00e9ria - Links no Texto\">\u00a0\n<\/p>\n<ul class=\"content-unordered-list\">\n<li>Qualquer imigrante que n\u00e3o comprove que reside h\u00e1 dois anos nos EUA pode ser alvo.<\/li>\n<li>Sob Biden, a deporta\u00e7\u00e3o expressa possu\u00eda algumas limita\u00e7\u00f5es. Por exemplo, a medida s\u00f3 era adotada em todo o pa\u00eds para quem entrasse nos Estados Unidos por\u00a0<strong>via mar\u00edtima\u00a0<\/strong>e estivesse a menos de dois anos no pa\u00eds.<\/li>\n<li>Ainda durante o governo Biden, quem entrava por\u00a0<strong>via terrestre\u00a0<\/strong>s\u00f3 poderia ser alvo da deporta\u00e7\u00e3o expressa se fosse detido a at\u00e9 160 km da fronteira e estivesse no pa\u00eds h\u00e1 menos de 14 dias.<\/li>\n<li>Agora, todas essas restri\u00e7\u00f5es foram eliminadas. Segundo o governo, a medida est\u00e1 dentro dos limites legais estabelecidos pelo Congresso.<\/li>\n<li>A deporta\u00e7\u00e3o expressa j\u00e1 foi alvo de pol\u00eamica durante o primeiro mandato de Trump. O caso chegou a parar na Suprema Corte.<\/li>\n<\/ul>\n<\/div>\n<\/div>\n<p>\u00a0<\/p>\n<div id=\"chunk-9efqi\">\n<div class=\"mc-column content-text active-extra-styles\" data-block-type=\"raw\" data-block-weight=\"91\" data-block-id=\"17\">\n<p class=\"content-text__container\" data-mrf-recirculation=\"Mat\u00e9ria - Links no Texto\">\u00a0\n<\/p>\n<ul class=\"content-unordered-list\">\n<li>Antes, pris\u00f5es de imigrantes n\u00e3o podiam ocorrer nesses locais, para garantir acesso seguro a servi\u00e7os b\u00e1sicos.<\/li>\n<li>O governo Biden tamb\u00e9m argumentava que opera\u00e7\u00f5es do tipo poderia criar medo nas comunidades americanas.<\/li>\n<li>Com a mudan\u00e7a, agentes podem realizar pris\u00f5es de imigrantes em hospitais, igrejas e escolas.<\/li>\n<li>Benjamine Huffman, secret\u00e1rio interino de Seguran\u00e7a Interna, afirmou que &#8220;assassinos e estupradores&#8221; n\u00e3o poder\u00e3o mais usar esses locais como esconderijos.<\/li>\n<li>&#8220;A Administra\u00e7\u00e3o Trump n\u00e3o amarrar\u00e1 as m\u00e3os de nossos bravos agentes da lei e, em vez disso, confia que eles usar\u00e3o o bom senso&#8221;, afirmou Huffman.<\/li>\n<\/ul>\n<\/div>\n<\/div>\n<div id=\"chunk-4ctg3\">\n<div class=\"mc-column content-text active-extra-styles\" data-block-type=\"unstyled\" data-block-weight=\"26\" data-block-id=\"18\">\n<p class=\"content-text__container\" data-track-category=\"Link no Texto\" data-track-links=\"\" data-mrf-recirculation=\"Mat\u00e9ria - Links no Texto\"><strong>\ud83d\udfe2 &#8220;Fique no M\u00e9xico&#8221;:\u00a0<\/strong>o governo Trump anunciou que est\u00e1 retomando um programa que foi adotado durante o primeiro mandato, mas que foi revogado por Biden.\n<\/p>\n<\/div>\n<\/div>\n<div id=\"chunk-e84ni\">\n<div class=\"mc-column content-text active-extra-styles\" data-block-type=\"raw\" data-block-weight=\"71\" data-block-id=\"19\">\n<p class=\"content-text__container\" data-mrf-recirculation=\"Mat\u00e9ria - Links no Texto\">\u00a0\n<\/p>\n<ul class=\"content-unordered-list\">\n<li>A iniciativa obriga que estrangeiros que pedem asilo aos Estados Unidos, com exce\u00e7\u00e3o de mexicanos, aguardem a an\u00e1lise da solicita\u00e7\u00e3o no M\u00e9xico.<\/li>\n<li>Na segunda-feira (20), o governo tirou do ar um aplicativo usado para agendar entrevistas de asilo.<\/li>\n<li>Todos os agendamentos para pedidos de asilo que j\u00e1 estavam feitos foram cancelados.<\/li>\n<li>A medida gerou indigna\u00e7\u00e3o e tristeza entre imigrantes que aguardavam para entrar nos Estados Unidos na fronteira com o M\u00e9xico.<\/li>\n<\/ul>\n<\/div>\n<\/div>\n<div id=\"chunk-eh221\">\n<div class=\"mc-column content-text active-extra-styles\" data-block-type=\"unstyled\" data-block-weight=\"16\" data-block-id=\"21\">\n<p class=\"content-text__container\" data-track-category=\"Link no Texto\" data-track-links=\"\" data-mrf-recirculation=\"Mat\u00e9ria - Links no Texto\"><strong>\ud83c\udf10 Restri\u00e7\u00e3o na entrada:\u00a0<\/strong>o DHS emitiu uma diretriz para restringir o uso da chamada &#8220;parole&#8221;.\n<\/p>\n<\/div>\n<\/div>\n<div id=\"chunk-b6sov\">\n<div class=\"mc-column content-text active-extra-styles\" data-block-type=\"raw\" data-block-weight=\"71\" data-block-id=\"22\">\n<p class=\"content-text__container\" data-mrf-recirculation=\"Mat\u00e9ria - Links no Texto\">\u00a0\n<\/p>\n<ul class=\"content-unordered-list\">\n<li>A ferramenta permite a entrada legal de imigrantes em situa\u00e7\u00e3o de emerg\u00eancia e foi amplamente usada na gest\u00e3o Biden.<\/li>\n<li>A parole tamb\u00e9m serve para fins humanit\u00e1rios e beneficiou pessoas de v\u00e1rias nacionalidades, como ucranianos, cubanos e venezuelanos.<\/li>\n<li>Segundo o DHS, o governo Biden permitiu que 1,5 milh\u00e3o de imigrantes entrasse no pa\u00eds por meio do benef\u00edcio de forma indiscriminada.<\/li>\n<li>Agora, tudo ser\u00e1 analisado caso a caso, de acordo com o departamento.<\/li>\n<\/ul>\n<p>Fonte: g1\n<\/p>\n<\/div>\n<\/div><\/div>\n<p>                        <!-- Scripts para conteudo --><\/p>\n<p>            <!-- .\/Scripts para conteudo --><br \/>\n            <!-- .\/Mat\u00e9ria --><\/p>\n<div class=\"row mt-3\">\n<div class=\"col-sm-6\">\n                <!-- Whatsapp channel 3--><br \/>\n                <a href=\"https:\/\/chat.whatsapp.com\/B8Qy6Erx4kb6yTzj3kaDco\" target=\"_blank\"><br \/>\n                  <img decoding=\"async\" src=\"https:\/\/diariodobrasilnoticias.com.br\/assets-site\/images\/bot_whatsapp.png\"\/><\/a>\n              <\/div>\n<div class=\"col-sm-6\">\n                <a href=\"https:\/\/t.me\/+_4gTmi5LKo03OTM5\" target=\"_blank\"><br \/>\n                  <img decoding=\"async\" src=\"https:\/\/diariodobrasilnoticias.com.br\/assets-site\/images\/bot_telegram.png\"\/><\/a>\n              <\/div>\n<\/p><\/div>\n<p>            <!-- end post-navigation --><\/p>\n<p>              <!-- end row --><\/p>\n<p>              <!-- end col-12-->\n                      <\/div>\n<p><br \/>\n<br \/><a href=\"https:\/\/diariodobrasilnoticias.com.br\/noticia\/trump-comeca-a-tirar-do-papel-ofensiva-contra-imigrantes-ilegais-veja-ponto-a-ponto-6790ff303e951\">Source link <\/a><\/p>","protected":false},"excerpt":{"rendered":"<p>Foto: Eric Lee\/The New York Times Em dois dias de governo, Donald Trump adotou uma s\u00e9rie de medidas para combater a imigra\u00e7\u00e3o ilegal nos Estados Unidos. Entre segunda-feira (20) e&hellip;<\/p>","protected":false},"author":1,"featured_media":94603,"comment_status":"closed","ping_status":"open","sticky":false,"template":"","format":"standard","meta":{"content-type":"","footnotes":""},"categories":[16],"tags":[123,2448,5313,1267],"class_list":["post-94602","post","type-post","status-publish","format-standard","has-post-thumbnail","hentry","category-noticias","tag-brasil","tag-diario","tag-noticia","tag-noticias"],"_links":{"self":[{"href":"https:\/\/tvbrazilusa.com\/pt\/wp-json\/wp\/v2\/posts\/94602","targetHints":{"allow":["GET"]}}],"collection":[{"href":"https:\/\/tvbrazilusa.com\/pt\/wp-json\/wp\/v2\/posts"}],"about":[{"href":"https:\/\/tvbrazilusa.com\/pt\/wp-json\/wp\/v2\/types\/post"}],"author":[{"embeddable":true,"href":"https:\/\/tvbrazilusa.com\/pt\/wp-json\/wp\/v2\/users\/1"}],"replies":[{"embeddable":true,"href":"https:\/\/tvbrazilusa.com\/pt\/wp-json\/wp\/v2\/comments?post=94602"}],"version-history":[{"count":1,"href":"https:\/\/tvbrazilusa.com\/pt\/wp-json\/wp\/v2\/posts\/94602\/revisions"}],"predecessor-version":[{"id":94604,"href":"https:\/\/tvbrazilusa.com\/pt\/wp-json\/wp\/v2\/posts\/94602\/revisions\/94604"}],"wp:featuredmedia":[{"embeddable":true,"href":"https:\/\/tvbrazilusa.com\/pt\/wp-json\/wp\/v2\/media\/94603"}],"wp:attachment":[{"href":"https:\/\/tvbrazilusa.com\/pt\/wp-json\/wp\/v2\/media?parent=94602"}],"wp:term":[{"taxonomy":"category","embeddable":true,"href":"https:\/\/tvbrazilusa.com\/pt\/wp-json\/wp\/v2\/categories?post=94602"},{"taxonomy":"post_tag","embeddable":true,"href":"https:\/\/tvbrazilusa.com\/pt\/wp-json\/wp\/v2\/tags?post=94602"}],"curies":[{"name":"wp","href":"https:\/\/api.w.org\/{rel}","templated":true}]}}