{"id":94605,"date":"2025-01-22T16:54:23","date_gmt":"2025-01-22T16:54:23","guid":{"rendered":"https:\/\/tvbrazilusa.com\/2025\/01\/22\/crianca-de-4-anos-e-morta-por-mae-e-padrasto-de-forma-brutal\/"},"modified":"2025-01-22T16:54:24","modified_gmt":"2025-01-22T16:54:24","slug":"crianca-de-4-anos-e-morta-por-mae-e-padrasto-de-forma-brutal","status":"publish","type":"post","link":"https:\/\/tvbrazilusa.com\/pt\/2025\/01\/22\/crianca-de-4-anos-e-morta-por-mae-e-padrasto-de-forma-brutal\/","title":{"rendered":"Crian\u00e7a de 4 anos \u00e9 morta por m\u00e3e e padrasto de forma brutal"},"content":{"rendered":"<p> <script async src=\"https:\/\/pagead2.googlesyndication.com\/pagead\/js\/adsbygoogle.js?client=ca-pub-8864793242727901\"\r\n     crossorigin=\"anonymous\"><\/script><br \/>\n<\/p>\n<div id=\"taboola-read-more\" style=\"display:block; width:100%\">\n<p>Um crime brutal chocou Nova Igua\u00e7u, na Baixada Fluminense, na \u00faltima ter\u00e7a, 21. Agentes da 58\u00aa DP (Posse) prenderam em flagrante Jonatas Silva Monteiro e Thiffany Ribeiro e Silva, acusados de espancar at\u00e9 a morte uma crian\u00e7a de apenas 4 anos, filho da mulher.\n<\/p>\n<p>O caso veio \u00e0 tona quando o menino foi levado j\u00e1 sem vida \u00e0 Unidade de Pronto Atendimento (UPA) de Miguel Couto. Durante o atendimento, a equipe m\u00e9dica confirmou o \u00f3bito e identificou hematomas recentes e antigos no corpo da crian\u00e7a. As les\u00f5es eram incompat\u00edveis com a vers\u00e3o apresentada pelo casal, que alegou que o menino havia sofrido quedas da cama nos dias 11 e 21 de janeiro.<\/p>\n<p>O delegado Tiago Venturini informou que os acusados permaneceram em sil\u00eancio durante o depoimento e demonstraram frieza diante das acusa\u00e7\u00f5es. Um laudo preliminar e depoimentos de familiares apontaram para um hist\u00f3rico de maus-tratos. Segundo testemunhas, as agress\u00f5es eram justificadas como \u201ccorretivos\u201d pelo casal.\n<\/p>\n<p>Parentes j\u00e1 haviam alertado Jonatas sobre a brutalidade das puni\u00e7\u00f5es, mas os relatos indicam que as advert\u00eancias foram ignoradas. A investiga\u00e7\u00e3o revelou que a crian\u00e7a j\u00e1 estava morta antes de ser levada \u00e0 unidade de sa\u00fade, evidenciando tentativa de dissimula\u00e7\u00e3o por parte dos respons\u00e1veis.\n<\/p>\n<p>O casal responder\u00e1 por homic\u00eddio qualificado, com base na crueldade dos atos e na condi\u00e7\u00e3o de vulnerabilidade da v\u00edtima. O crime reacende o debate sobre a responsabilidade do Estado em identificar sinais de abuso e proteger crian\u00e7as em situa\u00e7\u00e3o de risco.\n<\/p>\n<p>A trag\u00e9dia gerou como\u00e7\u00e3o na comunidade local, que pede justi\u00e7a para a v\u00edtima e refor\u00e7a a necessidade de pol\u00edticas mais eficazes no combate \u00e0 viol\u00eancia dom\u00e9stica.<\/p>\n<p>Fonte: O antagonista              <\/p>\n<\/div>\n<p><br \/>\n<br \/><a href=\"https:\/\/diariodobrasilnoticias.com.br\/noticia\/crianca-de-4-anos-e-morta-por-mae-e-padrasto-de-forma-brutal-679103142c70d\">Source link <\/a><\/p>","protected":false},"excerpt":{"rendered":"<p>Um crime brutal chocou Nova Igua\u00e7u, na Baixada Fluminense, na \u00faltima ter\u00e7a, 21. Agentes da 58\u00aa DP (Posse) prenderam em flagrante Jonatas Silva Monteiro e Thiffany Ribeiro e Silva, acusados&hellip;<\/p>","protected":false},"author":1,"featured_media":94606,"comment_status":"closed","ping_status":"open","sticky":false,"template":"","format":"standard","meta":{"content-type":"","footnotes":""},"categories":[16],"tags":[123,2448,5313,1267],"class_list":["post-94605","post","type-post","status-publish","format-standard","has-post-thumbnail","hentry","category-noticias","tag-brasil","tag-diario","tag-noticia","tag-noticias"],"_links":{"self":[{"href":"https:\/\/tvbrazilusa.com\/pt\/wp-json\/wp\/v2\/posts\/94605","targetHints":{"allow":["GET"]}}],"collection":[{"href":"https:\/\/tvbrazilusa.com\/pt\/wp-json\/wp\/v2\/posts"}],"about":[{"href":"https:\/\/tvbrazilusa.com\/pt\/wp-json\/wp\/v2\/types\/post"}],"author":[{"embeddable":true,"href":"https:\/\/tvbrazilusa.com\/pt\/wp-json\/wp\/v2\/users\/1"}],"replies":[{"embeddable":true,"href":"https:\/\/tvbrazilusa.com\/pt\/wp-json\/wp\/v2\/comments?post=94605"}],"version-history":[{"count":1,"href":"https:\/\/tvbrazilusa.com\/pt\/wp-json\/wp\/v2\/posts\/94605\/revisions"}],"predecessor-version":[{"id":94607,"href":"https:\/\/tvbrazilusa.com\/pt\/wp-json\/wp\/v2\/posts\/94605\/revisions\/94607"}],"wp:featuredmedia":[{"embeddable":true,"href":"https:\/\/tvbrazilusa.com\/pt\/wp-json\/wp\/v2\/media\/94606"}],"wp:attachment":[{"href":"https:\/\/tvbrazilusa.com\/pt\/wp-json\/wp\/v2\/media?parent=94605"}],"wp:term":[{"taxonomy":"category","embeddable":true,"href":"https:\/\/tvbrazilusa.com\/pt\/wp-json\/wp\/v2\/categories?post=94605"},{"taxonomy":"post_tag","embeddable":true,"href":"https:\/\/tvbrazilusa.com\/pt\/wp-json\/wp\/v2\/tags?post=94605"}],"curies":[{"name":"wp","href":"https:\/\/api.w.org\/{rel}","templated":true}]}}