{"id":94611,"date":"2025-01-22T17:06:36","date_gmt":"2025-01-22T17:06:36","guid":{"rendered":"https:\/\/tvbrazilusa.com\/2025\/01\/22\/toneladas-de-carne-impropria-das-enchentes-no-rs-foram-revendidas-por-empresa\/"},"modified":"2025-01-22T17:06:40","modified_gmt":"2025-01-22T17:06:40","slug":"toneladas-de-carne-impropria-das-enchentes-no-rs-foram-revendidas-por-empresa","status":"publish","type":"post","link":"https:\/\/tvbrazilusa.com\/pt\/2025\/01\/22\/toneladas-de-carne-impropria-das-enchentes-no-rs-foram-revendidas-por-empresa\/","title":{"rendered":"Toneladas de carne impr\u00f3pria das enchentes no RS foram revendidas por empresa"},"content":{"rendered":"<p> <script async src=\"https:\/\/pagead2.googlesyndication.com\/pagead\/js\/adsbygoogle.js?client=ca-pub-8864793242727901\"\r\n     crossorigin=\"anonymous\"><\/script><br \/>\n<\/p>\n<div id=\"taboola-read-more\" style=\"display:block; width:100%\">\n<p>Uma empresa de Tr\u00eas Rios, no Rio de Janeiro, se tornou alvo da Delegacia do Consumidor (Decon-RJ) ap\u00f3s revender 800 toneladas de carne impr\u00f3pria para consumo, que ficou submersa durante v\u00e1rios dias na tr\u00e1gica enchente de Porto Alegre, Rio Grande do Sul, ocorrida no \u00faltimo ano.\n<\/p>\n<p>Um dos s\u00f3cios chegou a ser preso em flagrante, no \u00e2mbito da Opera\u00e7\u00e3o Carne Fraca. Al\u00e9m disso, v\u00e1rios mandados de busca e apreens\u00e3o foram realizados pelos agentes na sede da empresa e nas casas dos investigados, que devem responder por associa\u00e7\u00e3o criminosa, recepta\u00e7\u00e3o, adultera\u00e7\u00e3o e corrup\u00e7\u00e3o de alimentos.<\/p>\n<p>Segundo informa\u00e7\u00f5es do portal G1, as investiga\u00e7\u00f5es apontaram que os propriet\u00e1rios da empresa compraram as 800 toneladas de carne estragada, alegando que a usariam para fabricar ra\u00e7\u00e3o animal.\n<\/p>\n<p>Contudo, a firma revendeu o produto para empresas voltadas para consumo humano, pondo em risco a sa\u00fade de pessoas em todo o pa\u00eds. Atrav\u00e9s do esquema, eles obtiveram um lucro superior a 1000%.<\/p>\n<p>Fonte: Pleno News              <\/p>\n<\/div>\n<p><br \/>\n<br \/><a href=\"https:\/\/diariodobrasilnoticias.com.br\/noticia\/toneladas-de-carne-impropria-das-enchentes-no-rs-foram-revendidas-por-empresa-67910797534a6\">Source link <\/a><\/p>","protected":false},"excerpt":{"rendered":"<p>Uma empresa de Tr\u00eas Rios, no Rio de Janeiro, se tornou alvo da Delegacia do Consumidor (Decon-RJ) ap\u00f3s revender 800 toneladas de carne impr\u00f3pria para consumo, que ficou submersa durante&hellip;<\/p>","protected":false},"author":1,"featured_media":94612,"comment_status":"closed","ping_status":"open","sticky":false,"template":"","format":"standard","meta":{"content-type":"","footnotes":""},"categories":[16],"tags":[123,2448,5313,1267],"class_list":["post-94611","post","type-post","status-publish","format-standard","has-post-thumbnail","hentry","category-noticias","tag-brasil","tag-diario","tag-noticia","tag-noticias"],"_links":{"self":[{"href":"https:\/\/tvbrazilusa.com\/pt\/wp-json\/wp\/v2\/posts\/94611","targetHints":{"allow":["GET"]}}],"collection":[{"href":"https:\/\/tvbrazilusa.com\/pt\/wp-json\/wp\/v2\/posts"}],"about":[{"href":"https:\/\/tvbrazilusa.com\/pt\/wp-json\/wp\/v2\/types\/post"}],"author":[{"embeddable":true,"href":"https:\/\/tvbrazilusa.com\/pt\/wp-json\/wp\/v2\/users\/1"}],"replies":[{"embeddable":true,"href":"https:\/\/tvbrazilusa.com\/pt\/wp-json\/wp\/v2\/comments?post=94611"}],"version-history":[{"count":1,"href":"https:\/\/tvbrazilusa.com\/pt\/wp-json\/wp\/v2\/posts\/94611\/revisions"}],"predecessor-version":[{"id":94613,"href":"https:\/\/tvbrazilusa.com\/pt\/wp-json\/wp\/v2\/posts\/94611\/revisions\/94613"}],"wp:featuredmedia":[{"embeddable":true,"href":"https:\/\/tvbrazilusa.com\/pt\/wp-json\/wp\/v2\/media\/94612"}],"wp:attachment":[{"href":"https:\/\/tvbrazilusa.com\/pt\/wp-json\/wp\/v2\/media?parent=94611"}],"wp:term":[{"taxonomy":"category","embeddable":true,"href":"https:\/\/tvbrazilusa.com\/pt\/wp-json\/wp\/v2\/categories?post=94611"},{"taxonomy":"post_tag","embeddable":true,"href":"https:\/\/tvbrazilusa.com\/pt\/wp-json\/wp\/v2\/tags?post=94611"}],"curies":[{"name":"wp","href":"https:\/\/api.w.org\/{rel}","templated":true}]}}