{"id":94635,"date":"2025-01-22T18:11:48","date_gmt":"2025-01-22T18:11:48","guid":{"rendered":"https:\/\/tvbrazilusa.com\/2025\/01\/22\/urgente-lula-quer-imitar-governo-sarney-e-interferir-nos-precos-de-alguns-alimentos\/"},"modified":"2025-01-22T18:11:49","modified_gmt":"2025-01-22T18:11:49","slug":"urgente-lula-quer-imitar-governo-sarney-e-interferir-nos-precos-de-alguns-alimentos","status":"publish","type":"post","link":"https:\/\/tvbrazilusa.com\/pt\/2025\/01\/22\/urgente-lula-quer-imitar-governo-sarney-e-interferir-nos-precos-de-alguns-alimentos\/","title":{"rendered":"URGENTE: Lula quer imitar governo Sarney e interferir nos pre\u00e7os de alguns alimentos"},"content":{"rendered":"<p> <script async src=\"https:\/\/pagead2.googlesyndication.com\/pagead\/js\/adsbygoogle.js?client=ca-pub-8864793242727901\"\r\n     crossorigin=\"anonymous\"><\/script><br \/>\n<\/p>\n<div id=\"taboola-read-more\" style=\"display:block; width:100%\">\n<p>O ministro da Casa Civil, Rui Costa, afirmou que o governo ir\u00e1 fazer um conjunto de interven\u00e7\u00f5es para abaixar o pre\u00e7o dos alimentos.<\/p>\n<p>O<a href=\"https:\/\/www.folhape.com.br\/politica\/lula-cobra-ministros-em-reuniao-por-solucao-rapida-para-a-alta-no\/385983\/\">\u00a0tema foi uma das principais cobran\u00e7as do presidente Luiz In\u00e1cio Lula da Silva na reuni\u00e3o ministerial\u00a0<\/a>de segunda-feira, quando o petista pediu para ministros que apresentem j\u00e1 nos pr\u00f3ximos dias medidas para mitigar a infla\u00e7\u00e3o dos alimentos.\n<\/p>\n<p>As a\u00e7\u00f5es dever\u00e3o ser debatidas em reuni\u00f5es com o presidente Luiz In\u00e1cio Lula da Silva e os ministros da Agricultura (Carlos F\u00e1varo), do Desenvolvimento Agr\u00e1rio (Paulo Teixeira) e da Fazenda (Fernando Haddad).<\/p>\n<p>\u2014 Vamos fazer algumas reuni\u00f5es para buscar um conjunto de interven\u00e7\u00f5es para o barateamento dos alimentos \u2014 declarou Rui, acrescentando:\n<\/p>\n<p>\u2014 No final ano passado, o presidente fez uma reuni\u00e3o com a rede de supermercados com a mesma pauta. A rede sugeriu algumas medidas e vamos implement\u00e1-las agora no primeiro bimestre.\n<\/p>\n<p>A infla\u00e7\u00e3o elevada \u00e9 tida por integrantes do governo como um dos fatores mais importantes para a queda de popularidade da gest\u00e3o de Lula.\n<\/p>\n<p>Alimentos e bebidas formam juntos a categoria que liderou a infla\u00e7\u00e3o de dezembro medida pelo IPCA, com alta de 1,18%. O \u00edndice fechou o m\u00eas em 0,52%. Em 2024, a alimenta\u00e7\u00e3o em casa ficou 8,23% mais cara, de acordo com o IBGE.\n<\/p>\n<p>Na reuni\u00e3o de segunda, conforme o Globo mostrou, Lula teria afirmado que concorda com a vis\u00e3o de Haddad sobre o aumento dos pre\u00e7os: de que a infla\u00e7\u00e3o se deve primordialmente \u00e0 economia aquecida.\n<\/p>\n<p>A subida de pre\u00e7o no ano passado, na vis\u00e3o da equipe econ\u00f4mica, se deve tamb\u00e9m a fatores conjunturais, como eventos clim\u00e1ticos extremos, a desvaloriza\u00e7\u00e3o cambial, e aumento da demanda externa por produtos como carne e caf\u00e9.\n<\/p>\n<p>Fonte: Folha PE              <\/p>\n<\/div>\n<p><br \/>\n<br \/><a href=\"https:\/\/diariodobrasilnoticias.com.br\/noticia\/lula-admite-que-alimentos-estao-caros-e-vai-tentar-solucoes-para-baratear-produtos-67911220a8d71\">Source link <\/a><\/p>","protected":false},"excerpt":{"rendered":"<p>O ministro da Casa Civil, Rui Costa, afirmou que o governo ir\u00e1 fazer um conjunto de interven\u00e7\u00f5es para abaixar o pre\u00e7o dos alimentos. O\u00a0tema foi uma das principais cobran\u00e7as do&hellip;<\/p>","protected":false},"author":1,"featured_media":94636,"comment_status":"closed","ping_status":"open","sticky":false,"template":"","format":"standard","meta":{"content-type":"","footnotes":""},"categories":[16],"tags":[123,2448,5313,1267],"class_list":["post-94635","post","type-post","status-publish","format-standard","has-post-thumbnail","hentry","category-noticias","tag-brasil","tag-diario","tag-noticia","tag-noticias"],"_links":{"self":[{"href":"https:\/\/tvbrazilusa.com\/pt\/wp-json\/wp\/v2\/posts\/94635","targetHints":{"allow":["GET"]}}],"collection":[{"href":"https:\/\/tvbrazilusa.com\/pt\/wp-json\/wp\/v2\/posts"}],"about":[{"href":"https:\/\/tvbrazilusa.com\/pt\/wp-json\/wp\/v2\/types\/post"}],"author":[{"embeddable":true,"href":"https:\/\/tvbrazilusa.com\/pt\/wp-json\/wp\/v2\/users\/1"}],"replies":[{"embeddable":true,"href":"https:\/\/tvbrazilusa.com\/pt\/wp-json\/wp\/v2\/comments?post=94635"}],"version-history":[{"count":1,"href":"https:\/\/tvbrazilusa.com\/pt\/wp-json\/wp\/v2\/posts\/94635\/revisions"}],"predecessor-version":[{"id":94637,"href":"https:\/\/tvbrazilusa.com\/pt\/wp-json\/wp\/v2\/posts\/94635\/revisions\/94637"}],"wp:featuredmedia":[{"embeddable":true,"href":"https:\/\/tvbrazilusa.com\/pt\/wp-json\/wp\/v2\/media\/94636"}],"wp:attachment":[{"href":"https:\/\/tvbrazilusa.com\/pt\/wp-json\/wp\/v2\/media?parent=94635"}],"wp:term":[{"taxonomy":"category","embeddable":true,"href":"https:\/\/tvbrazilusa.com\/pt\/wp-json\/wp\/v2\/categories?post=94635"},{"taxonomy":"post_tag","embeddable":true,"href":"https:\/\/tvbrazilusa.com\/pt\/wp-json\/wp\/v2\/tags?post=94635"}],"curies":[{"name":"wp","href":"https:\/\/api.w.org\/{rel}","templated":true}]}}