{"id":94659,"date":"2025-01-22T19:24:53","date_gmt":"2025-01-22T19:24:53","guid":{"rendered":"https:\/\/tvbrazilusa.com\/2025\/01\/22\/o-presidente-do-eua-donald-trump-ordenou-o-fim-do-hasteamento-das-bandeiras-lgbtqiapn-e-black-lives-matter-dos-edificios-do-governo-federal\/"},"modified":"2025-01-22T19:24:54","modified_gmt":"2025-01-22T19:24:54","slug":"o-presidente-do-eua-donald-trump-ordenou-o-fim-do-hasteamento-das-bandeiras-lgbtqiapn-e-black-lives-matter-dos-edificios-do-governo-federal","status":"publish","type":"post","link":"https:\/\/tvbrazilusa.com\/pt\/2025\/01\/22\/o-presidente-do-eua-donald-trump-ordenou-o-fim-do-hasteamento-das-bandeiras-lgbtqiapn-e-black-lives-matter-dos-edificios-do-governo-federal\/","title":{"rendered":"O presidente do EUA Donald Trump ordenou o fim do hasteamento das bandeiras LGBTQIAPN+ e Black Lives Matter dos edif\u00edcios do Governo Federal"},"content":{"rendered":"<p> <script async src=\"https:\/\/pagead2.googlesyndication.com\/pagead\/js\/adsbygoogle.js?client=ca-pub-8864793242727901\"\r\n     crossorigin=\"anonymous\"><\/script><br \/>\n<\/p>\n<div>\n<p>O presidente Donald Trump determinou o fim do hasteamento das bandeiras LGBTQIAPN+ e Black Lives Matter nos edif\u00edcios do Governo Federal, argumentando que o governo deve se manter neutro em quest\u00f5es ideol\u00f3gicas. A medida reflete sua posi\u00e7\u00e3o conservadora e a cr\u00edtica \u00e0 politiza\u00e7\u00e3o do governo em quest\u00f5es sociais. Defensores da a\u00e7\u00e3o consideram que ela visa restaurar a unidade nacional, afastando o governo da polariza\u00e7\u00e3o e das demandas de movimentos espec\u00edficos. A decis\u00e3o gerou oposi\u00e7\u00e3o de ativistas, mas refor\u00e7a o compromisso de Trump com uma agenda que prioriza valores tradicionais e a coes\u00e3o social.\n<\/p>\n<p>Fonte: Choquei \/ X<\/p>\n<\/div>\n<p><br \/>\n<br \/><a href=\"https:\/\/diariodobrasilnoticias.com.br\/noticia\/o-presidente-do-eua-donald-trump-ordenou-o-fim-do-hasteamento-das-bandeiras-lgbtqiapn-e-black-lives-matter-dos-edificios-do-governo-federal-6791306267842\">Source link <\/a><\/p>","protected":false},"excerpt":{"rendered":"<p>O presidente Donald Trump determinou o fim do hasteamento das bandeiras LGBTQIAPN+ e Black Lives Matter nos edif\u00edcios do Governo Federal, argumentando que o governo deve se manter neutro em&hellip;<\/p>","protected":false},"author":1,"featured_media":94660,"comment_status":"closed","ping_status":"open","sticky":false,"template":"","format":"standard","meta":{"content-type":"","footnotes":""},"categories":[16],"tags":[123,2448,5313,1267],"class_list":["post-94659","post","type-post","status-publish","format-standard","has-post-thumbnail","hentry","category-noticias","tag-brasil","tag-diario","tag-noticia","tag-noticias"],"_links":{"self":[{"href":"https:\/\/tvbrazilusa.com\/pt\/wp-json\/wp\/v2\/posts\/94659","targetHints":{"allow":["GET"]}}],"collection":[{"href":"https:\/\/tvbrazilusa.com\/pt\/wp-json\/wp\/v2\/posts"}],"about":[{"href":"https:\/\/tvbrazilusa.com\/pt\/wp-json\/wp\/v2\/types\/post"}],"author":[{"embeddable":true,"href":"https:\/\/tvbrazilusa.com\/pt\/wp-json\/wp\/v2\/users\/1"}],"replies":[{"embeddable":true,"href":"https:\/\/tvbrazilusa.com\/pt\/wp-json\/wp\/v2\/comments?post=94659"}],"version-history":[{"count":1,"href":"https:\/\/tvbrazilusa.com\/pt\/wp-json\/wp\/v2\/posts\/94659\/revisions"}],"predecessor-version":[{"id":94661,"href":"https:\/\/tvbrazilusa.com\/pt\/wp-json\/wp\/v2\/posts\/94659\/revisions\/94661"}],"wp:featuredmedia":[{"embeddable":true,"href":"https:\/\/tvbrazilusa.com\/pt\/wp-json\/wp\/v2\/media\/94660"}],"wp:attachment":[{"href":"https:\/\/tvbrazilusa.com\/pt\/wp-json\/wp\/v2\/media?parent=94659"}],"wp:term":[{"taxonomy":"category","embeddable":true,"href":"https:\/\/tvbrazilusa.com\/pt\/wp-json\/wp\/v2\/categories?post=94659"},{"taxonomy":"post_tag","embeddable":true,"href":"https:\/\/tvbrazilusa.com\/pt\/wp-json\/wp\/v2\/tags?post=94659"}],"curies":[{"name":"wp","href":"https:\/\/api.w.org\/{rel}","templated":true}]}}