{"id":94679,"date":"2025-01-22T20:15:30","date_gmt":"2025-01-22T20:15:30","guid":{"rendered":"https:\/\/tvbrazilusa.com\/2025\/01\/22\/aliados-esquerdistas-afirmam-que-o-governo-lula-caminha-para-o-colapso\/"},"modified":"2025-01-22T20:15:31","modified_gmt":"2025-01-22T20:15:31","slug":"aliados-esquerdistas-afirmam-que-o-governo-lula-caminha-para-o-colapso","status":"publish","type":"post","link":"https:\/\/tvbrazilusa.com\/pt\/2025\/01\/22\/aliados-esquerdistas-afirmam-que-o-governo-lula-caminha-para-o-colapso\/","title":{"rendered":"Aliados esquerdistas afirmam que o governo Lula caminha para o colapso"},"content":{"rendered":"<p> <script async src=\"https:\/\/pagead2.googlesyndication.com\/pagead\/js\/adsbygoogle.js?client=ca-pub-8864793242727901\"\r\n     crossorigin=\"anonymous\"><\/script><br \/>\n<\/p>\n<div id=\"taboola-read-more\" style=\"display:block; width:100%\">\n<p>Em texto publicado nesta quarta-feira, 22, pelo jornal Folha de S.Paulo, aliados do presidente Luiz In\u00e1cio Lula da Silva constataram que o governo do petista ruma para o colapso. No entanto, eles afirmam que a gest\u00e3o age de forma reativa, diante da \u201dcorrup\u00e7\u00e3o parlamentar, da onda obscurantista e da crise internacional\u201d.\n<\/p>\n<p>Assinam o artigo a cantora, compositora e ex-ministra da Cultura do governo Dilma Rousseff (2011-2012), Ana Hollanda; o cientista pol\u00edtico e ex-ministro da Ci\u00eancia e Tecnologia do governo Lula (2003-2004), Roberto Amaral; o sanitarista e ex-ministro da Sa\u00fade do governo Lula (2007-2020), Jos\u00e9 Gomes Tempor\u00e3o; o antrop\u00f3logo e ex-secret\u00e1rio nacional de Seguran\u00e7a P\u00fablica do governo Lula (2003), Luiz Eduardo Soares; o historiador e professor da Universidade Federal Fluminense Manuel Domingos Neto; e o professor de rela\u00e7\u00f5es internacionais da UFABC Gilberto Maringoni.<\/p>\n<p><strong>Os argumentos dos aliados de Lula<\/strong>\n<\/p>\n<p>Os aliados retomam o momento em que Lula foi eleito, em 2022, quando \u201dprometeu extinguir o teto de gastos, incluir o pobre no Or\u00e7amento, rever a reforma trabalhista, valorizar o servi\u00e7o p\u00fablico, garantir gasolina barata, reestatizar a Eletrobras e botar picanha e cerveja na mesa do povo\u201d. \u201cNo governo, prendeu-se ao fiscalismo ao gosto dos banqueiros\u201d, conclu\u00edram.\n<\/p>\n<p>Na opini\u00e3o dos autores do texto, a meta de infla\u00e7\u00e3o do governo Lula, \u201dinalcan\u00e7\u00e1vel\u201d, foi o argumento necess\u00e1rio para o Banco Central elevar a taxa de juros, a Selic. Segundo eles, essa suposta \u201dcamisa de for\u00e7a inviabiliza o bom servi\u00e7o p\u00fablico, inibe investimentos produtivos e o atendimento aos mais pobres\u201d.\n<\/p>\n<p>Em certos trechos, os aliados citam a insatisfa\u00e7\u00e3o popular com o governo. \u201cCrescimento do PIB, do emprego e da renda n\u00e3o basta \u00e0 sociedade\u201d, opinam. \u201cO corte de gastos resultante da obsess\u00e3o fiscal fomenta a desesperan\u00e7a. O pre\u00e7o da comida, a inseguran\u00e7a p\u00fablica, a dificuldade de locomo\u00e7\u00e3o e a car\u00eancia de moradia frustram as expectativas do povo. A sociedade n\u00e3o mais distingue quem defende o avan\u00e7o de quem defende o atraso.\u201d\n<\/p>\n<p><strong>Mais cr\u00edticas e 10 sugest\u00f5es<\/strong>\n<\/p>\n<p>Para os autores, o fato de \u201dmilitares insurretos\u201d ficarem impunes e ju\u00edzes serem vistos como alicerce final da democracia evidencia o que chamam de \u201ddegringolada institucional\u201d. Al\u00e9m disso, acreditam que, enquanto \u201da ordem mundial se despeda\u00e7a, o governo n\u00e3o se livra dos tent\u00e1culos de Washington [capital dos Estados Unidos]\u201d.\n<\/p>\n<p>Por fim, criticam a liberdade do que chamam de \u201dativismo da extrema direita turbinado pelas novas m\u00eddias\u201d.\n<\/p>\n<p>Apesar das falhas apresentadas, os aliados de Lula sugerem uma agenda ao governo, a qual classificam como \u201durgente e indispens\u00e1vel\u201d. Dessa forma, o petista preservaria sua lideran\u00e7a, e a popula\u00e7\u00e3o retomaria a esperan\u00e7a. Confira as sugest\u00f5es abaixo.\n<\/p>\n<p>Fim da escala 6\u00d71. Jornada de trabalho reduzida para 40 horas;<br \/>Isen\u00e7\u00e3o do Imposto de Renda para ganhos at\u00e9 R$ 5.000\/m\u00eas;<br \/>Taxa\u00e7\u00e3o das grandes fortunas, dividendos e altas rendas;<br \/>Cobran\u00e7a de tributos para a exporta\u00e7\u00e3o de produtos prim\u00e1rios e semielaborados;<br \/>Reforma agr\u00e1ria, amparo \u00e0 cesta b\u00e1sica, incentivos \u00e0 agricultura familiar e retorno de estoques reguladores da oferta de alimentos;<br \/>Tratamento priorit\u00e1rio \u00e0 transi\u00e7\u00e3o energ\u00e9tica conjugada \u00e0 defesa ambiental;<br \/>Reforma penitenci\u00e1ria, cria\u00e7\u00e3o do Servi\u00e7o \u00danico de Seguran\u00e7a P\u00fablica (Susp) e controle da viol\u00eancia policial epid\u00eamica;<br \/>Prioriza\u00e7\u00e3o da integra\u00e7\u00e3o sul-americana, com destaque para projetos de desenvolvimento e defesa ambiental;<br \/>Supress\u00e3o de opera\u00e7\u00f5es de garantia da Lei e da Ordem, redu\u00e7\u00e3o e redistribui\u00e7\u00e3o espacial de quart\u00e9is e extin\u00e7\u00e3o das comiss\u00f5es militares no exterior.\n<\/p>\n<p>Fonte: Revista Oeste              <\/p>\n<\/div>\n<p><br \/>\n<br \/><a href=\"https:\/\/diariodobrasilnoticias.com.br\/noticia\/aliados-esquerdistas-afirmam-que-o-governo-lula-caminha-para-o-colapso-67913f47e398a\">Source link <\/a><\/p>","protected":false},"excerpt":{"rendered":"<p>Em texto publicado nesta quarta-feira, 22, pelo jornal Folha de S.Paulo, aliados do presidente Luiz In\u00e1cio Lula da Silva constataram que o governo do petista ruma para o colapso. No&hellip;<\/p>","protected":false},"author":1,"featured_media":94680,"comment_status":"closed","ping_status":"open","sticky":false,"template":"","format":"standard","meta":{"content-type":"","footnotes":""},"categories":[16],"tags":[123,2448,5313,1267],"class_list":["post-94679","post","type-post","status-publish","format-standard","has-post-thumbnail","hentry","category-noticias","tag-brasil","tag-diario","tag-noticia","tag-noticias"],"_links":{"self":[{"href":"https:\/\/tvbrazilusa.com\/pt\/wp-json\/wp\/v2\/posts\/94679","targetHints":{"allow":["GET"]}}],"collection":[{"href":"https:\/\/tvbrazilusa.com\/pt\/wp-json\/wp\/v2\/posts"}],"about":[{"href":"https:\/\/tvbrazilusa.com\/pt\/wp-json\/wp\/v2\/types\/post"}],"author":[{"embeddable":true,"href":"https:\/\/tvbrazilusa.com\/pt\/wp-json\/wp\/v2\/users\/1"}],"replies":[{"embeddable":true,"href":"https:\/\/tvbrazilusa.com\/pt\/wp-json\/wp\/v2\/comments?post=94679"}],"version-history":[{"count":1,"href":"https:\/\/tvbrazilusa.com\/pt\/wp-json\/wp\/v2\/posts\/94679\/revisions"}],"predecessor-version":[{"id":94681,"href":"https:\/\/tvbrazilusa.com\/pt\/wp-json\/wp\/v2\/posts\/94679\/revisions\/94681"}],"wp:featuredmedia":[{"embeddable":true,"href":"https:\/\/tvbrazilusa.com\/pt\/wp-json\/wp\/v2\/media\/94680"}],"wp:attachment":[{"href":"https:\/\/tvbrazilusa.com\/pt\/wp-json\/wp\/v2\/media?parent=94679"}],"wp:term":[{"taxonomy":"category","embeddable":true,"href":"https:\/\/tvbrazilusa.com\/pt\/wp-json\/wp\/v2\/categories?post=94679"},{"taxonomy":"post_tag","embeddable":true,"href":"https:\/\/tvbrazilusa.com\/pt\/wp-json\/wp\/v2\/tags?post=94679"}],"curies":[{"name":"wp","href":"https:\/\/api.w.org\/{rel}","templated":true}]}}