{"id":94682,"date":"2025-01-22T20:26:40","date_gmt":"2025-01-22T20:26:40","guid":{"rendered":"https:\/\/tvbrazilusa.com\/2025\/01\/22\/a-nova-investigacao-acerca-do-janjapalooza\/"},"modified":"2025-01-22T20:26:42","modified_gmt":"2025-01-22T20:26:42","slug":"a-nova-investigacao-acerca-do-janjapalooza","status":"publish","type":"post","link":"https:\/\/tvbrazilusa.com\/pt\/2025\/01\/22\/a-nova-investigacao-acerca-do-janjapalooza\/","title":{"rendered":"A nova investiga\u00e7\u00e3o acerca do Janjapalooza"},"content":{"rendered":"<p> <script async src=\"https:\/\/pagead2.googlesyndication.com\/pagead\/js\/adsbygoogle.js?client=ca-pub-8864793242727901\"\r\n     crossorigin=\"anonymous\"><\/script><br \/>\n<\/p>\n<div id=\"taboola-read-more\" style=\"display:block; width:100%\">\n<p>O Tribunal de Contas da Uni\u00e3o (TCU) instaurou investiga\u00e7\u00e3o mirando a poss\u00edvel \u2018malversa\u00e7\u00e3o de recursos p\u00fablicos\u2019 da Usina Hidrel\u00e9trica binacional de Itaipu. O caso est\u00e1 nas m\u00e3os do ministro Aroldo Cedraz.\n<\/p>\n<p>Como mostramos na semana passada, a realiza\u00e7\u00e3o da c\u00fapula do G20 e do \u2018Janjapalooza\u2019, festival que ficou batizado dado a propaganda feita pela primeira-dama Janja da Silva, custou at\u00e9 83,45 milh\u00f5es de reais a empresas estatais brasileiras. As informa\u00e7\u00f5es foram inicialmente levantadas por Estad\u00e3o e confirmadas por O Antagonista.<\/p>\n<p>O Tribunal de Contas da Uni\u00e3o (TCU) instaurou investiga\u00e7\u00e3o mirando a poss\u00edvel \u2018malversa\u00e7\u00e3o de recursos p\u00fablicos\u2019 da Usina Hidrel\u00e9trica binacional de Itaipu. O caso est\u00e1 nas m\u00e3os do ministro Aroldo Cedraz.\n<\/p>\n<p>Como mostramos na semana passada, a realiza\u00e7\u00e3o da c\u00fapula do G20 e do \u2018Janjapalooza\u2019, festival que ficou batizado dado a propaganda feita pela primeira-dama Janja da Silva, custou at\u00e9 83,45 milh\u00f5es de reais a empresas estatais brasileiras. As informa\u00e7\u00f5es foram inicialmente levantadas por Estad\u00e3o e confirmadas por O Antagonista.\n<\/p>\n<p>Somente a estatal Itaipu Binacional pagou 15 milh\u00f5es de reais para a reuni\u00e3o da C\u00fapula do G-20 Social e eventos paralelos, como o festival Alian\u00e7a Global Contra a Fome e a Pobreza.\n<\/p>\n<p>Janja foi funcion\u00e1ria da empresa entre 2005 e 2020 e integrantes do governo Lula admitem que a primeira-dama ainda mant\u00e9m influ\u00eancia na estatal, conforme apurou este portal.\n<\/p>\n<p>Janjapalooza<br \/>A previs\u00e3o de gastos apenas com o \u2018Janjapalooza\u2019 era de R$ 28,3 milh\u00f5es, entre passagens a\u00e9reas, hospedagens de convidados, cenografia, infraestrutura, loca\u00e7\u00e3o de equipamentos e setores jur\u00eddico e administrativo.\n<\/p>\n<p>Na ocasi\u00e3o, a primeira-dama irritou-se com a denomina\u00e7\u00e3o de \u2018Janjapalooza\u2019:\n<\/p>\n<p>\u201cN\u00e3o, filha. \u00c9 Alian\u00e7a Global contra a Fome a Pobreza. Vamos ver se consegue entender a mensagem, t\u00e1?\u201d, disse.\n<\/p>\n<p>\u201cJanj\u00f4metro\u201d<br \/>Em novembro do ano passado, o deputado estadual por S\u00e3o Paulo Guto Zacarias (Uni\u00e3o Brasil) criou o site \u201cJanj\u00f4metro \u2013 medindo o quanto ela esbanja do seu suor\u201d para contabilizar os gastos p\u00fablicos de Janja.\n<\/p>\n<p>Zacarias escreveu que a iniciativa \u201cexp\u00f5e a farra\u201d dos gastos de Janja, entre eles o \u201cJanjapalooza\u201d:\n<\/p>\n<p>\u201cComo se n\u00e3o bastasse um bandido na presid\u00eancia da Rep\u00fablica, a esposa deslumbrada dele ainda TORRA o seu dinheiro com viagens de luxo, hot\u00e9is e m\u00f3veis de R$ 200 mil.\n<\/p>\n<p>Para EXPOR essa FARRA, eu criei o Janj\u00f4metro: um site que cataloga todos os gastos da prime\u201d.\n<\/p>\n<p>Para ter acesso aos gastos detalhados, o usu\u00e1rio precisa criar uma conta e, depois, recebe as atualiza\u00e7\u00f5es em primeira m\u00e3o de todos os gastos de Janja.\n<\/p>\n<p>Fonte: O Antagonista              <\/p>\n<\/div>\n<p><br \/>\n<br \/><a href=\"https:\/\/diariodobrasilnoticias.com.br\/noticia\/a-nova-investigacao-acerca-do-janjapalooza-679133d884493\">Source link <\/a><\/p>","protected":false},"excerpt":{"rendered":"<p>O Tribunal de Contas da Uni\u00e3o (TCU) instaurou investiga\u00e7\u00e3o mirando a poss\u00edvel \u2018malversa\u00e7\u00e3o de recursos p\u00fablicos\u2019 da Usina Hidrel\u00e9trica binacional de Itaipu. O caso est\u00e1 nas m\u00e3os do ministro Aroldo&hellip;<\/p>","protected":false},"author":1,"featured_media":94683,"comment_status":"closed","ping_status":"open","sticky":false,"template":"","format":"standard","meta":{"content-type":"","footnotes":""},"categories":[16],"tags":[123,2448,5313,1267],"class_list":["post-94682","post","type-post","status-publish","format-standard","has-post-thumbnail","hentry","category-noticias","tag-brasil","tag-diario","tag-noticia","tag-noticias"],"_links":{"self":[{"href":"https:\/\/tvbrazilusa.com\/pt\/wp-json\/wp\/v2\/posts\/94682","targetHints":{"allow":["GET"]}}],"collection":[{"href":"https:\/\/tvbrazilusa.com\/pt\/wp-json\/wp\/v2\/posts"}],"about":[{"href":"https:\/\/tvbrazilusa.com\/pt\/wp-json\/wp\/v2\/types\/post"}],"author":[{"embeddable":true,"href":"https:\/\/tvbrazilusa.com\/pt\/wp-json\/wp\/v2\/users\/1"}],"replies":[{"embeddable":true,"href":"https:\/\/tvbrazilusa.com\/pt\/wp-json\/wp\/v2\/comments?post=94682"}],"version-history":[{"count":1,"href":"https:\/\/tvbrazilusa.com\/pt\/wp-json\/wp\/v2\/posts\/94682\/revisions"}],"predecessor-version":[{"id":94684,"href":"https:\/\/tvbrazilusa.com\/pt\/wp-json\/wp\/v2\/posts\/94682\/revisions\/94684"}],"wp:featuredmedia":[{"embeddable":true,"href":"https:\/\/tvbrazilusa.com\/pt\/wp-json\/wp\/v2\/media\/94683"}],"wp:attachment":[{"href":"https:\/\/tvbrazilusa.com\/pt\/wp-json\/wp\/v2\/media?parent=94682"}],"wp:term":[{"taxonomy":"category","embeddable":true,"href":"https:\/\/tvbrazilusa.com\/pt\/wp-json\/wp\/v2\/categories?post=94682"},{"taxonomy":"post_tag","embeddable":true,"href":"https:\/\/tvbrazilusa.com\/pt\/wp-json\/wp\/v2\/tags?post=94682"}],"curies":[{"name":"wp","href":"https:\/\/api.w.org\/{rel}","templated":true}]}}