{"id":94687,"date":"2025-01-22T20:38:05","date_gmt":"2025-01-22T20:38:05","guid":{"rendered":"https:\/\/tvbrazilusa.com\/2025\/01\/22\/governo-lula-acordou-tarde-para-a-inflacao\/"},"modified":"2025-01-22T20:38:07","modified_gmt":"2025-01-22T20:38:07","slug":"governo-lula-acordou-tarde-para-a-inflacao","status":"publish","type":"post","link":"https:\/\/tvbrazilusa.com\/pt\/2025\/01\/22\/governo-lula-acordou-tarde-para-a-inflacao\/","title":{"rendered":"Governo Lula acordou tarde para a infla\u00e7\u00e3o"},"content":{"rendered":"<p> <script async src=\"https:\/\/pagead2.googlesyndication.com\/pagead\/js\/adsbygoogle.js?client=ca-pub-8864793242727901\"\r\n     crossorigin=\"anonymous\"><\/script><br \/>\n<\/p>\n<div id=\"taboola-read-more\" style=\"display:block; width:100%\">\n<p>Dois dias depois de Lula (\u00e0 direita na foto) cobrar seus ministros pela alta nos pre\u00e7os dos alimentos, o ministro-chefe da Casa Civil, Rui Costa (\u00e0 esquerda na foto), prometeu um \u201cconjunto de interven\u00e7\u00f5es\u201d para tentar conter a infla\u00e7\u00e3o.\n<\/p>\n<p>Como tudo na gest\u00e3o econ\u00f4mica do governo Lula, a conversa come\u00e7ou estranha.<\/p>\n<p>Se quem est\u00e1 vendendo sabe que a pessoa est\u00e1 com um sal\u00e1rio maior, o vendedor vai testando para ver se o consumidor se disp\u00f5e a pagar um pre\u00e7o maior. Se o consumidor n\u00e3o procurar muito, n\u00e3o pechinchar muito, isso tende a puxar uma eleva\u00e7\u00e3o de pre\u00e7o\u201d, disse Costa.\n<\/p>\n<p>Essa \u00e9 mais uma quest\u00e3o que o governo n\u00e3o pode enfrentar de frente, como na crise do monitoramento do Pix, porque tem culpa no cart\u00f3rio.\n<\/p>\n<p>Culpa no cart\u00f3rio<br \/>O Comit\u00ea de Pol\u00edtica Monet\u00e1ria (Copom) do Banco Central deixou bem clara na ata de sua \u00faltima reuni\u00e3o, divulgada em dezembro, a parcela de culpa de Lula na alta da infla\u00e7\u00e3o, que terminou o ano acima do teto da meta:\n<\/p>\n<p>\u201cO Comit\u00ea refor\u00e7ou a vis\u00e3o de que o esmorecimento no esfor\u00e7o de reformas estruturais e disciplina fiscal, o aumento de cr\u00e9dito direcionado e as incertezas sobre a estabiliza\u00e7\u00e3o da d\u00edvida p\u00fablica t\u00eam o potencial de elevar a taxa de juros neutra da economia, com impactos delet\u00e9rios sobre a pot\u00eancia da pol\u00edtica monet\u00e1ria e, consequentemente, sobre o custo de desinfla\u00e7\u00e3o em termos de atividade.\u201d\n<\/p>\n<p>Esse mesmo aviso j\u00e1 tinha sido dado em outras atas do Copom. Em novembro, ap\u00f3s mais uma eleva\u00e7\u00e3o na taxa b\u00e1sica de juros, os membros do comit\u00ea alertaram para a necessidade de \u201cuma pol\u00edtica fiscal cr\u00edvel, embasada em regras previs\u00edveis e transpar\u00eancia em seus resultados\u201d para a \u201cancoragem das expectativas de infla\u00e7\u00e3o\u201d.\n<\/p>\n<p>Parte do problema<br \/>Ou seja, ap\u00f3s contribuir para a alta nos pre\u00e7os com sua pol\u00edtica fiscal irrespons\u00e1vel, o governo se atentou, agora, quando j\u00e1 \u00e9 tarde, para o fato de que a alta nos pre\u00e7os dos alimentos vai prejudicar a popularidade do presidente \u2014 porque \u00e9 disso que se trata \u2014, e busca alternativas para tratar da quest\u00e3o sem admitir, mais uma vez, que \u00e9 parte do problema.\n<\/p>\n<p>A chance de os esfor\u00e7os do governo n\u00e3o darem certo, como de costume, \u00e9 muito alta. A \u00fanica certeza \u00e9 que, quando der errado, a culpa ser\u00e1 repassada para os costumeiros inimigos imagin\u00e1rios dos lulistas.\n<\/p>\n<p>Fonte: O Antagonista              <\/p>\n<\/div>\n<p><br \/>\n<br \/><a href=\"https:\/\/diariodobrasilnoticias.com.br\/noticia\/governo-lula-acordou-tarde-para-a-inflacao-67912cee69fb2\">Source link <\/a><\/p>","protected":false},"excerpt":{"rendered":"<p>Dois dias depois de Lula (\u00e0 direita na foto) cobrar seus ministros pela alta nos pre\u00e7os dos alimentos, o ministro-chefe da Casa Civil, Rui Costa (\u00e0 esquerda na foto), prometeu&hellip;<\/p>","protected":false},"author":1,"featured_media":94688,"comment_status":"closed","ping_status":"open","sticky":false,"template":"","format":"standard","meta":{"content-type":"","footnotes":""},"categories":[16],"tags":[123,2448,5313,1267],"class_list":["post-94687","post","type-post","status-publish","format-standard","has-post-thumbnail","hentry","category-noticias","tag-brasil","tag-diario","tag-noticia","tag-noticias"],"_links":{"self":[{"href":"https:\/\/tvbrazilusa.com\/pt\/wp-json\/wp\/v2\/posts\/94687","targetHints":{"allow":["GET"]}}],"collection":[{"href":"https:\/\/tvbrazilusa.com\/pt\/wp-json\/wp\/v2\/posts"}],"about":[{"href":"https:\/\/tvbrazilusa.com\/pt\/wp-json\/wp\/v2\/types\/post"}],"author":[{"embeddable":true,"href":"https:\/\/tvbrazilusa.com\/pt\/wp-json\/wp\/v2\/users\/1"}],"replies":[{"embeddable":true,"href":"https:\/\/tvbrazilusa.com\/pt\/wp-json\/wp\/v2\/comments?post=94687"}],"version-history":[{"count":1,"href":"https:\/\/tvbrazilusa.com\/pt\/wp-json\/wp\/v2\/posts\/94687\/revisions"}],"predecessor-version":[{"id":94689,"href":"https:\/\/tvbrazilusa.com\/pt\/wp-json\/wp\/v2\/posts\/94687\/revisions\/94689"}],"wp:featuredmedia":[{"embeddable":true,"href":"https:\/\/tvbrazilusa.com\/pt\/wp-json\/wp\/v2\/media\/94688"}],"wp:attachment":[{"href":"https:\/\/tvbrazilusa.com\/pt\/wp-json\/wp\/v2\/media?parent=94687"}],"wp:term":[{"taxonomy":"category","embeddable":true,"href":"https:\/\/tvbrazilusa.com\/pt\/wp-json\/wp\/v2\/categories?post=94687"},{"taxonomy":"post_tag","embeddable":true,"href":"https:\/\/tvbrazilusa.com\/pt\/wp-json\/wp\/v2\/tags?post=94687"}],"curies":[{"name":"wp","href":"https:\/\/api.w.org\/{rel}","templated":true}]}}