{"id":94695,"date":"2025-01-22T21:05:48","date_gmt":"2025-01-22T21:05:48","guid":{"rendered":"https:\/\/tvbrazilusa.com\/2025\/01\/22\/urgente-marco-rubio-ministro-de-trump-manda-mensagem-para-embaixadas-no-mundo-todo-para-combater-censura-nas-redes\/"},"modified":"2025-01-22T21:05:50","modified_gmt":"2025-01-22T21:05:50","slug":"urgente-marco-rubio-ministro-de-trump-manda-mensagem-para-embaixadas-no-mundo-todo-para-combater-censura-nas-redes","status":"publish","type":"post","link":"https:\/\/tvbrazilusa.com\/pt\/2025\/01\/22\/urgente-marco-rubio-ministro-de-trump-manda-mensagem-para-embaixadas-no-mundo-todo-para-combater-censura-nas-redes\/","title":{"rendered":"URGENTE: Marco Rubio, Ministro de Trump, Manda Mensagem para Embaixadas no Mundo Todo para combater censura nas redes"},"content":{"rendered":"<p> <script async src=\"https:\/\/pagead2.googlesyndication.com\/pagead\/js\/adsbygoogle.js?client=ca-pub-8864793242727901\"\r\n     crossorigin=\"anonymous\"><\/script><br \/>\n<\/p>\n<div>\n<figure class=\"post-image\">\n<\/figure>\n<p>            <span style=\"font-size: 12px\">Getty Images<\/span><\/p>\n<p>            <!-- end metas --><br \/>\n            <!-- ADS --><\/p>\n<div id=\"taboola-read-more\" style=\"display:block; width:100%\">\n<p>Em uma a\u00e7\u00e3o significativa e imediata ap\u00f3s assumir o cargo de Secret\u00e1rio de Estado dos Estados Unidos, Marco Rubio enviou uma mensagem clara e direta para todas as embaixadas e consulados americanos ao redor do mundo. A mensagem, que marca uma mudan\u00e7a potencialmente dr\u00e1stica na pol\u00edtica externa, destaca a prioridade de combater o que Rubio descreve como &#8220;censura&#8221; dentro dos programas do Departamento de Estado. Esse an\u00fancio representa um afastamento expl\u00edcito das pol\u00edticas do governo anterior, que focavam em combater a desinforma\u00e7\u00e3o e a propaganda inimiga, mas que, segundo Rubio, abriam portas para a censura dos pr\u00f3prios cidad\u00e3os americanos.\n<\/p>\n<p>Al\u00e9m da quest\u00e3o da censura, Rubio tamb\u00e9m delineou outras prioridades cruciais para a nova administra\u00e7\u00e3o de Donald Trump. Ele enfatizou a busca pelo &#8220;dom\u00ednio energ\u00e9tico&#8221;, indicando uma pol\u00edtica voltada para a autossufici\u00eancia energ\u00e9tica dos EUA, provavelmente atrav\u00e9s do aumento da produ\u00e7\u00e3o interna de energia. Outra \u00e1rea de foco \u00e9 a imigra\u00e7\u00e3o ilegal, um tema sens\u00edvel e central nas pol\u00edticas de Trump, sugerindo um endurecimento das medidas de controle de fronteira e poss\u00edvel revis\u00e3o das pol\u00edticas migrat\u00f3rias. Al\u00e9m disso, Rubio anunciou o fim dos escrit\u00f3rios de Diversidade, Equidade e Inclus\u00e3o (DEI), sinalizando uma mudan\u00e7a de rumo para um foco mais em meritocracia e menos em iniciativas de inclus\u00e3o social, o que pode gerar controv\u00e9rsias tanto dentro quanto fora dos EUA.<\/p>\n<p>A decis\u00e3o de Rubio de comunicar essas prioridades de forma t\u00e3o direta e abrangente sugere uma inten\u00e7\u00e3o de estabelecer uma nova dire\u00e7\u00e3o na diplomacia americana, alinhada com a agenda &#8220;America First&#8221; de Trump. O impacto dessas mudan\u00e7as ainda ser\u00e1 sentido em diversos n\u00edveis, desde a pol\u00edtica interna at\u00e9 as rela\u00e7\u00f5es internacionais. A mensagem n\u00e3o apenas define o tom para a pol\u00edtica externa dos EUA nos pr\u00f3ximos anos mas tamb\u00e9m promete reacender debates sobre liberdade de express\u00e3o, pol\u00edtica energ\u00e9tica, imigra\u00e7\u00e3o e a abordagem ao multiculturalismo dentro do governo americano.\n<\/p>\n<p>Por J\u00fanior Melo              <\/p>\n<\/div>\n<p>                        <!-- Scripts para conteudo --><\/p>\n<p>            <!-- .\/Scripts para conteudo --><br \/>\n            <!-- .\/Mat\u00e9ria --><\/p>\n<div class=\"row mt-3\">\n<div class=\"col-sm-6\">\n                <!-- Whatsapp channel 3--><br \/>\n                <a href=\"https:\/\/chat.whatsapp.com\/B8Qy6Erx4kb6yTzj3kaDco\" target=\"_blank\"><br \/>\n                  <img decoding=\"async\" src=\"https:\/\/diariodobrasilnoticias.com.br\/assets-site\/images\/bot_whatsapp.png\"\/><\/a>\n              <\/div>\n<div class=\"col-sm-6\">\n                <a href=\"https:\/\/t.me\/+_4gTmi5LKo03OTM5\" target=\"_blank\"><br \/>\n                  <img decoding=\"async\" src=\"https:\/\/diariodobrasilnoticias.com.br\/assets-site\/images\/bot_telegram.png\"\/><\/a>\n              <\/div>\n<\/p><\/div>\n<p>            <!-- end post-navigation --><\/p>\n<p>              <!-- end row --><\/p>\n<p>              <!-- end col-12-->\n                      <\/div>\n<p><br \/>\n<br \/><a href=\"https:\/\/diariodobrasilnoticias.com.br\/noticia\/urgente-marco-rubio-ministro-de-trump-manda-mensagem-para-embaixadas-no-mundo-todo-para-combater-censura-nas-redes-679141cfe7201\">Source link <\/a><\/p>","protected":false},"excerpt":{"rendered":"<p>Getty Images Em uma a\u00e7\u00e3o significativa e imediata ap\u00f3s assumir o cargo de Secret\u00e1rio de Estado dos Estados Unidos, Marco Rubio enviou uma mensagem clara e direta para todas as&hellip;<\/p>","protected":false},"author":1,"featured_media":94696,"comment_status":"closed","ping_status":"open","sticky":false,"template":"","format":"standard","meta":{"content-type":"","footnotes":""},"categories":[16],"tags":[123,2448,5313,1267],"class_list":["post-94695","post","type-post","status-publish","format-standard","has-post-thumbnail","hentry","category-noticias","tag-brasil","tag-diario","tag-noticia","tag-noticias"],"_links":{"self":[{"href":"https:\/\/tvbrazilusa.com\/pt\/wp-json\/wp\/v2\/posts\/94695","targetHints":{"allow":["GET"]}}],"collection":[{"href":"https:\/\/tvbrazilusa.com\/pt\/wp-json\/wp\/v2\/posts"}],"about":[{"href":"https:\/\/tvbrazilusa.com\/pt\/wp-json\/wp\/v2\/types\/post"}],"author":[{"embeddable":true,"href":"https:\/\/tvbrazilusa.com\/pt\/wp-json\/wp\/v2\/users\/1"}],"replies":[{"embeddable":true,"href":"https:\/\/tvbrazilusa.com\/pt\/wp-json\/wp\/v2\/comments?post=94695"}],"version-history":[{"count":1,"href":"https:\/\/tvbrazilusa.com\/pt\/wp-json\/wp\/v2\/posts\/94695\/revisions"}],"predecessor-version":[{"id":94697,"href":"https:\/\/tvbrazilusa.com\/pt\/wp-json\/wp\/v2\/posts\/94695\/revisions\/94697"}],"wp:featuredmedia":[{"embeddable":true,"href":"https:\/\/tvbrazilusa.com\/pt\/wp-json\/wp\/v2\/media\/94696"}],"wp:attachment":[{"href":"https:\/\/tvbrazilusa.com\/pt\/wp-json\/wp\/v2\/media?parent=94695"}],"wp:term":[{"taxonomy":"category","embeddable":true,"href":"https:\/\/tvbrazilusa.com\/pt\/wp-json\/wp\/v2\/categories?post=94695"},{"taxonomy":"post_tag","embeddable":true,"href":"https:\/\/tvbrazilusa.com\/pt\/wp-json\/wp\/v2\/tags?post=94695"}],"curies":[{"name":"wp","href":"https:\/\/api.w.org\/{rel}","templated":true}]}}