{"id":94716,"date":"2025-01-22T22:08:34","date_gmt":"2025-01-22T22:08:34","guid":{"rendered":"https:\/\/tvbrazilusa.com\/2025\/01\/22\/musk-x-moraes-a-expectativa-do-stf-apos-a-posse-de-trump\/"},"modified":"2025-01-22T22:08:36","modified_gmt":"2025-01-22T22:08:36","slug":"musk-x-moraes-a-expectativa-do-stf-apos-a-posse-de-trump","status":"publish","type":"post","link":"https:\/\/tvbrazilusa.com\/pt\/2025\/01\/22\/musk-x-moraes-a-expectativa-do-stf-apos-a-posse-de-trump\/","title":{"rendered":"Musk x Moraes: a expectativa do STF ap\u00f3s a posse de Trump"},"content":{"rendered":"<p> <script async src=\"https:\/\/pagead2.googlesyndication.com\/pagead\/js\/adsbygoogle.js?client=ca-pub-8864793242727901\"\r\n     crossorigin=\"anonymous\"><\/script><br \/>\n<\/p>\n<div id=\"taboola-read-more\" style=\"display:block; width:100%\">\n<p>Ministros do STF dizem acreditar que Elon Musk n\u00e3o usar\u00e1 seu cargo e influ\u00eancia na Casa Branca, com a posse de Donald Trump, para atuar contra o Supremo ou magistrados da Corte. Ao longo do ano passado, o bilion\u00e1rio protagonizou trocas de farpas com Alexandre de Moraes, a quem chegou a chamar de \u201ctirano\u201d e \u201cditador\u201d por conta de decis\u00f5es que miraram a rede social X [antigo Twitter], da qual \u00e9 dono.\n<\/p>\n<p>Apesar dos atritos p\u00fablicos entre Musk e Moraes, magistrados do STF avaliam que o clima b\u00e9lico dever\u00e1 ficar para tr\u00e1s com a posse de Trump. Isso porque, agora, a rela\u00e7\u00e3o institucional entre Brasil e Estados Unidos se sobreporia ao imbr\u00f3glio envolvendo o X.<\/p>\n<p>No atual governo norte-americano, Musk est\u00e1 \u00e0 frente do Departamento de Efici\u00eancia Governamental. Decano do STF, o ministro Gilmar Mendes afirmou \u00e0 coluna que n\u00e3o v\u00ea \u201cnenhuma possibilidade de retalia\u00e7\u00e3o\u201d a Alexandre de Moraes ou \u00e0 Corte em geral.\n<\/p>\n<p>\u201cN\u00e3o h\u00e1 nenhum temor. Ningu\u00e9m acredita nisso. As rela\u00e7\u00f5es institucionais se fazem de maneira normal, tranquila. Estive [recentemente] na embaixada americana. L\u00e1, a embaixadora falava dos 200 anos de rela\u00e7\u00f5es que o Brasil mant\u00e9m com os Estados Unidos. Passamos pelos mais diversos governos ao longo desses anos. \u00c9 uma rela\u00e7\u00e3o muito marcante. A presen\u00e7a do capital americano no Brasil e a coopera\u00e7\u00e3o que existe tamb\u00e9m. N\u00f3s temos empresas grandes nos Estados Unidos\u201d, disse Gilmar Mendes.\n<\/p>\n<p>A reuni\u00e3o na Embaixada dos Estados Unidos foi em 18 de dezembro, com a embaixadora Elizabeth Bagley. Indicada pelo ex-presidente Joe Biden, ela entregou o cargo na semana passada, antes da posse de Trump. Gilmar Mendes prosseguiu:\n<\/p>\n<p>\u201cN\u00e3o vejo nenhuma possibilidade de retalia\u00e7\u00e3o. O que houve naquele epis\u00f3dio [decis\u00f5es de Moraes sobre a rede social de Musk] tem se repetido, de alguma forma, mundo afora, que \u00e9 a falta de par\u00e2metros. Essas entidades est\u00e3o em algum lugar no mundo, pode at\u00e9 ser um nowhere [lugar algum], e n\u00e3o respondem ao Estado territorial. J\u00e1 houve problemas na Austr\u00e1lia, nos pr\u00f3prios Estados Unidos, j\u00e1 houve problema na Inglaterra. \u00c9 uma quest\u00e3o delicada. Elas [as plataformas] s\u00e3o naturalmente transnacionais\u201d, avaliou Gilmar Mendes.\n<\/p>\n<p>O ministro do STF finalizou: \u201cVeja o que aconteceu aqui. Uma ordem dada ao Twitter para retirar um dado conte\u00fado e ele se recusa a retirar. Em seguida, se d\u00e1 a obriga\u00e7\u00e3o que se imp\u00f5e aos seus servidores. Ele simplesmente retira os servidores do pa\u00eds e diz \u2018eu n\u00e3o tenho mais sede no Brasil\u2019. \u00c9 um problema. Desmoraliza tudo aquilo que a gente aprendeu a entender como o Estado baseado num territ\u00f3rio. \u00c9 preciso que isso seja olhado e respeitado. E a\u00ed come\u00e7aram ent\u00e3o as medidas, multas e tamb\u00e9m a responsabiliza\u00e7\u00e3o de empresas \u00e0s quais estava vinculado\u201d.\n<\/p>\n<p>Fonte: Metr\u00f3poles              <\/p>\n<\/div>\n<p><br \/>\n<br \/><a href=\"https:\/\/diariodobrasilnoticias.com.br\/noticia\/musk-x-moraes-a-expectativa-do-stf-apos-a-posse-de-trump-6791593bb54e3\">Source link <\/a><\/p>","protected":false},"excerpt":{"rendered":"<p>Ministros do STF dizem acreditar que Elon Musk n\u00e3o usar\u00e1 seu cargo e influ\u00eancia na Casa Branca, com a posse de Donald Trump, para atuar contra o Supremo ou magistrados&hellip;<\/p>","protected":false},"author":1,"featured_media":94717,"comment_status":"closed","ping_status":"open","sticky":false,"template":"","format":"standard","meta":{"content-type":"","footnotes":""},"categories":[16],"tags":[123,2448,5313,1267],"class_list":["post-94716","post","type-post","status-publish","format-standard","has-post-thumbnail","hentry","category-noticias","tag-brasil","tag-diario","tag-noticia","tag-noticias"],"_links":{"self":[{"href":"https:\/\/tvbrazilusa.com\/pt\/wp-json\/wp\/v2\/posts\/94716","targetHints":{"allow":["GET"]}}],"collection":[{"href":"https:\/\/tvbrazilusa.com\/pt\/wp-json\/wp\/v2\/posts"}],"about":[{"href":"https:\/\/tvbrazilusa.com\/pt\/wp-json\/wp\/v2\/types\/post"}],"author":[{"embeddable":true,"href":"https:\/\/tvbrazilusa.com\/pt\/wp-json\/wp\/v2\/users\/1"}],"replies":[{"embeddable":true,"href":"https:\/\/tvbrazilusa.com\/pt\/wp-json\/wp\/v2\/comments?post=94716"}],"version-history":[{"count":1,"href":"https:\/\/tvbrazilusa.com\/pt\/wp-json\/wp\/v2\/posts\/94716\/revisions"}],"predecessor-version":[{"id":94718,"href":"https:\/\/tvbrazilusa.com\/pt\/wp-json\/wp\/v2\/posts\/94716\/revisions\/94718"}],"wp:featuredmedia":[{"embeddable":true,"href":"https:\/\/tvbrazilusa.com\/pt\/wp-json\/wp\/v2\/media\/94717"}],"wp:attachment":[{"href":"https:\/\/tvbrazilusa.com\/pt\/wp-json\/wp\/v2\/media?parent=94716"}],"wp:term":[{"taxonomy":"category","embeddable":true,"href":"https:\/\/tvbrazilusa.com\/pt\/wp-json\/wp\/v2\/categories?post=94716"},{"taxonomy":"post_tag","embeddable":true,"href":"https:\/\/tvbrazilusa.com\/pt\/wp-json\/wp\/v2\/tags?post=94716"}],"curies":[{"name":"wp","href":"https:\/\/api.w.org\/{rel}","templated":true}]}}