{"id":94719,"date":"2025-01-22T22:02:41","date_gmt":"2025-01-22T22:02:41","guid":{"rendered":"https:\/\/tvbrazilusa.com\/2025\/01\/22\/baalke-e-afastado-como-gm-do-jaguars-enquanto-a-busca-por-um-novo-treinador-vacila-jacksonville-hoje\/"},"modified":"2025-01-22T22:11:58","modified_gmt":"2025-01-22T22:11:58","slug":"baalke-e-afastado-como-gm-do-jaguars-enquanto-a-busca-por-um-novo-treinador-vacila-jacksonville-hoje","status":"publish","type":"post","link":"https:\/\/tvbrazilusa.com\/pt\/2025\/01\/22\/baalke-e-afastado-como-gm-do-jaguars-enquanto-a-busca-por-um-novo-treinador-vacila-jacksonville-hoje\/","title":{"rendered":"Baalke \u00e9 afastado como GM do Jaguars enquanto a busca por um novo treinador vacila | Jacksonville hoje"},"content":{"rendered":"<p> <script async src=\"https:\/\/pagead2.googlesyndication.com\/pagead\/js\/adsbygoogle.js?client=ca-pub-8864793242727901\"\r\n     crossorigin=\"anonymous\"><\/script><br \/>\n<\/p>\n<div>\n<p>Trent Baalke deixou o cargo de gerente geral do Jacksonville Jaguars, poucas semanas depois que o propriet\u00e1rio Shad Khan decidiu mant\u00ea-lo no cargo.<\/p>\n<p>A sa\u00edda de Baalke ocorre pouco mais de um m\u00eas depois <a href=\"https:\/\/jaxtoday.org\/2025\/01\/06\/doug-pederson-fired-jaguars\/\">Khan demitiu o t\u00e9cnico Doug Pederson<\/a> depois de uma temporada de 4-13. Os Jaguars tiveram um recorde de 25-43 durante os quatro anos de mandato de Baalke, e ele se tornou objeto de desprezo dos torcedores por causa de sua escolha de jogadores e treinadores.<\/p>\n<p>Os Jaguars tamb\u00e9m perderam poss\u00edveis treinadores nas \u00faltimas semanas, j\u00e1 que v\u00e1rios candidatos importantes assinaram outros lugares.<\/p>\n<p>A declara\u00e7\u00e3o de Khan disse que a decis\u00e3o da sa\u00edda de Baalke ocorreu ap\u00f3s v\u00e1rias discuss\u00f5es entre os dois esta semana. Ambos chegaram \u00e0 conclus\u00e3o de que era \u201cdo nosso interesse m\u00fatuo separar-nos respeitosamente, com efeito imediato\u201d, disse Khan.<\/p>\n<p>\u201cTrent nos deixa com meu mais profundo agradecimento por seus esfor\u00e7os nas \u00faltimas cinco temporadas\u201d, disse o comunicado de Khan. \u201cEstou profundamente comprometido em construir um vencedor aqui em Jacksonville e estou ansioso para apresentar um novo treinador que far\u00e1 isso acontecer tanto para nossos jogadores quanto para nossos f\u00e3s.\u201d<\/p>\n<p>Ethan Waugh passa de gerente geral assistente a GM interino enquanto a equipe continua o processo de entrevistar candidatos para atuar como treinador principal.<\/p>\n<h3 class=\"wp-block-heading\">Em defesa de Baalque<\/h3>\n<p>Khan n\u00e3o descartou a demiss\u00e3o de Baalke no in\u00edcio deste m\u00eas, depois de demitir Pederson. Durante uma entrevista coletiva em 6 de janeiro, Khan disse que se manter Baalke fosse um obst\u00e1culo para um candidato a treinador, ele exploraria uma mudan\u00e7a nessa posi\u00e7\u00e3o.<\/p>\n<p>\u201cSe eles tiverem reservas, quero abord\u00e1-los de forma honesta e aberta, OK, porque nosso objetivo \u00e9 que eles tenham sucesso\u201d, disse Khan na \u00e9poca. \u201cO que temos que dar a eles para terem sucesso? E medo, no\u00e7\u00f5es preconcebidas, seja o que for que possa inibir o desempenho correto. Mas se eles precisam de alguma coisa, obviamente queremos ouvir e queremos melhorar. Quer dizer, sei que podemos melhorar.\u201d<\/p>\n<p>Mas a certa altura, ele pareceu defender Baalke e sua escolha de jogadores.<\/p>\n<p>\u201cNo geral, acho que \u00e9 muito bom\u201d, disse Khan. \u201cQuero dizer, foi um esfor\u00e7o colaborativo \u2013 quais s\u00e3o os esquemas, que tipo de atores precisamos? E voc\u00ea sabe, algumas coisas n\u00e3o deram certo. Simplesmente n\u00e3o \u00e9 uma pessoa.\u201d<\/p>\n<p>Na mesma entrevista coletiva, Baalke foi questionado se ele estava decepcionado com a forma como o time jogou nesta temporada, considerando as grandes expectativas.<\/p>\n<p>\u201cN\u00e3o sei se surpresa \u00e9 a palavra certa. Em \u00faltima an\u00e1lise, essa n\u00e3o \u00e9 minha decis\u00e3o. Essa \u00e9 a decis\u00e3o de propriedade\u201d, disse Balke. \u201cEu certamente respeito a decis\u00e3o que foi tomada (de demitir o Pederson). E n\u00e3o aceite o trabalho levianamente.<\/p>\n<p>\u201cSabe, o fato real, o resultado final, \u00e9 que n\u00e3o fomos produtivos em campo. N\u00e3o ganh\u00e1mos jogos suficientes e n\u00e3o me esquivo disso. Sou t\u00e3o respons\u00e1vel quanto qualquer outra pessoa. E voc\u00ea sabe, tudo o que podemos fazer agora \u00e9 arrega\u00e7ar as mangas e trabalhar.\u201d<\/p>\n<h3 class=\"wp-block-heading\">A busca do coaching<\/h3>\n<p>A demiss\u00e3o de Baalke ocorre em um momento em que a busca por um novo treinador est\u00e1 vacilante, j\u00e1 que tr\u00eas candidatos optaram por ir para outro lugar.<\/p>\n<p>O coordenador ofensivo dos Buccaneers, Liam Coen, decidiu na quarta-feira permanecer no Tampa Bay depois de conseguir um novo contrato, poucas horas antes de Khan demitir Baalke.<\/p>\n<p>Coen era o favorito para liderar o Jaguars depois que o coordenador ofensivo do Detroit Lions, Ben Johnson, aceitou o cargo de treinador principal do Bears e um terceiro candidato, o coordenador defensivo do Detroit Aaron Glenn, foi contratado como treinador principal do New York Jets.<\/p>\n<p>Os Jaguares dizem que <a href=\"https:\/\/www.jaguars.com\/news\/k000132-jaguars-2025-head-coach-tracker\" rel=\"nofollow noopener\" target=\"_blank\">conduziu entrevistas iniciais<\/a> com 10 candidatos. O ex-t\u00e9cnico dos Jets, Robert Saleh, e o coordenador defensivo dos Raiders, Patrick Graham, est\u00e3o entre os principais candidatos que permanecem.<\/p>\n<\/div>\n<p><br \/>\n<br \/><a href=\"https:\/\/jaxtoday.org\/2025\/01\/22\/baalke-out-jaguars-gm\/\">Source link <\/a><\/p>","protected":false},"excerpt":{"rendered":"<p>Trent Baalke deixou o cargo de gerente geral do Jacksonville Jaguars, poucas semanas depois que o propriet\u00e1rio Shad Khan decidiu mant\u00ea-lo no cargo. A sa\u00edda de Baalke ocorre pouco mais&hellip;<\/p>","protected":false},"author":1,"featured_media":94720,"comment_status":"closed","ping_status":"open","sticky":false,"template":"","format":"standard","meta":{"content-type":"","footnotes":""},"categories":[1],"tags":[],"class_list":["post-94719","post","type-post","status-publish","format-standard","has-post-thumbnail","hentry","category-uncategorized"],"_links":{"self":[{"href":"https:\/\/tvbrazilusa.com\/pt\/wp-json\/wp\/v2\/posts\/94719","targetHints":{"allow":["GET"]}}],"collection":[{"href":"https:\/\/tvbrazilusa.com\/pt\/wp-json\/wp\/v2\/posts"}],"about":[{"href":"https:\/\/tvbrazilusa.com\/pt\/wp-json\/wp\/v2\/types\/post"}],"author":[{"embeddable":true,"href":"https:\/\/tvbrazilusa.com\/pt\/wp-json\/wp\/v2\/users\/1"}],"replies":[{"embeddable":true,"href":"https:\/\/tvbrazilusa.com\/pt\/wp-json\/wp\/v2\/comments?post=94719"}],"version-history":[{"count":1,"href":"https:\/\/tvbrazilusa.com\/pt\/wp-json\/wp\/v2\/posts\/94719\/revisions"}],"predecessor-version":[{"id":94721,"href":"https:\/\/tvbrazilusa.com\/pt\/wp-json\/wp\/v2\/posts\/94719\/revisions\/94721"}],"wp:featuredmedia":[{"embeddable":true,"href":"https:\/\/tvbrazilusa.com\/pt\/wp-json\/wp\/v2\/media\/94720"}],"wp:attachment":[{"href":"https:\/\/tvbrazilusa.com\/pt\/wp-json\/wp\/v2\/media?parent=94719"}],"wp:term":[{"taxonomy":"category","embeddable":true,"href":"https:\/\/tvbrazilusa.com\/pt\/wp-json\/wp\/v2\/categories?post=94719"},{"taxonomy":"post_tag","embeddable":true,"href":"https:\/\/tvbrazilusa.com\/pt\/wp-json\/wp\/v2\/tags?post=94719"}],"curies":[{"name":"wp","href":"https:\/\/api.w.org\/{rel}","templated":true}]}}