{"id":94722,"date":"2025-01-22T22:20:11","date_gmt":"2025-01-22T22:20:11","guid":{"rendered":"https:\/\/tvbrazilusa.com\/2025\/01\/22\/trump-bloqueia-300-bilhoes-de-acoes-ambientais-e-manda-para-infraestrutura\/"},"modified":"2025-01-22T22:20:13","modified_gmt":"2025-01-22T22:20:13","slug":"trump-bloqueia-300-bilhoes-de-acoes-ambientais-e-manda-para-infraestrutura","status":"publish","type":"post","link":"https:\/\/tvbrazilusa.com\/pt\/2025\/01\/22\/trump-bloqueia-300-bilhoes-de-acoes-ambientais-e-manda-para-infraestrutura\/","title":{"rendered":"Trump bloqueia 300 bilh\u00f5es de a\u00e7\u00f5es ambientais e manda para infraestrutura"},"content":{"rendered":"<p> <script async src=\"https:\/\/pagead2.googlesyndication.com\/pagead\/js\/adsbygoogle.js?client=ca-pub-8864793242727901\"\r\n     crossorigin=\"anonymous\"><\/script><br \/>\n<\/p>\n<div>\n<figure class=\"post-image\">\n<\/figure>\n<p>            <span style=\"font-size: 12px\"> Foto: Aaron Schwartz\/Sipa\/Bloomberg<\/span><\/p>\n<p>            <!-- end metas --><br \/>\n            <!-- ADS --><\/p>\n<div id=\"taboola-read-more\" style=\"display:block; width:100%\">\n<p>A\u00e7\u00f5es do presidente dos EUA, Donald Trump, para cortar o financiamento de projetos ligados a gera\u00e7\u00e3o de energia sustent\u00e1vel podem congelar at\u00e9 US$ 300 bilh\u00f5es em recursos, a maioria com destina\u00e7\u00e3o j\u00e1 definida, segundo levantamento do \u201cFinancial Times\u201d (FT).\n<\/p>\n<p>Horas ap\u00f3s tomar posse, Trump assinou uma s\u00e9rie de ordens executivas que revertem pol\u00edticas adotadas no governo de Joe Biden para incrementar a gera\u00e7\u00e3o de energia verde nos EUA, em especial, dois pacotes de subs\u00eddios que destinavam US$ 1,2 trilh\u00e3o para a melhora do sistema de transporte americano e US$ 370 bilh\u00f5es em cr\u00e9ditos fiscais, subs\u00eddios e empr\u00e9stimos para projetos sustent\u00e1veis.<\/p>\n<p>Os pacotes garantiram a expans\u00e3o do programa de empr\u00e9stimos do Departamento de Energia, respons\u00e1vel por distribuir US$ 400 bilh\u00f5es a empresas com projetos nos EUA.\n<\/p>\n<p>A decis\u00e3o de Trump ir\u00e1 impedir o envio de quase US$ 50 bilh\u00f5es em empr\u00e9stimos do Departamento de Energia j\u00e1 aprovados e outros US$ 280 bilh\u00f5es em solicita\u00e7\u00f5es de empr\u00e9stimos em an\u00e1lise, de acordo com o \u201cFT\u201d.\n<\/p>\n<p>Fonte: Valor Econ\u00f4mico\n              <\/p>\n<\/div>\n<p>                        <!-- Scripts para conteudo --><\/p>\n<p>            <!-- .\/Scripts para conteudo --><br \/>\n            <!-- .\/Mat\u00e9ria --><\/p>\n<div class=\"row mt-3\">\n<div class=\"col-sm-6\">\n                <!-- Whatsapp channel 3--><br \/>\n                <a href=\"https:\/\/chat.whatsapp.com\/B8Qy6Erx4kb6yTzj3kaDco\" target=\"_blank\"><br \/>\n                  <img decoding=\"async\" src=\"https:\/\/diariodobrasilnoticias.com.br\/assets-site\/images\/bot_whatsapp.png\"\/><\/a>\n              <\/div>\n<div class=\"col-sm-6\">\n                <a href=\"https:\/\/t.me\/+_4gTmi5LKo03OTM5\" target=\"_blank\"><br \/>\n                  <img decoding=\"async\" src=\"https:\/\/diariodobrasilnoticias.com.br\/assets-site\/images\/bot_telegram.png\"\/><\/a>\n              <\/div>\n<\/p><\/div>\n<p>            <!-- end post-navigation --><\/p>\n<p>              <!-- end row --><\/p>\n<p>              <!-- end col-12-->\n                      <\/div>\n<p><br \/>\n<br \/><a href=\"https:\/\/diariodobrasilnoticias.com.br\/noticia\/trump-bloqueia-300-bilhoes-de-acoes-ambientais-e-manda-para-infraestrutura-67914828c95c2\">Source link <\/a><\/p>","protected":false},"excerpt":{"rendered":"<p>Foto: Aaron Schwartz\/Sipa\/Bloomberg A\u00e7\u00f5es do presidente dos EUA, Donald Trump, para cortar o financiamento de projetos ligados a gera\u00e7\u00e3o de energia sustent\u00e1vel podem congelar at\u00e9 US$ 300 bilh\u00f5es em recursos,&hellip;<\/p>","protected":false},"author":1,"featured_media":94723,"comment_status":"closed","ping_status":"open","sticky":false,"template":"","format":"standard","meta":{"content-type":"","footnotes":""},"categories":[16],"tags":[123,2448,5313,1267],"class_list":["post-94722","post","type-post","status-publish","format-standard","has-post-thumbnail","hentry","category-noticias","tag-brasil","tag-diario","tag-noticia","tag-noticias"],"_links":{"self":[{"href":"https:\/\/tvbrazilusa.com\/pt\/wp-json\/wp\/v2\/posts\/94722","targetHints":{"allow":["GET"]}}],"collection":[{"href":"https:\/\/tvbrazilusa.com\/pt\/wp-json\/wp\/v2\/posts"}],"about":[{"href":"https:\/\/tvbrazilusa.com\/pt\/wp-json\/wp\/v2\/types\/post"}],"author":[{"embeddable":true,"href":"https:\/\/tvbrazilusa.com\/pt\/wp-json\/wp\/v2\/users\/1"}],"replies":[{"embeddable":true,"href":"https:\/\/tvbrazilusa.com\/pt\/wp-json\/wp\/v2\/comments?post=94722"}],"version-history":[{"count":1,"href":"https:\/\/tvbrazilusa.com\/pt\/wp-json\/wp\/v2\/posts\/94722\/revisions"}],"predecessor-version":[{"id":94724,"href":"https:\/\/tvbrazilusa.com\/pt\/wp-json\/wp\/v2\/posts\/94722\/revisions\/94724"}],"wp:featuredmedia":[{"embeddable":true,"href":"https:\/\/tvbrazilusa.com\/pt\/wp-json\/wp\/v2\/media\/94723"}],"wp:attachment":[{"href":"https:\/\/tvbrazilusa.com\/pt\/wp-json\/wp\/v2\/media?parent=94722"}],"wp:term":[{"taxonomy":"category","embeddable":true,"href":"https:\/\/tvbrazilusa.com\/pt\/wp-json\/wp\/v2\/categories?post=94722"},{"taxonomy":"post_tag","embeddable":true,"href":"https:\/\/tvbrazilusa.com\/pt\/wp-json\/wp\/v2\/tags?post=94722"}],"curies":[{"name":"wp","href":"https:\/\/api.w.org\/{rel}","templated":true}]}}