{"id":94731,"date":"2025-01-22T22:31:37","date_gmt":"2025-01-22T22:31:37","guid":{"rendered":"https:\/\/tvbrazilusa.com\/2025\/01\/22\/bolsonaro-afirma-que-acorda-diariamente-com-a-sensacao-de-ter-a-pf-a-porta\/"},"modified":"2025-01-22T22:31:38","modified_gmt":"2025-01-22T22:31:38","slug":"bolsonaro-afirma-que-acorda-diariamente-com-a-sensacao-de-ter-a-pf-a-porta","status":"publish","type":"post","link":"https:\/\/tvbrazilusa.com\/pt\/2025\/01\/22\/bolsonaro-afirma-que-acorda-diariamente-com-a-sensacao-de-ter-a-pf-a-porta\/","title":{"rendered":"Bolsonaro afirma que acorda diariamente &#8216;com a sensa\u00e7\u00e3o de ter a PF \u00e0 porta&#8217;"},"content":{"rendered":"<p> <script async src=\"https:\/\/pagead2.googlesyndication.com\/pagead\/js\/adsbygoogle.js?client=ca-pub-8864793242727901\"\r\n     crossorigin=\"anonymous\"><\/script><br \/>\n<\/p>\n<div id=\"taboola-read-more\" style=\"display:block; width:100%\">\n<p>O ex-presidente Jair Bolsonaro (PL) revelou em uma entrevista que acorda todos os dias com a sensa\u00e7\u00e3o de ter a Pol\u00edcia Federal (PF) na porta. O pol\u00edtico mostrou inc\u00f4modo com o avan\u00e7o de uma ofensiva judicial que considera sem raz\u00e3o.\n<\/p>\n<p>\u201cComo \u00e9 que voc\u00ea acha que eu acordo todo dia? Com a sensa\u00e7\u00e3o da PF na porta. Qual acusa\u00e7\u00e3o? N\u00e3o interessa\u201d, afirmou Bolsonaro.<\/p>\n<p>Entenda a situa\u00e7\u00e3o:\n<\/p>\n<p>Bolsonaro n\u00e3o \u00e9 r\u00e9u na Justi\u00e7a, mas foi indiciado pela Pol\u00edcia Federal em tr\u00eas inqu\u00e9ritos. Um apura uma suposta tentativa de golpe de Estado ap\u00f3s a vit\u00f3ria eleitoral de Lula (PT) em 2022; outro apura a falsifica\u00e7\u00e3o de cart\u00f5es de vacina contra a Covid-19 e o \u00faltimo apura a suposta venda ilegal de joias recebidas de presente por ele durante o governo.<br \/>O ex-presidente est\u00e1 com o passaporte apreendido e n\u00e3o foi autorizado pelo ministro Alexandre de Moraes, do Supremo Tribunal Federal (STF), a atender ao convite da equipe de Donald Trump para a posse do republicano nos Estados Unidos.<br \/>Os inqu\u00e9ritos nos quais Bolsonaro foi indiciado est\u00e3o sob an\u00e1lise da Procuradoria-Geral da Rep\u00fablica (PGR), que avalia se vai oferecer den\u00fancia contra ele ao STF. Caso isso aconte\u00e7a, os ministros v\u00e3o decidir se o tornam r\u00e9u e, em caso positivo, v\u00e3o julg\u00e1-lo.<br \/>A declara\u00e7\u00e3o de Bolsonaro sobre a \u201csensa\u00e7\u00e3o da PF na porta\u201d foi dada em uma ao canal AuriVerde Brasil no Youtube, nesta quarta-feira (20\/1).\n<\/p>\n<p>Bolsonaro ainda afirmou que a democracia \u00e9 feita com liberdade de express\u00e3o e que \u00e9 preciso montar uma \u201cgrande bancada de senadores para as elei\u00e7\u00f5es de 2026\u201d para garantir os direitos fundamentais no Brasil. Ele tamb\u00e9m criticou o que chamou de \u201cdireita limpinha\u201d que estaria disputando seu esp\u00f3lio eleitoral.\n<\/p>\n<p>Choro<br \/>O ex-presidente, que tem escolhido o canal Auriverde para se pronunciar, tamb\u00e9m comentou a respeito da emo\u00e7\u00e3o que transpareceu ao se despedir da esposa, Michelle Bolsonaro, no s\u00e1bado (18\/1), quando ela embarcou para os Estados Unidos para participar da posse de Trump.\n<\/p>\n<p>\u201cEla tem personalidade, faz um trabalho discreto. Logicamente, queria estar do lado dela. Por isso, a gente chora. Por que n\u00e3o chora? Ou eu sou uma m\u00e1quina? Eu tenho as minhas fraquezas. Est\u00e1 certo? Queria estar com ela. Infelizmente, n\u00e3o pude estar presente. Ela foi para l\u00e1\u201d, destacou Jair Bolsonaro.\n<\/p>\n<p>Fonte: Metr\u00f3poles              <\/p>\n<\/div>\n<p><br \/>\n<br \/><a href=\"https:\/\/diariodobrasilnoticias.com.br\/noticia\/bolsonaro-afirma-que-acorda-diariamente-com-a-sensacao-de-ter-a-pf-a-porta-67915af5a48c5\">Source link <\/a><\/p>","protected":false},"excerpt":{"rendered":"<p>O ex-presidente Jair Bolsonaro (PL) revelou em uma entrevista que acorda todos os dias com a sensa\u00e7\u00e3o de ter a Pol\u00edcia Federal (PF) na porta. O pol\u00edtico mostrou inc\u00f4modo com&hellip;<\/p>","protected":false},"author":1,"featured_media":94732,"comment_status":"closed","ping_status":"open","sticky":false,"template":"","format":"standard","meta":{"content-type":"","footnotes":""},"categories":[16],"tags":[123,2448,5313,1267],"class_list":["post-94731","post","type-post","status-publish","format-standard","has-post-thumbnail","hentry","category-noticias","tag-brasil","tag-diario","tag-noticia","tag-noticias"],"_links":{"self":[{"href":"https:\/\/tvbrazilusa.com\/pt\/wp-json\/wp\/v2\/posts\/94731","targetHints":{"allow":["GET"]}}],"collection":[{"href":"https:\/\/tvbrazilusa.com\/pt\/wp-json\/wp\/v2\/posts"}],"about":[{"href":"https:\/\/tvbrazilusa.com\/pt\/wp-json\/wp\/v2\/types\/post"}],"author":[{"embeddable":true,"href":"https:\/\/tvbrazilusa.com\/pt\/wp-json\/wp\/v2\/users\/1"}],"replies":[{"embeddable":true,"href":"https:\/\/tvbrazilusa.com\/pt\/wp-json\/wp\/v2\/comments?post=94731"}],"version-history":[{"count":1,"href":"https:\/\/tvbrazilusa.com\/pt\/wp-json\/wp\/v2\/posts\/94731\/revisions"}],"predecessor-version":[{"id":94733,"href":"https:\/\/tvbrazilusa.com\/pt\/wp-json\/wp\/v2\/posts\/94731\/revisions\/94733"}],"wp:featuredmedia":[{"embeddable":true,"href":"https:\/\/tvbrazilusa.com\/pt\/wp-json\/wp\/v2\/media\/94732"}],"wp:attachment":[{"href":"https:\/\/tvbrazilusa.com\/pt\/wp-json\/wp\/v2\/media?parent=94731"}],"wp:term":[{"taxonomy":"category","embeddable":true,"href":"https:\/\/tvbrazilusa.com\/pt\/wp-json\/wp\/v2\/categories?post=94731"},{"taxonomy":"post_tag","embeddable":true,"href":"https:\/\/tvbrazilusa.com\/pt\/wp-json\/wp\/v2\/tags?post=94731"}],"curies":[{"name":"wp","href":"https:\/\/api.w.org\/{rel}","templated":true}]}}