{"id":94803,"date":"2025-01-23T01:33:16","date_gmt":"2025-01-23T01:33:16","guid":{"rendered":"https:\/\/tvbrazilusa.com\/2025\/01\/23\/stf-planeja-gastar-r-84-milhoes-para-reforcar-a-seguranca\/"},"modified":"2025-01-23T01:33:18","modified_gmt":"2025-01-23T01:33:18","slug":"stf-planeja-gastar-r-84-milhoes-para-reforcar-a-seguranca","status":"publish","type":"post","link":"https:\/\/tvbrazilusa.com\/pt\/2025\/01\/23\/stf-planeja-gastar-r-84-milhoes-para-reforcar-a-seguranca\/","title":{"rendered":"STF planeja gastar R$ 84 milh\u00f5es para refor\u00e7ar a seguran\u00e7a"},"content":{"rendered":"<p> <script async src=\"https:\/\/pagead2.googlesyndication.com\/pagead\/js\/adsbygoogle.js?client=ca-pub-8864793242727901\"\r\n     crossorigin=\"anonymous\"><\/script><br \/>\n<\/p>\n<div id=\"taboola-read-more\" style=\"display:block; width:100%\">\n<p>O Supremo Tribunal Federal (STF) definiu a empresa privada respons\u00e1vel por refor\u00e7ar a seguran\u00e7a dos ministros a partir do dia 1\u00ba de fevereiro.\n<\/p>\n<p>A empresa Esparta, vencedora da licita\u00e7\u00e3o, receber\u00e1 R$ 83,9 milh\u00f5es de reais em dois anos. O valor \u00e9 inferior ao investimento m\u00e1ximo de R$ 101 milh\u00f5es publicado no edital em 13 de janeiro.<\/p>\n<p>O Supremo Tribunal Federal (STF) definiu a empresa privada respons\u00e1vel por refor\u00e7ar a seguran\u00e7a dos ministros a partir do dia 1\u00ba de fevereiro.\n<\/p>\n<p>A empresa Esparta, vencedora da licita\u00e7\u00e3o, receber\u00e1 R$ 83,9 milh\u00f5es de reais em dois anos. O valor \u00e9 inferior ao investimento m\u00e1ximo de R$ 101 milh\u00f5es publicado no edital em 13 de janeiro.\n<\/p>\n<p>De acordo com a Corte, existem cinco contratos em vigor com outras empresas de seguran\u00e7a privada para a prote\u00e7\u00e3o dos ministros. O custo \u00e9 de aproximadamente R$ 78,7 milh\u00f5es no total de 24 meses.\n<\/p>\n<p>O contrato atualizado prev\u00ea a unifica\u00e7\u00e3o do servi\u00e7o de seguran\u00e7a;\n<\/p>\n<p>\u201cO novo edital visa unificar os contratos e facilitar a presta\u00e7\u00e3o do servi\u00e7o. O edital tinha previs\u00e3o de gasto de R$ 50 milh\u00f5es ao ano \u2014 R$ 100 milh\u00f5es por dois anos \u2014, mas ap\u00f3s a licita\u00e7\u00e3o \u2014 que prev\u00ea o menor pre\u00e7o \u2014 a contrata\u00e7\u00e3o foi definida em R$ 84 milh\u00f5es por dois anos, ou seja, o mesmo patamar dos cinco contratos vigentes, enviou o STF ao jornal O Globo.\n<\/p>\n<p>Os funcion\u00e1rios v\u00e3o atuar em quatro estados do pa\u00eds: Distrito Federal, Paran\u00e1, Rio de Janeiro e S\u00e3o Paulo.\n<\/p>\n<p>Al\u00e9m disso, os seguran\u00e7as devem acompanhar os ministros em viagens dom\u00e9sticas e internacionais.\n<\/p>\n<p>Do total de 230 profissionais a serem contratados, 60 ser\u00e3o motoristas. O restante ser\u00e1 respons\u00e1vel pela seguran\u00e7a privada dos ministros.\n<\/p>\n<p>No edital, h\u00e1 uma lista de equipamentos de defesa pessoal, entre eles 60 coletes \u00e1 prova de balas e pistolas calibre 380.\n<\/p>\n<p>De acordo com o documento, a remunera\u00e7\u00e3o mensal dos profissionais varia de R$ 3 mil a R$ 7 mil.\n<\/p>\n<p>Fonte: O Antagonista              <\/p>\n<\/div>\n<p><br \/>\n<br \/><a href=\"https:\/\/diariodobrasilnoticias.com.br\/noticia\/stf-planeja-gastar-r-84-milhoes-para-reforcar-a-seguranca-679173ace8e72\">Source link <\/a><\/p>","protected":false},"excerpt":{"rendered":"<p>O Supremo Tribunal Federal (STF) definiu a empresa privada respons\u00e1vel por refor\u00e7ar a seguran\u00e7a dos ministros a partir do dia 1\u00ba de fevereiro. A empresa Esparta, vencedora da licita\u00e7\u00e3o, receber\u00e1&hellip;<\/p>","protected":false},"author":1,"featured_media":94804,"comment_status":"closed","ping_status":"open","sticky":false,"template":"","format":"standard","meta":{"content-type":"","footnotes":""},"categories":[16],"tags":[123,2448,5313,1267],"class_list":["post-94803","post","type-post","status-publish","format-standard","has-post-thumbnail","hentry","category-noticias","tag-brasil","tag-diario","tag-noticia","tag-noticias"],"_links":{"self":[{"href":"https:\/\/tvbrazilusa.com\/pt\/wp-json\/wp\/v2\/posts\/94803","targetHints":{"allow":["GET"]}}],"collection":[{"href":"https:\/\/tvbrazilusa.com\/pt\/wp-json\/wp\/v2\/posts"}],"about":[{"href":"https:\/\/tvbrazilusa.com\/pt\/wp-json\/wp\/v2\/types\/post"}],"author":[{"embeddable":true,"href":"https:\/\/tvbrazilusa.com\/pt\/wp-json\/wp\/v2\/users\/1"}],"replies":[{"embeddable":true,"href":"https:\/\/tvbrazilusa.com\/pt\/wp-json\/wp\/v2\/comments?post=94803"}],"version-history":[{"count":1,"href":"https:\/\/tvbrazilusa.com\/pt\/wp-json\/wp\/v2\/posts\/94803\/revisions"}],"predecessor-version":[{"id":94805,"href":"https:\/\/tvbrazilusa.com\/pt\/wp-json\/wp\/v2\/posts\/94803\/revisions\/94805"}],"wp:featuredmedia":[{"embeddable":true,"href":"https:\/\/tvbrazilusa.com\/pt\/wp-json\/wp\/v2\/media\/94804"}],"wp:attachment":[{"href":"https:\/\/tvbrazilusa.com\/pt\/wp-json\/wp\/v2\/media?parent=94803"}],"wp:term":[{"taxonomy":"category","embeddable":true,"href":"https:\/\/tvbrazilusa.com\/pt\/wp-json\/wp\/v2\/categories?post=94803"},{"taxonomy":"post_tag","embeddable":true,"href":"https:\/\/tvbrazilusa.com\/pt\/wp-json\/wp\/v2\/tags?post=94803"}],"curies":[{"name":"wp","href":"https:\/\/api.w.org\/{rel}","templated":true}]}}