{"id":94821,"date":"2025-01-23T02:25:17","date_gmt":"2025-01-23T02:25:17","guid":{"rendered":"https:\/\/tvbrazilusa.com\/2025\/01\/23\/dolar-cai-e-fecha-abaixo-de-r-6-pela-1a-vez-desde-dezembro-bolsa-recua\/"},"modified":"2025-01-23T02:25:19","modified_gmt":"2025-01-23T02:25:19","slug":"dolar-cai-e-fecha-abaixo-de-r-6-pela-1a-vez-desde-dezembro-bolsa-recua","status":"publish","type":"post","link":"https:\/\/tvbrazilusa.com\/pt\/2025\/01\/23\/dolar-cai-e-fecha-abaixo-de-r-6-pela-1a-vez-desde-dezembro-bolsa-recua\/","title":{"rendered":"D\u00f3lar cai e fecha abaixo de R$ 6 pela 1\u00aa vez desde dezembro; bolsa recua"},"content":{"rendered":"<p> <script async src=\"https:\/\/pagead2.googlesyndication.com\/pagead\/js\/adsbygoogle.js?client=ca-pub-8864793242727901\"\r\n     crossorigin=\"anonymous\"><\/script><br \/>\n<\/p>\n<div id=\"taboola-read-more\" style=\"display:block; width:100%\">\n<p>O d\u00f3lar encerrou em forte queda nesta quarta-feira (22) e se afastou do patamar de R$ 6 com mercados em todo o mundo acompanhando as medidas tarif\u00e1rias apresentadas pelo presidente dos Estados Unidos, Donald Trump.\n<\/p>\n<p>A divisa norte-americana encerrou a sess\u00e3o com recuo de 1,41%, negociada a R$ 5,946, no menor patamar desde 27 de novembro, quando a moeda encerrou em R$ 5,914.<\/p>\n<p>O d\u00f3lar se mant\u00e9m majoritariamente acima de R$ 6 desde o fim de novembro do ano passado, com o recrudescimento do temor do mercado com as contas p\u00fablicas do governo federal.\n<\/p>\n<p>A \u00faltima vez que a divisa encerrou abaixo da marca de R$ 6 foi em 11 de dezembro, a R$ 5,959.\n<\/p>\n<p>Ignorando o clima positivo nos principais mercados internacionais, o Ibovespa operou a maior parte da sess\u00e3o pr\u00f3ximo da estabilidade. O principal \u00edndice do mercado dom\u00e9stico encerrou em queda de 0,30%, a 122.971,77 pontos.\n<\/p>\n<p>Na ter\u00e7a-feira (21), o d\u00f3lar \u00e0 vista fechou em leve queda de 0,18%, a R$ 6,031.\n<\/p>\n<p>O d\u00f3lar se mant\u00e9m majoritariamente acima de R$ 6 desde o fim de novembro do ano passado, com o recrudescimento do temor do mercado com as contas p\u00fablicas do governo federal.\n<\/p>\n<p>A \u00faltima vez que a divisa encerrou abaixo da marca de R$ 6 foi em 11 de dezembro, a R$ 5,959.\n<\/p>\n<p>Trump e tarifas<br \/>Mercados em todo o mundo acompanham os primeiros passos de Trump de volta \u00e0 Casa Branca.\n<\/p>\n<p>Na v\u00e9spera, o republicano afirmou que seu governo est\u00e1 discutindo a imposi\u00e7\u00e3o, a partir de fevereiro, de uma tarifa de 10% sobre os produtos importados da China.\n<\/p>\n<p>Al\u00e9m disso, ele citou barreiras para produtos da Uni\u00e3o Europeia, Canad\u00e1 e M\u00e9xico.\n<\/p>\n<p>Mais cedo, a presidente do Banco Central Europeu, Christine Lagarde, afirmou que objetivo de Trump de fomentar a manufatura no pa\u00eds por meio do aumento de barreiras comerciais \u00e9 uma abordagem question\u00e1vel, uma vez que a economia j\u00e1 est\u00e1 funcionando perto de sua capacidade.\n<\/p>\n<p>Apesar de renovar suas amea\u00e7as tarif\u00e1rias nos primeiros dias do cargo, Trump apenas orientou at\u00e9 agora as ag\u00eancias federais a investigarem os d\u00e9ficits comerciais dos EUA e as pr\u00e1ticas comerciais injustas de parceiros.\n<\/p>\n<p>\u201cEssa abordagem do governo Trump, de primeiro amea\u00e7ar para depois estudar se realmente vai ser implantada alguma tarifa sobre as outras economias, tem levado a um movimento de enfraquecimento global do d\u00f3lar\u201d, disse Leonel Mattos, analista de Intelig\u00eancia de Mercado da StoneX.\n<\/p>\n<p>\u201cVisto o que se antecipava, o receio era de que ele teria uma postura agressiva j\u00e1 no seu primeiro dia de mandato\u201d, completou.\n<\/p>\n<p>Fonte: CNN Brasil              <\/p>\n<\/div>\n<p><br \/>\n<br \/><a href=\"https:\/\/diariodobrasilnoticias.com.br\/noticia\/dolar-cai-e-fecha-abaixo-de-r-6-pela-1-vez-desde-dezembro-bolsa-recua-6791844312e7e\">Source link <\/a><\/p>","protected":false},"excerpt":{"rendered":"<p>O d\u00f3lar encerrou em forte queda nesta quarta-feira (22) e se afastou do patamar de R$ 6 com mercados em todo o mundo acompanhando as medidas tarif\u00e1rias apresentadas pelo presidente&hellip;<\/p>","protected":false},"author":1,"featured_media":94822,"comment_status":"closed","ping_status":"open","sticky":false,"template":"","format":"standard","meta":{"content-type":"","footnotes":""},"categories":[16],"tags":[123,2448,5313,1267],"class_list":["post-94821","post","type-post","status-publish","format-standard","has-post-thumbnail","hentry","category-noticias","tag-brasil","tag-diario","tag-noticia","tag-noticias"],"_links":{"self":[{"href":"https:\/\/tvbrazilusa.com\/pt\/wp-json\/wp\/v2\/posts\/94821","targetHints":{"allow":["GET"]}}],"collection":[{"href":"https:\/\/tvbrazilusa.com\/pt\/wp-json\/wp\/v2\/posts"}],"about":[{"href":"https:\/\/tvbrazilusa.com\/pt\/wp-json\/wp\/v2\/types\/post"}],"author":[{"embeddable":true,"href":"https:\/\/tvbrazilusa.com\/pt\/wp-json\/wp\/v2\/users\/1"}],"replies":[{"embeddable":true,"href":"https:\/\/tvbrazilusa.com\/pt\/wp-json\/wp\/v2\/comments?post=94821"}],"version-history":[{"count":1,"href":"https:\/\/tvbrazilusa.com\/pt\/wp-json\/wp\/v2\/posts\/94821\/revisions"}],"predecessor-version":[{"id":94823,"href":"https:\/\/tvbrazilusa.com\/pt\/wp-json\/wp\/v2\/posts\/94821\/revisions\/94823"}],"wp:featuredmedia":[{"embeddable":true,"href":"https:\/\/tvbrazilusa.com\/pt\/wp-json\/wp\/v2\/media\/94822"}],"wp:attachment":[{"href":"https:\/\/tvbrazilusa.com\/pt\/wp-json\/wp\/v2\/media?parent=94821"}],"wp:term":[{"taxonomy":"category","embeddable":true,"href":"https:\/\/tvbrazilusa.com\/pt\/wp-json\/wp\/v2\/categories?post=94821"},{"taxonomy":"post_tag","embeddable":true,"href":"https:\/\/tvbrazilusa.com\/pt\/wp-json\/wp\/v2\/tags?post=94821"}],"curies":[{"name":"wp","href":"https:\/\/api.w.org\/{rel}","templated":true}]}}