{"id":94843,"date":"2025-01-23T10:09:43","date_gmt":"2025-01-23T10:09:43","guid":{"rendered":"https:\/\/tvbrazilusa.com\/2025\/01\/23\/globo-exibe-graficos-invertidos-para-falar-sobre-queimadas-no-brasil-veja-video\/"},"modified":"2025-01-23T10:09:45","modified_gmt":"2025-01-23T10:09:45","slug":"globo-exibe-graficos-invertidos-para-falar-sobre-queimadas-no-brasil-veja-video","status":"publish","type":"post","link":"https:\/\/tvbrazilusa.com\/pt\/2025\/01\/23\/globo-exibe-graficos-invertidos-para-falar-sobre-queimadas-no-brasil-veja-video\/","title":{"rendered":"Globo exibe gr\u00e1ficos invertidos para falar sobre queimadas no Brasil; VEJA V\u00cdDEO"},"content":{"rendered":"<p> <script async src=\"https:\/\/pagead2.googlesyndication.com\/pagead\/js\/adsbygoogle.js?client=ca-pub-8864793242727901\"\r\n     crossorigin=\"anonymous\"><\/script><br \/>\n<\/p>\n<div id=\"taboola-read-more\" style=\"display:block; width:100%\">\n<p>Hoje, o site MapBiomas divulgou os dados oficiais sobre as queimadas no Brasil.<\/p>\n<p>Ao noticiar os n\u00fameros, a Globo exibiu um gr\u00e1fico montado pela emissora que mostra as informa\u00e7\u00f5es de forma at\u00edpica.<\/p>\n<p>A imagem come\u00e7a pelo ano mais recente indo at\u00e9 o mais antigo.<\/p>\n<p>Coment\u00e1rios no X apontaram que essa poderia ser uma forma de parecer que os n\u00fameros estariam diminuindo:<\/p>\n<p>&#8220;As barras do gr\u00e1fico forma decrescente para dar a impress\u00e3o de que est\u00e1 diminuindo, nos olhos de quem v\u00ea de maneira r\u00e1pida?&#8221;, disse Fernando A. Casali.<\/p>\n<p>A emissora, at\u00e9 o momento, mant\u00e9m a postagem no ar e n\u00e3o se pronunciou sobre o caso.\n<\/p>\n<p><strong>ASSISTA:<\/strong><\/p>\n<p>Fonte: @brasilparalelo \/ Instagram              <\/p>\n<\/div>\n<p><br \/>\n<br \/><a href=\"https:\/\/diariodobrasilnoticias.com.br\/noticia\/globo-exibe-graficos-invertidos-para-falar-sobre-queimadas-no-brasil-veja-video-679175e874a6d\">Source link <\/a><\/p>","protected":false},"excerpt":{"rendered":"<p>Hoje, o site MapBiomas divulgou os dados oficiais sobre as queimadas no Brasil. Ao noticiar os n\u00fameros, a Globo exibiu um gr\u00e1fico montado pela emissora que mostra as informa\u00e7\u00f5es de&hellip;<\/p>","protected":false},"author":1,"featured_media":94844,"comment_status":"closed","ping_status":"open","sticky":false,"template":"","format":"standard","meta":{"content-type":"","footnotes":""},"categories":[16],"tags":[123,2448,5313,1267],"class_list":["post-94843","post","type-post","status-publish","format-standard","has-post-thumbnail","hentry","category-noticias","tag-brasil","tag-diario","tag-noticia","tag-noticias"],"_links":{"self":[{"href":"https:\/\/tvbrazilusa.com\/pt\/wp-json\/wp\/v2\/posts\/94843","targetHints":{"allow":["GET"]}}],"collection":[{"href":"https:\/\/tvbrazilusa.com\/pt\/wp-json\/wp\/v2\/posts"}],"about":[{"href":"https:\/\/tvbrazilusa.com\/pt\/wp-json\/wp\/v2\/types\/post"}],"author":[{"embeddable":true,"href":"https:\/\/tvbrazilusa.com\/pt\/wp-json\/wp\/v2\/users\/1"}],"replies":[{"embeddable":true,"href":"https:\/\/tvbrazilusa.com\/pt\/wp-json\/wp\/v2\/comments?post=94843"}],"version-history":[{"count":1,"href":"https:\/\/tvbrazilusa.com\/pt\/wp-json\/wp\/v2\/posts\/94843\/revisions"}],"predecessor-version":[{"id":94845,"href":"https:\/\/tvbrazilusa.com\/pt\/wp-json\/wp\/v2\/posts\/94843\/revisions\/94845"}],"wp:featuredmedia":[{"embeddable":true,"href":"https:\/\/tvbrazilusa.com\/pt\/wp-json\/wp\/v2\/media\/94844"}],"wp:attachment":[{"href":"https:\/\/tvbrazilusa.com\/pt\/wp-json\/wp\/v2\/media?parent=94843"}],"wp:term":[{"taxonomy":"category","embeddable":true,"href":"https:\/\/tvbrazilusa.com\/pt\/wp-json\/wp\/v2\/categories?post=94843"},{"taxonomy":"post_tag","embeddable":true,"href":"https:\/\/tvbrazilusa.com\/pt\/wp-json\/wp\/v2\/tags?post=94843"}],"curies":[{"name":"wp","href":"https:\/\/api.w.org\/{rel}","templated":true}]}}